{"id":12,"date":"2024-01-02T17:42:08","date_gmt":"2024-01-02T17:42:08","guid":{"rendered":"http:\/\/habitacionpropia.mx\/index.php\/2024\/01\/02\/proyecto-periodistico-independiente-visibilizando-luchas-con-perspectiva-de-justicia-social-y-dignidad\/"},"modified":"2024-01-16T00:04:50","modified_gmt":"2024-01-16T00:04:50","slug":"que-es-habitacion-propia","status":"publish","type":"post","link":"https:\/\/habitacionpropia.mx\/index.php\/2024\/01\/02\/que-es-habitacion-propia\/","title":{"rendered":"\u00bfQu\u00e9 es Habitaci\u00f3n Propia?"},"content":{"rendered":"\n<p>Habitaci\u00f3n Propia, para m\u00ed, es una forma de cumplir mi sue\u00f1o de ser periodista sin que nadie elimine mis esfuerzos por el reconocimiento a la diversidad, la igualdad y equidad; pero, al mismo tiempo, poder crear un espacio que se convierta en colectivo, en donde ustedes no solo lean, sino tambi\u00e9n puedan comparti(se) si as\u00ed lo desean.<\/p>\n\n\n\n<blockquote class=\"wp-block-quote is-layout-flow wp-block-quote-is-layout-flow\">\n<p>&#8220;Crear un lugar donde convergen historias, experiencias y la pasi\u00f3n por el cambio. Redefinir el periodismo, donde la empat\u00eda y la autenticidad son nuestras gu\u00edas; nombr\u00e1ndolo <em>periodismo de luchas<\/em>&#8220;.<\/p>\n<\/blockquote>\n\n\n\n<p>Desde mi perspectiva, es necesario contar con medios de comunicaci\u00f3n independientes, que nutran sus propias agendas sin que convenios pol\u00edticos frenen lo que quieren decir; y aunque existen ya medios como <a href=\"https:\/\/disidentemx.com\/\" title=\"\">Disidente<\/a>, <a href=\"https:\/\/ventanasrotas.com\/\" title=\"Ventanas Rotas\">Ventanas Rotas<\/a>, <a href=\"https:\/\/www.memoriasdenomada.com\/\" title=\"Memorias de N\u00f3mada\">Memorias de N\u00f3mada<\/a>, <a href=\"https:\/\/www.facebook.com\/LasFugitivasMX\" title=\"Fugitivas\">Fugitivas<\/a> (que quiero mencionar y reconocer como algo m\u00e1s disruptivo),<strong> Habitaci\u00f3n Propia no llega para competir, sino colectivizar.<\/strong><\/p>\n\n\n\n<p>Cada uno de los medios mecionados (y otros m\u00e1s que se me habr\u00e1n escapado, por supuesto) tienen visiones propias y que precisamente suman a cubrir esta necesidad de medios con perspectivas cr\u00edticas.<\/p>\n\n\n\n<p>En particular, desde esta Habitaci\u00f3n, espero que logremos visibilizar las luchas sociales con una perspectiva de justicia y dignidad.<\/p>\n\n\n\n<p>La justicia social y la dignidad son dos valores fundamentales que deben estar presentes en cualquier sociedad democr\u00e1tica. Sin embargo, en muchas ocasiones, estas ideas son invisibilizadas o distorsionadas por diversos intereses; por ello, desde aqu\u00ed el primer plano ser\u00e1n las historias y las voces de aquellxs que luchan.<\/p>\n\n\n\n<p>Nuestra agenda principalmente estar\u00e1 enfocada en: g\u00e9nero (Habitaci\u00f3n Lila); diversidad y comunidad LGBTTTIQA+ (Cuarto Arco\u00edris); naturaleza, defensa del territorio y comunidad maya (Patio Arbolado). Pero tambi\u00e9n tendremos un lugar muy especial para recibirles, llamado &#8220;Casa Compartida&#8221;; donde espero que igualmente tengamos muchas colaboraciones entre medios.<\/p>\n\n\n\n<p>En Habitaci\u00f3n Propia no queremos correr tras la noticia del d\u00eda, la que hay que sacar r\u00e1pido, a prisa, sino mirar con detenimiento, escribir lento, pensar, sentir, profundizar. Pienso que a trav\u00e9s de historias, an\u00e1lisis y perspectivas cr\u00edticas, es posible contribuir a la construcci\u00f3n de un mundo m\u00e1s justo y equitativo.<\/p>\n\n\n\n<p>En la b\u00fasqueda por encontrar formas de autogesti\u00f3n, abriremos un espacio llamado Huerta, que ser\u00e1 una tienda donde ofreceremos desde fotos hasta merch y talleres para orientar sobre c\u00f3mo hablar\/escribir con un lenguaje incluyente.<\/p>\n\n\n\n<p>En este espacio, llamado Mujer Verde, por el momento me encontrar\u00e9 yo, Cecilia Abreu, escribiendo opiniones; el nombre fue pensado por esta inclinaci\u00f3n que siente mi cuerpo a abrazar los \u00e1rboles, regar las plantas y cuidar el Planeta. El nombre es como un peque\u00f1o gui\u00f1o a que estoy en la Habitaci\u00f3n, por lo que si m\u00e1s adelante alguien quisiera escribir opiniones en este espacio, me encantar\u00eda que tambi\u00e9n tuviera una secci\u00f3n con nombre propio.<\/p>\n\n\n\n<p>Tambi\u00e9n quiero contarles que, aunque para esto tal vez a\u00fan falte recorrer cierto camino, m\u00e1s adelante me encantar\u00eda contar con una secci\u00f3n llamada &#8220;Frutas&#8221; en donde les dejar\u00eda(mos), estad\u00edsticas, gr\u00e1ficas, datos que sean relevantes para la sociedad.<\/p>\n\n\n\n<blockquote class=\"wp-block-quote is-layout-flow wp-block-quote-is-layout-flow\">\n<p>En una habitaci\u00f3n nos apapachamos, nos sentimos libres y segurxs, dialogamos, compartimos y es un espacio que cuidamos\u2026 Eso es lo que Habitaci\u00f3n Propia quiere ser.<\/p>\n<\/blockquote>\n\n\n\n<p>Antes de cerrar por completo este espacio, quiero mencionar \u2014por si alguien se lo preguntaba\u2014&#8230; S\u00ed, el nombre tom\u00f3 su inspiraci\u00f3n en el libro <em>Habitaci\u00f3n Propia<\/em> de Virginia Wolf&#8230; Dicho eso, les dejo una cita del libro:<\/p>\n\n\n\n<blockquote class=\"wp-block-quote is-layout-flow wp-block-quote-is-layout-flow\">\n<p>&#8220;Una mujer debe tener dinero y una habitaci\u00f3n propia para poder escribir novelas; y esto, como veis, deja sin resolver el gran problema de la verdadera naturaleza de la mujer y la verdadera naturaleza de la novela&#8221;.<\/p>\n<cite>Virginia Wolf<\/cite><\/blockquote>\n","protected":false},"excerpt":{"rendered":"<p>Habitaci\u00f3n Propia, para m\u00ed, es una forma de cumplir mi sue\u00f1o de ser periodista sin que nadie elimine mis esfuerzos por el reconocimiento a la diversidad, la igualdad y equidad; pero, al mismo tiempo, poder crear un espacio que se convierta en colectivo, en donde ustedes no solo lean, sino tambi\u00e9n puedan comparti(se) si as\u00ed &hellip; <\/p>\n","protected":false},"author":2,"featured_media":106,"comment_status":"open","ping_status":"open","sticky":false,"template":"","format":"standard","meta":{"om_disable_all_campaigns":false,"_monsterinsights_skip_tracking":false,"_monsterinsights_sitenote_active":false,"_monsterinsights_sitenote_note":"","_monsterinsights_sitenote_category":0,"jetpack_post_was_ever_published":false,"_jetpack_newsletter_access":"","_jetpack_dont_email_post_to_subs":false,"_jetpack_newsletter_tier_id":0,"_jetpack_memberships_contains_paywalled_content":false,"_jetpack_memberships_contains_paid_content":false,"footnotes":""},"categories":[9],"tags":[52,47,53,50,45,51,48,20,54,49],"class_list":["post-12","post","type-post","status-publish","format-standard","has-post-thumbnail","hentry","category-mujer-verde","tag-colectividad","tag-dignidad","tag-diversidad","tag-equidad","tag-habitacion-propia","tag-igualdad","tag-justicia-social","tag-lucha","tag-medios-de-comunicacion","tag-sociedad"],"yoast_head":"<!-- This site is optimized with the Yoast SEO plugin v25.7 - https:\/\/yoast.com\/wordpress\/plugins\/seo\/ -->\n<title>\u00bfQu\u00e9 es Habitaci\u00f3n Propia? - Habitaci\u00f3n Propia<\/title>\n<meta name=\"robots\" content=\"index, follow, max-snippet:-1, max-image-preview:large, max-video-preview:-1\" \/>\n<link rel=\"canonical\" href=\"https:\/\/habitacionpropia.mx\/index.php\/2024\/01\/02\/que-es-habitacion-propia\/\" \/>\n<meta property=\"og:locale\" content=\"es_MX\" \/>\n<meta property=\"og:type\" content=\"article\" \/>\n<meta property=\"og:title\" content=\"\u00bfQu\u00e9 es Habitaci\u00f3n Propia? - Habitaci\u00f3n Propia\" \/>\n<meta property=\"og:description\" content=\"Habitaci\u00f3n Propia, para m\u00ed, es una forma de cumplir mi sue\u00f1o de ser periodista sin que nadie elimine mis esfuerzos por el reconocimiento a la diversidad, la igualdad y equidad; pero, al mismo tiempo, poder crear un espacio que se convierta en colectivo, en donde ustedes no solo lean, sino tambi\u00e9n puedan comparti(se) si as\u00ed &hellip;\" \/>\n<meta property=\"og:url\" content=\"https:\/\/habitacionpropia.mx\/index.php\/2024\/01\/02\/que-es-habitacion-propia\/\" \/>\n<meta property=\"og:site_name\" content=\"Habitaci\u00f3n Propia\" \/>\n<meta property=\"article:publisher\" content=\"https:\/\/www.facebook.com\/habitacionpropia.mx\" \/>\n<meta property=\"article:published_time\" content=\"2024-01-02T17:42:08+00:00\" \/>\n<meta property=\"article:modified_time\" content=\"2024-01-16T00:04:50+00:00\" \/>\n<meta property=\"og:image\" content=\"https:\/\/habitacionpropia.mx\/wp-content\/uploads\/2024\/01\/cosmic-timetraveler-HV9CLdACX0M-unsplash-scaled.jpg\" \/>\n\t<meta property=\"og:image:width\" content=\"2048\" \/>\n\t<meta property=\"og:image:height\" content=\"2560\" \/>\n\t<meta property=\"og:image:type\" content=\"image\/jpeg\" \/>\n<meta name=\"author\" content=\"Cecilia Abreu\" \/>\n<meta name=\"twitter:card\" content=\"summary_large_image\" \/>\n<meta name=\"twitter:label1\" content=\"Escrito por\" \/>\n\t<meta name=\"twitter:data1\" content=\"Cecilia Abreu\" \/>\n\t<meta name=\"twitter:label2\" content=\"Tiempo de lectura\" \/>\n\t<meta name=\"twitter:data2\" content=\"3 minutos\" \/>\n<script type=\"application\/ld+json\" class=\"yoast-schema-graph\">{\"@context\":\"https:\/\/schema.org\",\"@graph\":[{\"@type\":\"Article\",\"@id\":\"https:\/\/habitacionpropia.mx\/index.php\/2024\/01\/02\/que-es-habitacion-propia\/#article\",\"isPartOf\":{\"@id\":\"https:\/\/habitacionpropia.mx\/index.php\/2024\/01\/02\/que-es-habitacion-propia\/\"},\"author\":{\"name\":\"Cecilia Abreu\",\"@id\":\"https:\/\/habitacionpropia.mx\/#\/schema\/person\/dbf2583eec00e0d304aa34d686a467d3\"},\"headline\":\"\u00bfQu\u00e9 es Habitaci\u00f3n Propia?\",\"datePublished\":\"2024-01-02T17:42:08+00:00\",\"dateModified\":\"2024-01-16T00:04:50+00:00\",\"mainEntityOfPage\":{\"@id\":\"https:\/\/habitacionpropia.mx\/index.php\/2024\/01\/02\/que-es-habitacion-propia\/\"},\"wordCount\":646,\"commentCount\":0,\"publisher\":{\"@id\":\"https:\/\/habitacionpropia.mx\/#organization\"},\"image\":{\"@id\":\"https:\/\/habitacionpropia.mx\/index.php\/2024\/01\/02\/que-es-habitacion-propia\/#primaryimage\"},\"thumbnailUrl\":\"https:\/\/habitacionpropia.mx\/wp-content\/uploads\/2024\/01\/cosmic-timetraveler-HV9CLdACX0M-unsplash-scaled.jpg\",\"keywords\":[\"Colectividad\",\"Dignidad\",\"Diversidad\",\"Equidad\",\"Habitaci\u00f3n Propia\",\"Igualdad\",\"Justicia Social\",\"Lucha\",\"Medios de Comunicaci\u00f3n\",\"Sociedad\"],\"articleSection\":[\"Mujer Verde\"],\"inLanguage\":\"es\",\"potentialAction\":[{\"@type\":\"CommentAction\",\"name\":\"Comment\",\"target\":[\"https:\/\/habitacionpropia.mx\/index.php\/2024\/01\/02\/que-es-habitacion-propia\/#respond\"]}]},{\"@type\":\"WebPage\",\"@id\":\"https:\/\/habitacionpropia.mx\/index.php\/2024\/01\/02\/que-es-habitacion-propia\/\",\"url\":\"https:\/\/habitacionpropia.mx\/index.php\/2024\/01\/02\/que-es-habitacion-propia\/\",\"name\":\"\u00bfQu\u00e9 es Habitaci\u00f3n Propia? - Habitaci\u00f3n Propia\",\"isPartOf\":{\"@id\":\"https:\/\/habitacionpropia.mx\/#website\"},\"primaryImageOfPage\":{\"@id\":\"https:\/\/habitacionpropia.mx\/index.php\/2024\/01\/02\/que-es-habitacion-propia\/#primaryimage\"},\"image\":{\"@id\":\"https:\/\/habitacionpropia.mx\/index.php\/2024\/01\/02\/que-es-habitacion-propia\/#primaryimage\"},\"thumbnailUrl\":\"https:\/\/habitacionpropia.mx\/wp-content\/uploads\/2024\/01\/cosmic-timetraveler-HV9CLdACX0M-unsplash-scaled.jpg\",\"datePublished\":\"2024-01-02T17:42:08+00:00\",\"dateModified\":\"2024-01-16T00:04:50+00:00\",\"breadcrumb\":{\"@id\":\"https:\/\/habitacionpropia.mx\/index.php\/2024\/01\/02\/que-es-habitacion-propia\/#breadcrumb\"},\"inLanguage\":\"es\",\"potentialAction\":[{\"@type\":\"ReadAction\",\"target\":[\"https:\/\/habitacionpropia.mx\/index.php\/2024\/01\/02\/que-es-habitacion-propia\/\"]}]},{\"@type\":\"ImageObject\",\"inLanguage\":\"es\",\"@id\":\"https:\/\/habitacionpropia.mx\/index.php\/2024\/01\/02\/que-es-habitacion-propia\/#primaryimage\",\"url\":\"https:\/\/habitacionpropia.mx\/wp-content\/uploads\/2024\/01\/cosmic-timetraveler-HV9CLdACX0M-unsplash-scaled.jpg\",\"contentUrl\":\"https:\/\/habitacionpropia.mx\/wp-content\/uploads\/2024\/01\/cosmic-timetraveler-HV9CLdACX0M-unsplash-scaled.jpg\",\"width\":2048,\"height\":2560},{\"@type\":\"BreadcrumbList\",\"@id\":\"https:\/\/habitacionpropia.mx\/index.php\/2024\/01\/02\/que-es-habitacion-propia\/#breadcrumb\",\"itemListElement\":[{\"@type\":\"ListItem\",\"position\":1,\"name\":\"Inicio\",\"item\":\"https:\/\/habitacionpropia.mx\/\"},{\"@type\":\"ListItem\",\"position\":2,\"name\":\"\u00bfQu\u00e9 es Habitaci\u00f3n Propia?\"}]},{\"@type\":\"WebSite\",\"@id\":\"https:\/\/habitacionpropia.mx\/#website\",\"url\":\"https:\/\/habitacionpropia.mx\/\",\"name\":\"Habitaci\u00f3n Propia\",\"description\":\"\",\"publisher\":{\"@id\":\"https:\/\/habitacionpropia.mx\/#organization\"},\"potentialAction\":[{\"@type\":\"SearchAction\",\"target\":{\"@type\":\"EntryPoint\",\"urlTemplate\":\"https:\/\/habitacionpropia.mx\/?s={search_term_string}\"},\"query-input\":{\"@type\":\"PropertyValueSpecification\",\"valueRequired\":true,\"valueName\":\"search_term_string\"}}],\"inLanguage\":\"es\"},{\"@type\":\"Organization\",\"@id\":\"https:\/\/habitacionpropia.mx\/#organization\",\"name\":\"Habitaci\u00f3n Propia\",\"url\":\"https:\/\/habitacionpropia.mx\/\",\"logo\":{\"@type\":\"ImageObject\",\"inLanguage\":\"es\",\"@id\":\"https:\/\/habitacionpropia.mx\/#\/schema\/logo\/image\/\",\"url\":\"https:\/\/habitacionpropia.mx\/wp-content\/uploads\/2024\/01\/cropped-Logo-Final-1.png\",\"contentUrl\":\"https:\/\/habitacionpropia.mx\/wp-content\/uploads\/2024\/01\/cropped-Logo-Final-1.png\",\"width\":846,\"height\":191,\"caption\":\"Habitaci\u00f3n Propia\"},\"image\":{\"@id\":\"https:\/\/habitacionpropia.mx\/#\/schema\/logo\/image\/\"},\"sameAs\":[\"https:\/\/www.facebook.com\/habitacionpropia.mx\",\"https:\/\/www.instagram.com\/habitacionpropia.mx\/\"]},{\"@type\":\"Person\",\"@id\":\"https:\/\/habitacionpropia.mx\/#\/schema\/person\/dbf2583eec00e0d304aa34d686a467d3\",\"name\":\"Cecilia Abreu\",\"image\":{\"@type\":\"ImageObject\",\"inLanguage\":\"es\",\"@id\":\"https:\/\/habitacionpropia.mx\/#\/schema\/person\/image\/\",\"url\":\"https:\/\/secure.gravatar.com\/avatar\/3bdeb664b7ee56f59698e37c381360d9754b5472bab7b47dbc5826b232abf970?s=96&d=mm&r=g\",\"contentUrl\":\"https:\/\/secure.gravatar.com\/avatar\/3bdeb664b7ee56f59698e37c381360d9754b5472bab7b47dbc5826b232abf970?s=96&d=mm&r=g\",\"caption\":\"Cecilia Abreu\"},\"url\":\"https:\/\/habitacionpropia.mx\/index.php\/author\/cecy-abric\/\"}]}<\/script>\n<!-- \/ Yoast SEO plugin. -->","yoast_head_json":{"title":"\u00bfQu\u00e9 es Habitaci\u00f3n Propia? - Habitaci\u00f3n Propia","robots":{"index":"index","follow":"follow","max-snippet":"max-snippet:-1","max-image-preview":"max-image-preview:large","max-video-preview":"max-video-preview:-1"},"canonical":"https:\/\/habitacionpropia.mx\/index.php\/2024\/01\/02\/que-es-habitacion-propia\/","og_locale":"es_MX","og_type":"article","og_title":"\u00bfQu\u00e9 es Habitaci\u00f3n Propia? - Habitaci\u00f3n Propia","og_description":"Habitaci\u00f3n Propia, para m\u00ed, es una forma de cumplir mi sue\u00f1o de ser periodista sin que nadie elimine mis esfuerzos por el reconocimiento a la diversidad, la igualdad y equidad; pero, al mismo tiempo, poder crear un espacio que se convierta en colectivo, en donde ustedes no solo lean, sino tambi\u00e9n puedan comparti(se) si as\u00ed &hellip;","og_url":"https:\/\/habitacionpropia.mx\/index.php\/2024\/01\/02\/que-es-habitacion-propia\/","og_site_name":"Habitaci\u00f3n Propia","article_publisher":"https:\/\/www.facebook.com\/habitacionpropia.mx","article_published_time":"2024-01-02T17:42:08+00:00","article_modified_time":"2024-01-16T00:04:50+00:00","og_image":[{"width":2048,"height":2560,"url":"https:\/\/habitacionpropia.mx\/wp-content\/uploads\/2024\/01\/cosmic-timetraveler-HV9CLdACX0M-unsplash-scaled.jpg","type":"image\/jpeg"}],"author":"Cecilia Abreu","twitter_card":"summary_large_image","twitter_misc":{"Escrito por":"Cecilia Abreu","Tiempo de lectura":"3 minutos"},"schema":{"@context":"https:\/\/schema.org","@graph":[{"@type":"Article","@id":"https:\/\/habitacionpropia.mx\/index.php\/2024\/01\/02\/que-es-habitacion-propia\/#article","isPartOf":{"@id":"https:\/\/habitacionpropia.mx\/index.php\/2024\/01\/02\/que-es-habitacion-propia\/"},"author":{"name":"Cecilia Abreu","@id":"https:\/\/habitacionpropia.mx\/#\/schema\/person\/dbf2583eec00e0d304aa34d686a467d3"},"headline":"\u00bfQu\u00e9 es Habitaci\u00f3n Propia?","datePublished":"2024-01-02T17:42:08+00:00","dateModified":"2024-01-16T00:04:50+00:00","mainEntityOfPage":{"@id":"https:\/\/habitacionpropia.mx\/index.php\/2024\/01\/02\/que-es-habitacion-propia\/"},"wordCount":646,"commentCount":0,"publisher":{"@id":"https:\/\/habitacionpropia.mx\/#organization"},"image":{"@id":"https:\/\/habitacionpropia.mx\/index.php\/2024\/01\/02\/que-es-habitacion-propia\/#primaryimage"},"thumbnailUrl":"https:\/\/habitacionpropia.mx\/wp-content\/uploads\/2024\/01\/cosmic-timetraveler-HV9CLdACX0M-unsplash-scaled.jpg","keywords":["Colectividad","Dignidad","Diversidad","Equidad","Habitaci\u00f3n Propia","Igualdad","Justicia Social","Lucha","Medios de Comunicaci\u00f3n","Sociedad"],"articleSection":["Mujer Verde"],"inLanguage":"es","potentialAction":[{"@type":"CommentAction","name":"Comment","target":["https:\/\/habitacionpropia.mx\/index.php\/2024\/01\/02\/que-es-habitacion-propia\/#respond"]}]},{"@type":"WebPage","@id":"https:\/\/habitacionpropia.mx\/index.php\/2024\/01\/02\/que-es-habitacion-propia\/","url":"https:\/\/habitacionpropia.mx\/index.php\/2024\/01\/02\/que-es-habitacion-propia\/","name":"\u00bfQu\u00e9 es Habitaci\u00f3n Propia? - Habitaci\u00f3n Propia","isPartOf":{"@id":"https:\/\/habitacionpropia.mx\/#website"},"primaryImageOfPage":{"@id":"https:\/\/habitacionpropia.mx\/index.php\/2024\/01\/02\/que-es-habitacion-propia\/#primaryimage"},"image":{"@id":"https:\/\/habitacionpropia.mx\/index.php\/2024\/01\/02\/que-es-habitacion-propia\/#primaryimage"},"thumbnailUrl":"https:\/\/habitacionpropia.mx\/wp-content\/uploads\/2024\/01\/cosmic-timetraveler-HV9CLdACX0M-unsplash-scaled.jpg","datePublished":"2024-01-02T17:42:08+00:00","dateModified":"2024-01-16T00:04:50+00:00","breadcrumb":{"@id":"https:\/\/habitacionpropia.mx\/index.php\/2024\/01\/02\/que-es-habitacion-propia\/#breadcrumb"},"inLanguage":"es","potentialAction":[{"@type":"ReadAction","target":["https:\/\/habitacionpropia.mx\/index.php\/2024\/01\/02\/que-es-habitacion-propia\/"]}]},{"@type":"ImageObject","inLanguage":"es","@id":"https:\/\/habitacionpropia.mx\/index.php\/2024\/01\/02\/que-es-habitacion-propia\/#primaryimage","url":"https:\/\/habitacionpropia.mx\/wp-content\/uploads\/2024\/01\/cosmic-timetraveler-HV9CLdACX0M-unsplash-scaled.jpg","contentUrl":"https:\/\/habitacionpropia.mx\/wp-content\/uploads\/2024\/01\/cosmic-timetraveler-HV9CLdACX0M-unsplash-scaled.jpg","width":2048,"height":2560},{"@type":"BreadcrumbList","@id":"https:\/\/habitacionpropia.mx\/index.php\/2024\/01\/02\/que-es-habitacion-propia\/#breadcrumb","itemListElement":[{"@type":"ListItem","position":1,"name":"Inicio","item":"https:\/\/habitacionpropia.mx\/"},{"@type":"ListItem","position":2,"name":"\u00bfQu\u00e9 es Habitaci\u00f3n Propia?"}]},{"@type":"WebSite","@id":"https:\/\/habitacionpropia.mx\/#website","url":"https:\/\/habitacionpropia.mx\/","name":"Habitaci\u00f3n Propia","description":"","publisher":{"@id":"https:\/\/habitacionpropia.mx\/#organization"},"potentialAction":[{"@type":"SearchAction","target":{"@type":"EntryPoint","urlTemplate":"https:\/\/habitacionpropia.mx\/?s={search_term_string}"},"query-input":{"@type":"PropertyValueSpecification","valueRequired":true,"valueName":"search_term_string"}}],"inLanguage":"es"},{"@type":"Organization","@id":"https:\/\/habitacionpropia.mx\/#organization","name":"Habitaci\u00f3n Propia","url":"https:\/\/habitacionpropia.mx\/","logo":{"@type":"ImageObject","inLanguage":"es","@id":"https:\/\/habitacionpropia.mx\/#\/schema\/logo\/image\/","url":"https:\/\/habitacionpropia.mx\/wp-content\/uploads\/2024\/01\/cropped-Logo-Final-1.png","contentUrl":"https:\/\/habitacionpropia.mx\/wp-content\/uploads\/2024\/01\/cropped-Logo-Final-1.png","width":846,"height":191,"caption":"Habitaci\u00f3n Propia"},"image":{"@id":"https:\/\/habitacionpropia.mx\/#\/schema\/logo\/image\/"},"sameAs":["https:\/\/www.facebook.com\/habitacionpropia.mx","https:\/\/www.instagram.com\/habitacionpropia.mx\/"]},{"@type":"Person","@id":"https:\/\/habitacionpropia.mx\/#\/schema\/person\/dbf2583eec00e0d304aa34d686a467d3","name":"Cecilia Abreu","image":{"@type":"ImageObject","inLanguage":"es","@id":"https:\/\/habitacionpropia.mx\/#\/schema\/person\/image\/","url":"https:\/\/secure.gravatar.com\/avatar\/3bdeb664b7ee56f59698e37c381360d9754b5472bab7b47dbc5826b232abf970?s=96&d=mm&r=g","contentUrl":"https:\/\/secure.gravatar.com\/avatar\/3bdeb664b7ee56f59698e37c381360d9754b5472bab7b47dbc5826b232abf970?s=96&d=mm&r=g","caption":"Cecilia Abreu"},"url":"https:\/\/habitacionpropia.mx\/index.php\/author\/cecy-abric\/"}]}},"jetpack_featured_media_url":"https:\/\/habitacionpropia.mx\/wp-content\/uploads\/2024\/01\/cosmic-timetraveler-HV9CLdACX0M-unsplash-scaled.jpg","jetpack_sharing_enabled":true,"_links":{"self":[{"href":"https:\/\/habitacionpropia.mx\/index.php\/wp-json\/wp\/v2\/posts\/12","targetHints":{"allow":["GET"]}}],"collection":[{"href":"https:\/\/habitacionpropia.mx\/index.php\/wp-json\/wp\/v2\/posts"}],"about":[{"href":"https:\/\/habitacionpropia.mx\/index.php\/wp-json\/wp\/v2\/types\/post"}],"author":[{"embeddable":true,"href":"https:\/\/habitacionpropia.mx\/index.php\/wp-json\/wp\/v2\/users\/2"}],"replies":[{"embeddable":true,"href":"https:\/\/habitacionpropia.mx\/index.php\/wp-json\/wp\/v2\/comments?post=12"}],"version-history":[{"count":10,"href":"https:\/\/habitacionpropia.mx\/index.php\/wp-json\/wp\/v2\/posts\/12\/revisions"}],"predecessor-version":[{"id":105,"href":"https:\/\/habitacionpropia.mx\/index.php\/wp-json\/wp\/v2\/posts\/12\/revisions\/105"}],"wp:featuredmedia":[{"embeddable":true,"href":"https:\/\/habitacionpropia.mx\/index.php\/wp-json\/wp\/v2\/media\/106"}],"wp:attachment":[{"href":"https:\/\/habitacionpropia.mx\/index.php\/wp-json\/wp\/v2\/media?parent=12"}],"wp:term":[{"taxonomy":"category","embeddable":true,"href":"https:\/\/habitacionpropia.mx\/index.php\/wp-json\/wp\/v2\/categories?post=12"},{"taxonomy":"post_tag","embeddable":true,"href":"https:\/\/habitacionpropia.mx\/index.php\/wp-json\/wp\/v2\/tags?post=12"}],"curies":[{"name":"wp","href":"https:\/\/api.w.org\/{rel}","templated":true}]}}