{"id":157,"date":"2024-02-19T23:16:04","date_gmt":"2024-02-19T23:16:04","guid":{"rendered":"https:\/\/habitacionpropia.mx\/?p=157"},"modified":"2024-09-24T19:34:54","modified_gmt":"2024-09-24T19:34:54","slug":"la-lista","status":"publish","type":"post","link":"https:\/\/habitacionpropia.mx\/index.php\/2024\/02\/19\/la-lista\/","title":{"rendered":"La Lista"},"content":{"rendered":"\n<p>No es un tema menor, la lista que fue publicada de periodistas anti 4T, y mucho menos que sus credenciales del INE anden circulando en redes sociales. <strong>Podemos estar de acuerdo o no con lo que dicen los medios, pero son los derechos que tenemos todxs lxs ciudadanxs: un acceso Libre a la Informaci\u00f3n y una segura Libertad de Expresi\u00f3n.<\/strong><\/p>\n\n\n\n<p>El n\u00famero de periodistas acosados y asesinados en este gobierno, no tiene parang\u00f3n, como tampoco negar que esto ha sucedido en cada sexenio, <strong>siempre hay periodistas sacrificados, y no deber\u00eda ser<\/strong>, pero es el juego del poder y quien lo juega debe saber a qu\u00e9 se atiene. Sin embargo, <strong>lxs ciudadanxs no debemos normalizar esta realidad.<\/strong><\/p>\n\n\n\n<p><strong>Informarse sobre lo que pasa en nuestra comunidad, nuestra ciudad, estado, pa\u00eds y el mundo debe ser una pr\u00e1ctica diaria de la ciudadan\u00eda<\/strong>, a la par que tener las habilidades para discernir y contrastar sobre los datos y hechos que se presentan ante sus ojos es un derecho y obligaci\u00f3n ciudadana, pero para debe tener a la vista el mayor n\u00famero de fuentes informativas para elegir y hacerlo.<\/p>\n\n\n\n<p>Entiendo que al presidente del pa\u00eds le sobrepase los se\u00f1alamientos period\u00edsticos de todos los d\u00edas, que no soporte los dedos en las llagas sobre la salud, el crimen organizado, la corrupci\u00f3n etc. pero \u00e9l trabaj\u00f3 20 a\u00f1os incesantemente, recorriendo cada rinc\u00f3n de este pa\u00eds para conocer este M\u00e9xico profundo, lo cual le debi\u00f3 dar elementos para realmente saber lo de las carencias de este pa\u00eds, y hacer una lista de profundas soluciones.<\/p>\n\n\n\n<p>Sin embargo, la lista que hace es de periodistas opositorxs al r\u00e9gimen. \u00c9l sab\u00eda que la prensa iba a ser implacable porque los cambios pretendidos no iban a ser aceptados tan f\u00e1cil por la opini\u00f3n p\u00fablica, no sobre el cambio, sino sobre las triqui\u00f1uelas adyacentes, de las que no se hace una lista, y ahora quiere negar a lxs ciudadanxs que tambi\u00e9n la hagan.<\/p>\n","protected":false},"excerpt":{"rendered":"<p>No es un tema menor, la lista que fue publicada de periodistas anti 4T, y mucho menos que sus credenciales del INE anden circulando en redes sociales. Podemos estar de acuerdo o no con lo que dicen los medios, pero son los derechos que tenemos todxs lxs ciudadanxs: un acceso Libre a la Informaci\u00f3n y &hellip; <\/p>\n","protected":false},"author":3,"featured_media":158,"comment_status":"open","ping_status":"open","sticky":false,"template":"","format":"standard","meta":{"om_disable_all_campaigns":false,"_monsterinsights_skip_tracking":false,"_monsterinsights_sitenote_active":false,"_monsterinsights_sitenote_note":"","_monsterinsights_sitenote_category":0,"jetpack_post_was_ever_published":false,"_jetpack_newsletter_access":"","_jetpack_dont_email_post_to_subs":false,"_jetpack_newsletter_tier_id":0,"_jetpack_memberships_contains_paywalled_content":false,"_jetpack_memberships_contains_paid_content":false,"footnotes":""},"categories":[5],"tags":[38,100,102,101,30],"class_list":["post-157","post","type-post","status-publish","format-standard","has-post-thumbnail","hentry","category-casa-compartida","tag-ciudadania","tag-informacion","tag-opinion","tag-periodistas","tag-politica"],"yoast_head":"<!-- This site is optimized with the Yoast SEO plugin v25.7 - https:\/\/yoast.com\/wordpress\/plugins\/seo\/ -->\n<title>La Lista - Habitaci\u00f3n Propia<\/title>\n<meta name=\"robots\" content=\"index, follow, max-snippet:-1, max-image-preview:large, max-video-preview:-1\" \/>\n<link rel=\"canonical\" href=\"https:\/\/habitacionpropia.mx\/index.php\/2024\/02\/19\/la-lista\/\" \/>\n<meta property=\"og:locale\" content=\"es_MX\" \/>\n<meta property=\"og:type\" content=\"article\" \/>\n<meta property=\"og:title\" content=\"La Lista - Habitaci\u00f3n Propia\" \/>\n<meta property=\"og:description\" content=\"No es un tema menor, la lista que fue publicada de periodistas anti 4T, y mucho menos que sus credenciales del INE anden circulando en redes sociales. Podemos estar de acuerdo o no con lo que dicen los medios, pero son los derechos que tenemos todxs lxs ciudadanxs: un acceso Libre a la Informaci\u00f3n y &hellip;\" \/>\n<meta property=\"og:url\" content=\"https:\/\/habitacionpropia.mx\/index.php\/2024\/02\/19\/la-lista\/\" \/>\n<meta property=\"og:site_name\" content=\"Habitaci\u00f3n Propia\" \/>\n<meta property=\"article:publisher\" content=\"https:\/\/www.facebook.com\/habitacionpropia.mx\" \/>\n<meta property=\"article:published_time\" content=\"2024-02-19T23:16:04+00:00\" \/>\n<meta property=\"article:modified_time\" content=\"2024-09-24T19:34:54+00:00\" \/>\n<meta property=\"og:image\" content=\"http:\/\/habitacionpropia.mx\/wp-content\/uploads\/2024\/02\/La-Lista.png\" \/>\n\t<meta property=\"og:image:width\" content=\"1410\" \/>\n\t<meta property=\"og:image:height\" content=\"600\" \/>\n\t<meta property=\"og:image:type\" content=\"image\/png\" \/>\n<meta name=\"author\" content=\"Lorena Gonz\u00e1lez Bosc\u00f3\" \/>\n<meta name=\"twitter:card\" content=\"summary_large_image\" \/>\n<meta name=\"twitter:label1\" content=\"Escrito por\" \/>\n\t<meta name=\"twitter:data1\" content=\"Lorena Gonz\u00e1lez Bosc\u00f3\" \/>\n\t<meta name=\"twitter:label2\" content=\"Tiempo de lectura\" \/>\n\t<meta name=\"twitter:data2\" content=\"2 minutos\" \/>\n<script type=\"application\/ld+json\" class=\"yoast-schema-graph\">{\"@context\":\"https:\/\/schema.org\",\"@graph\":[{\"@type\":\"Article\",\"@id\":\"https:\/\/habitacionpropia.mx\/index.php\/2024\/02\/19\/la-lista\/#article\",\"isPartOf\":{\"@id\":\"https:\/\/habitacionpropia.mx\/index.php\/2024\/02\/19\/la-lista\/\"},\"author\":{\"name\":\"Lorena Gonz\u00e1lez Bosc\u00f3\",\"@id\":\"https:\/\/habitacionpropia.mx\/#\/schema\/person\/f6c994e2664711fc5fa58a5a0bd516ff\"},\"headline\":\"La Lista\",\"datePublished\":\"2024-02-19T23:16:04+00:00\",\"dateModified\":\"2024-09-24T19:34:54+00:00\",\"mainEntityOfPage\":{\"@id\":\"https:\/\/habitacionpropia.mx\/index.php\/2024\/02\/19\/la-lista\/\"},\"wordCount\":348,\"commentCount\":0,\"publisher\":{\"@id\":\"https:\/\/habitacionpropia.mx\/#organization\"},\"image\":{\"@id\":\"https:\/\/habitacionpropia.mx\/index.php\/2024\/02\/19\/la-lista\/#primaryimage\"},\"thumbnailUrl\":\"https:\/\/habitacionpropia.mx\/wp-content\/uploads\/2024\/02\/La-Lista.png\",\"keywords\":[\"ciudadan\u00eda\",\"informaci\u00f3n\",\"opini\u00f3n\",\"periodistas\",\"pol\u00edtica\"],\"articleSection\":[\"Casa Compartida\"],\"inLanguage\":\"es\",\"potentialAction\":[{\"@type\":\"CommentAction\",\"name\":\"Comment\",\"target\":[\"https:\/\/habitacionpropia.mx\/index.php\/2024\/02\/19\/la-lista\/#respond\"]}]},{\"@type\":\"WebPage\",\"@id\":\"https:\/\/habitacionpropia.mx\/index.php\/2024\/02\/19\/la-lista\/\",\"url\":\"https:\/\/habitacionpropia.mx\/index.php\/2024\/02\/19\/la-lista\/\",\"name\":\"La Lista - Habitaci\u00f3n Propia\",\"isPartOf\":{\"@id\":\"https:\/\/habitacionpropia.mx\/#website\"},\"primaryImageOfPage\":{\"@id\":\"https:\/\/habitacionpropia.mx\/index.php\/2024\/02\/19\/la-lista\/#primaryimage\"},\"image\":{\"@id\":\"https:\/\/habitacionpropia.mx\/index.php\/2024\/02\/19\/la-lista\/#primaryimage\"},\"thumbnailUrl\":\"https:\/\/habitacionpropia.mx\/wp-content\/uploads\/2024\/02\/La-Lista.png\",\"datePublished\":\"2024-02-19T23:16:04+00:00\",\"dateModified\":\"2024-09-24T19:34:54+00:00\",\"breadcrumb\":{\"@id\":\"https:\/\/habitacionpropia.mx\/index.php\/2024\/02\/19\/la-lista\/#breadcrumb\"},\"inLanguage\":\"es\",\"potentialAction\":[{\"@type\":\"ReadAction\",\"target\":[\"https:\/\/habitacionpropia.mx\/index.php\/2024\/02\/19\/la-lista\/\"]}]},{\"@type\":\"ImageObject\",\"inLanguage\":\"es\",\"@id\":\"https:\/\/habitacionpropia.mx\/index.php\/2024\/02\/19\/la-lista\/#primaryimage\",\"url\":\"https:\/\/habitacionpropia.mx\/wp-content\/uploads\/2024\/02\/La-Lista.png\",\"contentUrl\":\"https:\/\/habitacionpropia.mx\/wp-content\/uploads\/2024\/02\/La-Lista.png\",\"width\":1410,\"height\":600},{\"@type\":\"BreadcrumbList\",\"@id\":\"https:\/\/habitacionpropia.mx\/index.php\/2024\/02\/19\/la-lista\/#breadcrumb\",\"itemListElement\":[{\"@type\":\"ListItem\",\"position\":1,\"name\":\"Inicio\",\"item\":\"https:\/\/habitacionpropia.mx\/\"},{\"@type\":\"ListItem\",\"position\":2,\"name\":\"La Lista\"}]},{\"@type\":\"WebSite\",\"@id\":\"https:\/\/habitacionpropia.mx\/#website\",\"url\":\"https:\/\/habitacionpropia.mx\/\",\"name\":\"Habitaci\u00f3n Propia\",\"description\":\"\",\"publisher\":{\"@id\":\"https:\/\/habitacionpropia.mx\/#organization\"},\"potentialAction\":[{\"@type\":\"SearchAction\",\"target\":{\"@type\":\"EntryPoint\",\"urlTemplate\":\"https:\/\/habitacionpropia.mx\/?s={search_term_string}\"},\"query-input\":{\"@type\":\"PropertyValueSpecification\",\"valueRequired\":true,\"valueName\":\"search_term_string\"}}],\"inLanguage\":\"es\"},{\"@type\":\"Organization\",\"@id\":\"https:\/\/habitacionpropia.mx\/#organization\",\"name\":\"Habitaci\u00f3n Propia\",\"url\":\"https:\/\/habitacionpropia.mx\/\",\"logo\":{\"@type\":\"ImageObject\",\"inLanguage\":\"es\",\"@id\":\"https:\/\/habitacionpropia.mx\/#\/schema\/logo\/image\/\",\"url\":\"https:\/\/habitacionpropia.mx\/wp-content\/uploads\/2024\/01\/cropped-Logo-Final-1.png\",\"contentUrl\":\"https:\/\/habitacionpropia.mx\/wp-content\/uploads\/2024\/01\/cropped-Logo-Final-1.png\",\"width\":846,\"height\":191,\"caption\":\"Habitaci\u00f3n Propia\"},\"image\":{\"@id\":\"https:\/\/habitacionpropia.mx\/#\/schema\/logo\/image\/\"},\"sameAs\":[\"https:\/\/www.facebook.com\/habitacionpropia.mx\",\"https:\/\/www.instagram.com\/habitacionpropia.mx\/\"]},{\"@type\":\"Person\",\"@id\":\"https:\/\/habitacionpropia.mx\/#\/schema\/person\/f6c994e2664711fc5fa58a5a0bd516ff\",\"name\":\"Lorena Gonz\u00e1lez Bosc\u00f3\",\"image\":{\"@type\":\"ImageObject\",\"inLanguage\":\"es\",\"@id\":\"https:\/\/habitacionpropia.mx\/#\/schema\/person\/image\/\",\"url\":\"https:\/\/secure.gravatar.com\/avatar\/3efae72f06b5b592d3607438079c8787ed2bc8f57d54b659b7fb4333e5099d68?s=96&d=mm&r=g\",\"contentUrl\":\"https:\/\/secure.gravatar.com\/avatar\/3efae72f06b5b592d3607438079c8787ed2bc8f57d54b659b7fb4333e5099d68?s=96&d=mm&r=g\",\"caption\":\"Lorena Gonz\u00e1lez Bosc\u00f3\"},\"sameAs\":[\"http:\/\/www.vivemerida.live\"],\"url\":\"https:\/\/habitacionpropia.mx\/index.php\/author\/lorenagonzalez\/\"}]}<\/script>\n<!-- \/ Yoast SEO plugin. -->","yoast_head_json":{"title":"La Lista - Habitaci\u00f3n Propia","robots":{"index":"index","follow":"follow","max-snippet":"max-snippet:-1","max-image-preview":"max-image-preview:large","max-video-preview":"max-video-preview:-1"},"canonical":"https:\/\/habitacionpropia.mx\/index.php\/2024\/02\/19\/la-lista\/","og_locale":"es_MX","og_type":"article","og_title":"La Lista - Habitaci\u00f3n Propia","og_description":"No es un tema menor, la lista que fue publicada de periodistas anti 4T, y mucho menos que sus credenciales del INE anden circulando en redes sociales. Podemos estar de acuerdo o no con lo que dicen los medios, pero son los derechos que tenemos todxs lxs ciudadanxs: un acceso Libre a la Informaci\u00f3n y &hellip;","og_url":"https:\/\/habitacionpropia.mx\/index.php\/2024\/02\/19\/la-lista\/","og_site_name":"Habitaci\u00f3n Propia","article_publisher":"https:\/\/www.facebook.com\/habitacionpropia.mx","article_published_time":"2024-02-19T23:16:04+00:00","article_modified_time":"2024-09-24T19:34:54+00:00","og_image":[{"width":1410,"height":600,"url":"http:\/\/habitacionpropia.mx\/wp-content\/uploads\/2024\/02\/La-Lista.png","type":"image\/png"}],"author":"Lorena Gonz\u00e1lez Bosc\u00f3","twitter_card":"summary_large_image","twitter_misc":{"Escrito por":"Lorena Gonz\u00e1lez Bosc\u00f3","Tiempo de lectura":"2 minutos"},"schema":{"@context":"https:\/\/schema.org","@graph":[{"@type":"Article","@id":"https:\/\/habitacionpropia.mx\/index.php\/2024\/02\/19\/la-lista\/#article","isPartOf":{"@id":"https:\/\/habitacionpropia.mx\/index.php\/2024\/02\/19\/la-lista\/"},"author":{"name":"Lorena Gonz\u00e1lez Bosc\u00f3","@id":"https:\/\/habitacionpropia.mx\/#\/schema\/person\/f6c994e2664711fc5fa58a5a0bd516ff"},"headline":"La Lista","datePublished":"2024-02-19T23:16:04+00:00","dateModified":"2024-09-24T19:34:54+00:00","mainEntityOfPage":{"@id":"https:\/\/habitacionpropia.mx\/index.php\/2024\/02\/19\/la-lista\/"},"wordCount":348,"commentCount":0,"publisher":{"@id":"https:\/\/habitacionpropia.mx\/#organization"},"image":{"@id":"https:\/\/habitacionpropia.mx\/index.php\/2024\/02\/19\/la-lista\/#primaryimage"},"thumbnailUrl":"https:\/\/habitacionpropia.mx\/wp-content\/uploads\/2024\/02\/La-Lista.png","keywords":["ciudadan\u00eda","informaci\u00f3n","opini\u00f3n","periodistas","pol\u00edtica"],"articleSection":["Casa Compartida"],"inLanguage":"es","potentialAction":[{"@type":"CommentAction","name":"Comment","target":["https:\/\/habitacionpropia.mx\/index.php\/2024\/02\/19\/la-lista\/#respond"]}]},{"@type":"WebPage","@id":"https:\/\/habitacionpropia.mx\/index.php\/2024\/02\/19\/la-lista\/","url":"https:\/\/habitacionpropia.mx\/index.php\/2024\/02\/19\/la-lista\/","name":"La Lista - Habitaci\u00f3n Propia","isPartOf":{"@id":"https:\/\/habitacionpropia.mx\/#website"},"primaryImageOfPage":{"@id":"https:\/\/habitacionpropia.mx\/index.php\/2024\/02\/19\/la-lista\/#primaryimage"},"image":{"@id":"https:\/\/habitacionpropia.mx\/index.php\/2024\/02\/19\/la-lista\/#primaryimage"},"thumbnailUrl":"https:\/\/habitacionpropia.mx\/wp-content\/uploads\/2024\/02\/La-Lista.png","datePublished":"2024-02-19T23:16:04+00:00","dateModified":"2024-09-24T19:34:54+00:00","breadcrumb":{"@id":"https:\/\/habitacionpropia.mx\/index.php\/2024\/02\/19\/la-lista\/#breadcrumb"},"inLanguage":"es","potentialAction":[{"@type":"ReadAction","target":["https:\/\/habitacionpropia.mx\/index.php\/2024\/02\/19\/la-lista\/"]}]},{"@type":"ImageObject","inLanguage":"es","@id":"https:\/\/habitacionpropia.mx\/index.php\/2024\/02\/19\/la-lista\/#primaryimage","url":"https:\/\/habitacionpropia.mx\/wp-content\/uploads\/2024\/02\/La-Lista.png","contentUrl":"https:\/\/habitacionpropia.mx\/wp-content\/uploads\/2024\/02\/La-Lista.png","width":1410,"height":600},{"@type":"BreadcrumbList","@id":"https:\/\/habitacionpropia.mx\/index.php\/2024\/02\/19\/la-lista\/#breadcrumb","itemListElement":[{"@type":"ListItem","position":1,"name":"Inicio","item":"https:\/\/habitacionpropia.mx\/"},{"@type":"ListItem","position":2,"name":"La Lista"}]},{"@type":"WebSite","@id":"https:\/\/habitacionpropia.mx\/#website","url":"https:\/\/habitacionpropia.mx\/","name":"Habitaci\u00f3n Propia","description":"","publisher":{"@id":"https:\/\/habitacionpropia.mx\/#organization"},"potentialAction":[{"@type":"SearchAction","target":{"@type":"EntryPoint","urlTemplate":"https:\/\/habitacionpropia.mx\/?s={search_term_string}"},"query-input":{"@type":"PropertyValueSpecification","valueRequired":true,"valueName":"search_term_string"}}],"inLanguage":"es"},{"@type":"Organization","@id":"https:\/\/habitacionpropia.mx\/#organization","name":"Habitaci\u00f3n Propia","url":"https:\/\/habitacionpropia.mx\/","logo":{"@type":"ImageObject","inLanguage":"es","@id":"https:\/\/habitacionpropia.mx\/#\/schema\/logo\/image\/","url":"https:\/\/habitacionpropia.mx\/wp-content\/uploads\/2024\/01\/cropped-Logo-Final-1.png","contentUrl":"https:\/\/habitacionpropia.mx\/wp-content\/uploads\/2024\/01\/cropped-Logo-Final-1.png","width":846,"height":191,"caption":"Habitaci\u00f3n Propia"},"image":{"@id":"https:\/\/habitacionpropia.mx\/#\/schema\/logo\/image\/"},"sameAs":["https:\/\/www.facebook.com\/habitacionpropia.mx","https:\/\/www.instagram.com\/habitacionpropia.mx\/"]},{"@type":"Person","@id":"https:\/\/habitacionpropia.mx\/#\/schema\/person\/f6c994e2664711fc5fa58a5a0bd516ff","name":"Lorena Gonz\u00e1lez Bosc\u00f3","image":{"@type":"ImageObject","inLanguage":"es","@id":"https:\/\/habitacionpropia.mx\/#\/schema\/person\/image\/","url":"https:\/\/secure.gravatar.com\/avatar\/3efae72f06b5b592d3607438079c8787ed2bc8f57d54b659b7fb4333e5099d68?s=96&d=mm&r=g","contentUrl":"https:\/\/secure.gravatar.com\/avatar\/3efae72f06b5b592d3607438079c8787ed2bc8f57d54b659b7fb4333e5099d68?s=96&d=mm&r=g","caption":"Lorena Gonz\u00e1lez Bosc\u00f3"},"sameAs":["http:\/\/www.vivemerida.live"],"url":"https:\/\/habitacionpropia.mx\/index.php\/author\/lorenagonzalez\/"}]}},"jetpack_featured_media_url":"https:\/\/habitacionpropia.mx\/wp-content\/uploads\/2024\/02\/La-Lista.png","jetpack_sharing_enabled":true,"_links":{"self":[{"href":"https:\/\/habitacionpropia.mx\/index.php\/wp-json\/wp\/v2\/posts\/157","targetHints":{"allow":["GET"]}}],"collection":[{"href":"https:\/\/habitacionpropia.mx\/index.php\/wp-json\/wp\/v2\/posts"}],"about":[{"href":"https:\/\/habitacionpropia.mx\/index.php\/wp-json\/wp\/v2\/types\/post"}],"author":[{"embeddable":true,"href":"https:\/\/habitacionpropia.mx\/index.php\/wp-json\/wp\/v2\/users\/3"}],"replies":[{"embeddable":true,"href":"https:\/\/habitacionpropia.mx\/index.php\/wp-json\/wp\/v2\/comments?post=157"}],"version-history":[{"count":2,"href":"https:\/\/habitacionpropia.mx\/index.php\/wp-json\/wp\/v2\/posts\/157\/revisions"}],"predecessor-version":[{"id":429,"href":"https:\/\/habitacionpropia.mx\/index.php\/wp-json\/wp\/v2\/posts\/157\/revisions\/429"}],"wp:featuredmedia":[{"embeddable":true,"href":"https:\/\/habitacionpropia.mx\/index.php\/wp-json\/wp\/v2\/media\/158"}],"wp:attachment":[{"href":"https:\/\/habitacionpropia.mx\/index.php\/wp-json\/wp\/v2\/media?parent=157"}],"wp:term":[{"taxonomy":"category","embeddable":true,"href":"https:\/\/habitacionpropia.mx\/index.php\/wp-json\/wp\/v2\/categories?post=157"},{"taxonomy":"post_tag","embeddable":true,"href":"https:\/\/habitacionpropia.mx\/index.php\/wp-json\/wp\/v2\/tags?post=157"}],"curies":[{"name":"wp","href":"https:\/\/api.w.org\/{rel}","templated":true}]}}