{"id":1768,"date":"2026-01-31T01:04:05","date_gmt":"2026-01-31T01:04:05","guid":{"rendered":"https:\/\/habitacionpropia.mx\/?p=1768"},"modified":"2026-01-31T01:07:38","modified_gmt":"2026-01-31T01:07:38","slug":"sujuy-ja-agua-sagrada-una-opera-maya-que-alza-la-voz-en-defensa-del-agua-y-el-territorio-en-kanasin","status":"publish","type":"post","link":"https:\/\/habitacionpropia.mx\/index.php\/2026\/01\/31\/sujuy-ja-agua-sagrada-una-opera-maya-que-alza-la-voz-en-defensa-del-agua-y-el-territorio-en-kanasin\/","title":{"rendered":"\u2018Sujuy Ja\u2019: Agua Sagrada\u2019, una \u00f3pera maya que alza la voz en defensa del agua y el territorio en Kanas\u00edn"},"content":{"rendered":"\n<p><em>La obra fusiona arte y activismo frente a la amenaza de megaproyectos extractivos, como la planta de Heineken que podr\u00eda utilizar millones de litros del acu\u00edfero yucateco.<\/em><\/p>\n\n\n\n<p>El pasado 18 de enero, la comunidad de Kanas\u00edn fue escenario de la poderosa puesta en escena de Sujuy Ja\u2019: Agua Sagrada, una obra de teatro-\u00f3pera creada por artistas de Yucat\u00e1n y la compa\u00f1\u00eda World Opera Lab de los Pa\u00edses Bajos. <strong>La presentaci\u00f3n se realiz\u00f3 en un contexto de profunda preocupaci\u00f3n por la posible instalaci\u00f3n de una planta cervecera de Heineken, que proyecta producir 400 millones de litros de cerveza al a\u00f1o utilizando el agua de la regi\u00f3n.<\/strong><\/p>\n\n\n\n<div class=\"wp-block-jetpack-tiled-gallery aligncenter is-style-rectangular\"><div class=\"\"><div class=\"tiled-gallery__gallery\"><div class=\"tiled-gallery__row\"><div class=\"tiled-gallery__col\" style=\"flex-basis:47.25827%\"><figure class=\"tiled-gallery__item\"><img decoding=\"async\" srcset=\"https:\/\/i0.wp.com\/habitacionpropia.mx\/wp-content\/uploads\/2026\/01\/IMG_6984.JPG-683x1024.jpeg?strip=info&#038;w=600&#038;ssl=1 600w,https:\/\/i0.wp.com\/habitacionpropia.mx\/wp-content\/uploads\/2026\/01\/IMG_6984.JPG-683x1024.jpeg?strip=info&#038;w=900&#038;ssl=1 900w,https:\/\/i0.wp.com\/habitacionpropia.mx\/wp-content\/uploads\/2026\/01\/IMG_6984.JPG-683x1024.jpeg?strip=info&#038;w=1200&#038;ssl=1 1200w,https:\/\/i0.wp.com\/habitacionpropia.mx\/wp-content\/uploads\/2026\/01\/IMG_6984.JPG-683x1024.jpeg?strip=info&#038;w=1500&#038;ssl=1 1500w,https:\/\/i0.wp.com\/habitacionpropia.mx\/wp-content\/uploads\/2026\/01\/IMG_6984.JPG-683x1024.jpeg?strip=info&#038;w=1707&#038;ssl=1 1707w\" alt=\"\" data-height=\"2560\" data-id=\"1774\" data-link=\"https:\/\/habitacionpropia.mx\/?attachment_id=1774\" data-url=\"https:\/\/habitacionpropia.mx\/wp-content\/uploads\/2026\/01\/IMG_6984.JPG-683x1024.jpeg\" data-width=\"1707\" src=\"https:\/\/i0.wp.com\/habitacionpropia.mx\/wp-content\/uploads\/2026\/01\/IMG_6984.JPG-683x1024.jpeg?ssl=1\" data-amp-layout=\"responsive\"\/><\/figure><\/div><div class=\"tiled-gallery__col\" style=\"flex-basis:52.74173%\"><figure class=\"tiled-gallery__item\"><img decoding=\"async\" srcset=\"https:\/\/i0.wp.com\/habitacionpropia.mx\/wp-content\/uploads\/2026\/01\/IMG_7007.JPG-1024x683.jpeg?strip=info&#038;w=600&#038;ssl=1 600w,https:\/\/i0.wp.com\/habitacionpropia.mx\/wp-content\/uploads\/2026\/01\/IMG_7007.JPG-1024x683.jpeg?strip=info&#038;w=900&#038;ssl=1 900w,https:\/\/i0.wp.com\/habitacionpropia.mx\/wp-content\/uploads\/2026\/01\/IMG_7007.JPG-1024x683.jpeg?strip=info&#038;w=1200&#038;ssl=1 1200w,https:\/\/i0.wp.com\/habitacionpropia.mx\/wp-content\/uploads\/2026\/01\/IMG_7007.JPG-1024x683.jpeg?strip=info&#038;w=1500&#038;ssl=1 1500w,https:\/\/i0.wp.com\/habitacionpropia.mx\/wp-content\/uploads\/2026\/01\/IMG_7007.JPG-1024x683.jpeg?strip=info&#038;w=1800&#038;ssl=1 1800w,https:\/\/i0.wp.com\/habitacionpropia.mx\/wp-content\/uploads\/2026\/01\/IMG_7007.JPG-1024x683.jpeg?strip=info&#038;w=2000&#038;ssl=1 2000w\" alt=\"\" data-height=\"1707\" data-id=\"1772\" data-link=\"https:\/\/habitacionpropia.mx\/?attachment_id=1772\" data-url=\"https:\/\/habitacionpropia.mx\/wp-content\/uploads\/2026\/01\/IMG_7007.JPG-1024x683.jpeg\" data-width=\"2560\" src=\"https:\/\/i0.wp.com\/habitacionpropia.mx\/wp-content\/uploads\/2026\/01\/IMG_7007.JPG-1024x683.jpeg?ssl=1\" data-amp-layout=\"responsive\"\/><\/figure><figure class=\"tiled-gallery__item\"><img decoding=\"async\" srcset=\"https:\/\/i0.wp.com\/habitacionpropia.mx\/wp-content\/uploads\/2026\/01\/IMG_7024.JPG-1024x683.jpeg?strip=info&#038;w=600&#038;ssl=1 600w,https:\/\/i0.wp.com\/habitacionpropia.mx\/wp-content\/uploads\/2026\/01\/IMG_7024.JPG-1024x683.jpeg?strip=info&#038;w=900&#038;ssl=1 900w,https:\/\/i0.wp.com\/habitacionpropia.mx\/wp-content\/uploads\/2026\/01\/IMG_7024.JPG-1024x683.jpeg?strip=info&#038;w=1200&#038;ssl=1 1200w,https:\/\/i0.wp.com\/habitacionpropia.mx\/wp-content\/uploads\/2026\/01\/IMG_7024.JPG-1024x683.jpeg?strip=info&#038;w=1500&#038;ssl=1 1500w,https:\/\/i0.wp.com\/habitacionpropia.mx\/wp-content\/uploads\/2026\/01\/IMG_7024.JPG-1024x683.jpeg?strip=info&#038;w=1800&#038;ssl=1 1800w,https:\/\/i0.wp.com\/habitacionpropia.mx\/wp-content\/uploads\/2026\/01\/IMG_7024.JPG-1024x683.jpeg?strip=info&#038;w=2000&#038;ssl=1 2000w\" alt=\"\" data-height=\"1707\" data-id=\"1773\" data-link=\"https:\/\/habitacionpropia.mx\/?attachment_id=1773\" data-url=\"https:\/\/habitacionpropia.mx\/wp-content\/uploads\/2026\/01\/IMG_7024.JPG-1024x683.jpeg\" data-width=\"2560\" src=\"https:\/\/i0.wp.com\/habitacionpropia.mx\/wp-content\/uploads\/2026\/01\/IMG_7024.JPG-1024x683.jpeg?ssl=1\" data-amp-layout=\"responsive\"\/><\/figure><\/div><\/div><\/div><\/div><\/div>\n\n\n\n<p>La obra, cuyo gui\u00f3n es completamente en lengua maya y est\u00e1 interpretada por actrices y m\u00fasicas locales, forma parte del proyecto internacional Ring of our Time del World Opera Lab, que re\u00fane a artistas de 40 pa\u00edses para abordar la crisis global del agua. Bajo la direcci\u00f3n de Miranda Lakerveld, el elenco \u2013integrado por las actrices y activistas mayas Socorro Loeza (Medalla Yucat\u00e1n 2024) y Lucero Flores, la cantante Dana G\u00f3ngora, la marimbista Wendy Palomeque, la productora Alex Benavides y la cantautora Daniela Romero\u2013 <strong>narra historias del agua desde las primeras leyendas mayas hasta la actualidad, recuperando relatos tradicionales como la de las v\u00edrgenes del cenote y el kutxa\u2019an suum, el lazo espiritual que une a las comunidades.<\/strong><\/p>\n\n\n\n<p>Tras la funci\u00f3n, artistas, ejidatarios, miembros de la Asamblea por el Agua y el Territorio, y el p\u00fablico participaron en un ts\u00edikbal (conversaci\u00f3n), donde se intercambiaron reflexiones sobre la defensa del territorio. Juan, un ejidatario de Kanas\u00edn, expres\u00f3:&nbsp;<\/p>\n\n\n\n<blockquote class=\"wp-block-quote is-layout-flow wp-block-quote-is-layout-flow\">\n<p>\u201cHan deteriorado mucho a nuestro ejido. Mucha gente sabe que los mayeros de Kanas\u00edn no saben leer y en su momento estas personas, abogados, se han aprovechado. Yo ando luchando con todos los compa\u00f1eros para dejar de estar enga\u00f1ado, recibiendo migajas. Podemos recuperar nuestras tierras\u201d.<\/p>\n<\/blockquote>\n\n\n\n<p class=\"has-medium-font-size\">Denunci\u00f3 tambi\u00e9n que no se sabe cu\u00e1ntas hect\u00e1reas han sido afectadas para el proyecto cervecero y que no hubo una asamblea ejidal leg\u00edtima que lo avalara.<\/p>\n\n\n\n<figure class=\"wp-block-gallery has-nested-images columns-default is-cropped wp-block-gallery-1 is-layout-flex wp-block-gallery-is-layout-flex\">\n<figure class=\"wp-block-image size-large\"><img loading=\"lazy\" decoding=\"async\" width=\"1024\" height=\"683\" data-id=\"1776\" src=\"https:\/\/habitacionpropia.mx\/wp-content\/uploads\/2026\/01\/IMG_7020.JPG-1024x683.jpeg\" alt=\"\" class=\"wp-image-1776\" srcset=\"https:\/\/habitacionpropia.mx\/wp-content\/uploads\/2026\/01\/IMG_7020.JPG-1024x683.jpeg 1024w, https:\/\/habitacionpropia.mx\/wp-content\/uploads\/2026\/01\/IMG_7020.JPG-300x200.jpeg 300w, https:\/\/habitacionpropia.mx\/wp-content\/uploads\/2026\/01\/IMG_7020.JPG-768x512.jpeg 768w, https:\/\/habitacionpropia.mx\/wp-content\/uploads\/2026\/01\/IMG_7020.JPG-1536x1024.jpeg 1536w, https:\/\/habitacionpropia.mx\/wp-content\/uploads\/2026\/01\/IMG_7020.JPG-2048x1365.jpeg 2048w, https:\/\/habitacionpropia.mx\/wp-content\/uploads\/2026\/01\/IMG_7020.JPG-450x300.jpeg 450w, https:\/\/habitacionpropia.mx\/wp-content\/uploads\/2026\/01\/IMG_7020.JPG-1320x880.jpeg 1320w, https:\/\/habitacionpropia.mx\/wp-content\/uploads\/2026\/01\/IMG_7020.JPG-600x400.jpeg 600w\" sizes=\"auto, (max-width: 1024px) 100vw, 1024px\" \/><\/figure>\n\n\n\n<figure class=\"wp-block-image size-large\"><img loading=\"lazy\" decoding=\"async\" width=\"1024\" height=\"683\" data-id=\"1777\" src=\"https:\/\/habitacionpropia.mx\/wp-content\/uploads\/2026\/01\/IMG_7031.JPG-1024x683.jpeg\" alt=\"\" class=\"wp-image-1777\" srcset=\"https:\/\/habitacionpropia.mx\/wp-content\/uploads\/2026\/01\/IMG_7031.JPG-1024x683.jpeg 1024w, https:\/\/habitacionpropia.mx\/wp-content\/uploads\/2026\/01\/IMG_7031.JPG-300x200.jpeg 300w, https:\/\/habitacionpropia.mx\/wp-content\/uploads\/2026\/01\/IMG_7031.JPG-768x512.jpeg 768w, https:\/\/habitacionpropia.mx\/wp-content\/uploads\/2026\/01\/IMG_7031.JPG-1536x1024.jpeg 1536w, https:\/\/habitacionpropia.mx\/wp-content\/uploads\/2026\/01\/IMG_7031.JPG-2048x1365.jpeg 2048w, https:\/\/habitacionpropia.mx\/wp-content\/uploads\/2026\/01\/IMG_7031.JPG-450x300.jpeg 450w, https:\/\/habitacionpropia.mx\/wp-content\/uploads\/2026\/01\/IMG_7031.JPG-1320x880.jpeg 1320w, https:\/\/habitacionpropia.mx\/wp-content\/uploads\/2026\/01\/IMG_7031.JPG-600x400.jpeg 600w\" sizes=\"auto, (max-width: 1024px) 100vw, 1024px\" \/><\/figure>\n<\/figure>\n\n\n\n<p>La Asamblea por el Agua y el Territorio destac\u00f3 la relevancia de este acto: <\/p>\n\n\n\n<blockquote class=\"wp-block-quote is-layout-flow wp-block-quote-is-layout-flow\">\n<p>\u201cEl arte es una forma muy poderosa de conectar con las personas. Sujuy Ja\u2019 relata c\u00f3mo el agua, de ser algo sagrado vinculado a la vida, termina por convertirse en un recurso que se puede conquistar. Para quienes no hablamos maya, la \u00f3pera transmite emociones comunes y apela al sentir profundo por la p\u00e9rdida de la naturaleza. Esta obra no es solo una actuaci\u00f3n, es un canto a la defensa\u201d.<\/p>\n<\/blockquote>\n\n\n\n<p>Sujuy Ja\u2019 ha sido presentada previamente en el Festival de Holanda \u2013el encuentro de artes esc\u00e9nicas m\u00e1s antiguo de los Pa\u00edses Bajos\u2013, as\u00ed como en Irak e Indonesia. <strong>En Kanas\u00edn, su presentaci\u00f3n simboliza la resistencia local frente a proyectos que ponen en riesgo el acu\u00edfero y la vida comunitaria, y refuerza el mensaje de que el agua es un bien sagrado, no comercial.<\/strong><\/p>\n\n\n\n<p class=\"has-white-color has-text-color has-background has-link-color wp-elements-0ae514266b7f4c06f54ddacb9a89212f\" style=\"background:linear-gradient(135deg,rgb(6,147,227) 0%,rgb(155,81,224) 0%)\">Esta es una colaboraci\u00f3n de la <strong><a href=\"https:\/\/www.instagram.com\/endefensadelaguayuc\/\">Asamblea por el Agua<\/a><\/strong> y <strong><a href=\"https:\/\/l.instagram.com\/?u=https%3A%2F%2Fsubstack.com%2F%40memoriasdenomada%3Futm_source%3Dig%26utm_medium%3Dsocial%26utm_content%3Dlink_in_bio%26fbclid%3DPAZXh0bgNhZW0CMTEAc3J0YwZhcHBfaWQMMjU2MjgxMDQwNTU4AAGndyoJZYDw2uWIeP63Sq0IfVjHIHps3pbEfe52_pdtssXMVxMrsTO3rqf944M_aem_C1pWOY3EC0Mt8CjPLZhWAw&amp;e=AT06bxjBUFpSOCsD8JGtMm2xM8I4K99a2UhWMDbzRa8rii5ADKAEhPrSTWIMl4EOP_uEbVXUQZkSI0RpAVQSE63x6spkLNAkGiCCSrrXAunzSg0bRJYYGpse6A\">Memorias de N\u00f3mada<\/a><\/strong>.<\/p>\n\n\n\n<figure class=\"wp-block-image size-large\"><img loading=\"lazy\" decoding=\"async\" width=\"1024\" height=\"512\" src=\"http:\/\/habitacionpropia.mx\/wp-content\/uploads\/2024\/11\/Publicidad3-1024x512.png\" alt=\"\" class=\"wp-image-515\" srcset=\"https:\/\/habitacionpropia.mx\/wp-content\/uploads\/2024\/11\/Publicidad3-1024x512.png 1024w, https:\/\/habitacionpropia.mx\/wp-content\/uploads\/2024\/11\/Publicidad3-300x150.png 300w, https:\/\/habitacionpropia.mx\/wp-content\/uploads\/2024\/11\/Publicidad3-768x384.png 768w, https:\/\/habitacionpropia.mx\/wp-content\/uploads\/2024\/11\/Publicidad3-1536x768.png 1536w, https:\/\/habitacionpropia.mx\/wp-content\/uploads\/2024\/11\/Publicidad3-2048x1024.png 2048w, https:\/\/habitacionpropia.mx\/wp-content\/uploads\/2024\/11\/Publicidad3-120x60.png 120w\" sizes=\"auto, (max-width: 1024px) 100vw, 1024px\" \/><\/figure>\n","protected":false},"excerpt":{"rendered":"<p>La obra fusiona arte y activismo frente a la amenaza de megaproyectos extractivos, como la planta de Heineken que podr\u00eda utilizar millones de litros del acu\u00edfero yucateco.<\/p>\n","protected":false},"author":4,"featured_media":1770,"comment_status":"open","ping_status":"open","sticky":false,"template":"","format":"standard","meta":{"om_disable_all_campaigns":false,"_monsterinsights_skip_tracking":false,"_monsterinsights_sitenote_active":false,"_monsterinsights_sitenote_note":"","_monsterinsights_sitenote_category":0,"jetpack_post_was_ever_published":false,"_jetpack_newsletter_access":"","_jetpack_dont_email_post_to_subs":false,"_jetpack_newsletter_tier_id":0,"_jetpack_memberships_contains_paywalled_content":false,"_jetpack_memberships_contains_paid_content":false,"footnotes":""},"categories":[5,272,10],"tags":[555,115,447,553,370,18,554,373,90,316,86],"class_list":["post-1768","post","type-post","status-publish","format-standard","has-post-thumbnail","hentry","category-casa-compartida","category-museo","category-patio-arbolado","tag-acuifero","tag-agua","tag-cenotes","tag-comunidades","tag-derecho-al-agua","tag-derechos","tag-ejido","tag-kanasin","tag-mexico","tag-puesta-en-escena","tag-yucatan"],"yoast_head":"<!-- This site is optimized with the Yoast SEO plugin v25.7 - https:\/\/yoast.com\/wordpress\/plugins\/seo\/ -->\n<title>\u2018Sujuy Ja\u2019: Agua Sagrada\u2019, una \u00f3pera maya que alza la voz en defensa del agua y el territorio en Kanas\u00edn - Habitaci\u00f3n Propia<\/title>\n<meta name=\"robots\" content=\"index, follow, max-snippet:-1, max-image-preview:large, max-video-preview:-1\" \/>\n<link rel=\"canonical\" href=\"https:\/\/habitacionpropia.mx\/index.php\/2026\/01\/31\/sujuy-ja-agua-sagrada-una-opera-maya-que-alza-la-voz-en-defensa-del-agua-y-el-territorio-en-kanasin\/\" \/>\n<meta property=\"og:locale\" content=\"es_MX\" \/>\n<meta property=\"og:type\" content=\"article\" \/>\n<meta property=\"og:title\" content=\"\u2018Sujuy Ja\u2019: Agua Sagrada\u2019, una \u00f3pera maya que alza la voz en defensa del agua y el territorio en Kanas\u00edn - Habitaci\u00f3n Propia\" \/>\n<meta property=\"og:description\" content=\"La obra fusiona arte y activismo frente a la amenaza de megaproyectos extractivos, como la planta de Heineken que podr\u00eda utilizar millones de litros del acu\u00edfero yucateco.\" \/>\n<meta property=\"og:url\" content=\"https:\/\/habitacionpropia.mx\/index.php\/2026\/01\/31\/sujuy-ja-agua-sagrada-una-opera-maya-que-alza-la-voz-en-defensa-del-agua-y-el-territorio-en-kanasin\/\" \/>\n<meta property=\"og:site_name\" content=\"Habitaci\u00f3n Propia\" \/>\n<meta property=\"article:publisher\" content=\"https:\/\/www.facebook.com\/habitacionpropia.mx\" \/>\n<meta property=\"article:published_time\" content=\"2026-01-31T01:04:05+00:00\" \/>\n<meta property=\"article:modified_time\" content=\"2026-01-31T01:07:38+00:00\" \/>\n<meta property=\"og:image\" content=\"http:\/\/habitacionpropia.mx\/wp-content\/uploads\/2026\/01\/IMG_7014.JPG-scaled.jpeg\" \/>\n\t<meta property=\"og:image:width\" content=\"2560\" \/>\n\t<meta property=\"og:image:height\" content=\"1707\" \/>\n\t<meta property=\"og:image:type\" content=\"image\/jpeg\" \/>\n<meta name=\"author\" content=\"Redacci\u00f3n\" \/>\n<meta name=\"twitter:card\" content=\"summary_large_image\" \/>\n<meta name=\"twitter:label1\" content=\"Escrito por\" \/>\n\t<meta name=\"twitter:data1\" content=\"Redacci\u00f3n\" \/>\n\t<meta name=\"twitter:label2\" content=\"Tiempo de lectura\" \/>\n\t<meta name=\"twitter:data2\" content=\"4 minutos\" \/>\n<script type=\"application\/ld+json\" class=\"yoast-schema-graph\">{\"@context\":\"https:\/\/schema.org\",\"@graph\":[{\"@type\":\"Article\",\"@id\":\"https:\/\/habitacionpropia.mx\/index.php\/2026\/01\/31\/sujuy-ja-agua-sagrada-una-opera-maya-que-alza-la-voz-en-defensa-del-agua-y-el-territorio-en-kanasin\/#article\",\"isPartOf\":{\"@id\":\"https:\/\/habitacionpropia.mx\/index.php\/2026\/01\/31\/sujuy-ja-agua-sagrada-una-opera-maya-que-alza-la-voz-en-defensa-del-agua-y-el-territorio-en-kanasin\/\"},\"author\":{\"name\":\"Redacci\u00f3n\",\"@id\":\"https:\/\/habitacionpropia.mx\/#\/schema\/person\/a5d7d1860aaa98c0ffafe5e7c4a203d6\"},\"headline\":\"\u2018Sujuy Ja\u2019: Agua Sagrada\u2019, una \u00f3pera maya que alza la voz en defensa del agua y el territorio en Kanas\u00edn\",\"datePublished\":\"2026-01-31T01:04:05+00:00\",\"dateModified\":\"2026-01-31T01:07:38+00:00\",\"mainEntityOfPage\":{\"@id\":\"https:\/\/habitacionpropia.mx\/index.php\/2026\/01\/31\/sujuy-ja-agua-sagrada-una-opera-maya-que-alza-la-voz-en-defensa-del-agua-y-el-territorio-en-kanasin\/\"},\"wordCount\":555,\"commentCount\":0,\"publisher\":{\"@id\":\"https:\/\/habitacionpropia.mx\/#organization\"},\"image\":{\"@id\":\"https:\/\/habitacionpropia.mx\/index.php\/2026\/01\/31\/sujuy-ja-agua-sagrada-una-opera-maya-que-alza-la-voz-en-defensa-del-agua-y-el-territorio-en-kanasin\/#primaryimage\"},\"thumbnailUrl\":\"https:\/\/habitacionpropia.mx\/wp-content\/uploads\/2026\/01\/IMG_7014.JPG-scaled.jpeg\",\"keywords\":[\"acu\u00edfero\",\"Agua\",\"Cenotes\",\"comunidades\",\"derecho al agua\",\"derechos\",\"ejido\",\"Kanas\u00edn\",\"M\u00e9xico\",\"puesta en escena\",\"Yucat\u00e1n\"],\"articleSection\":[\"Casa Compartida\",\"Museo\",\"Patio Arbolado\"],\"inLanguage\":\"es\",\"potentialAction\":[{\"@type\":\"CommentAction\",\"name\":\"Comment\",\"target\":[\"https:\/\/habitacionpropia.mx\/index.php\/2026\/01\/31\/sujuy-ja-agua-sagrada-una-opera-maya-que-alza-la-voz-en-defensa-del-agua-y-el-territorio-en-kanasin\/#respond\"]}]},{\"@type\":\"WebPage\",\"@id\":\"https:\/\/habitacionpropia.mx\/index.php\/2026\/01\/31\/sujuy-ja-agua-sagrada-una-opera-maya-que-alza-la-voz-en-defensa-del-agua-y-el-territorio-en-kanasin\/\",\"url\":\"https:\/\/habitacionpropia.mx\/index.php\/2026\/01\/31\/sujuy-ja-agua-sagrada-una-opera-maya-que-alza-la-voz-en-defensa-del-agua-y-el-territorio-en-kanasin\/\",\"name\":\"\u2018Sujuy Ja\u2019: Agua Sagrada\u2019, una \u00f3pera maya que alza la voz en defensa del agua y el territorio en Kanas\u00edn - Habitaci\u00f3n Propia\",\"isPartOf\":{\"@id\":\"https:\/\/habitacionpropia.mx\/#website\"},\"primaryImageOfPage\":{\"@id\":\"https:\/\/habitacionpropia.mx\/index.php\/2026\/01\/31\/sujuy-ja-agua-sagrada-una-opera-maya-que-alza-la-voz-en-defensa-del-agua-y-el-territorio-en-kanasin\/#primaryimage\"},\"image\":{\"@id\":\"https:\/\/habitacionpropia.mx\/index.php\/2026\/01\/31\/sujuy-ja-agua-sagrada-una-opera-maya-que-alza-la-voz-en-defensa-del-agua-y-el-territorio-en-kanasin\/#primaryimage\"},\"thumbnailUrl\":\"https:\/\/habitacionpropia.mx\/wp-content\/uploads\/2026\/01\/IMG_7014.JPG-scaled.jpeg\",\"datePublished\":\"2026-01-31T01:04:05+00:00\",\"dateModified\":\"2026-01-31T01:07:38+00:00\",\"breadcrumb\":{\"@id\":\"https:\/\/habitacionpropia.mx\/index.php\/2026\/01\/31\/sujuy-ja-agua-sagrada-una-opera-maya-que-alza-la-voz-en-defensa-del-agua-y-el-territorio-en-kanasin\/#breadcrumb\"},\"inLanguage\":\"es\",\"potentialAction\":[{\"@type\":\"ReadAction\",\"target\":[\"https:\/\/habitacionpropia.mx\/index.php\/2026\/01\/31\/sujuy-ja-agua-sagrada-una-opera-maya-que-alza-la-voz-en-defensa-del-agua-y-el-territorio-en-kanasin\/\"]}]},{\"@type\":\"ImageObject\",\"inLanguage\":\"es\",\"@id\":\"https:\/\/habitacionpropia.mx\/index.php\/2026\/01\/31\/sujuy-ja-agua-sagrada-una-opera-maya-que-alza-la-voz-en-defensa-del-agua-y-el-territorio-en-kanasin\/#primaryimage\",\"url\":\"https:\/\/habitacionpropia.mx\/wp-content\/uploads\/2026\/01\/IMG_7014.JPG-scaled.jpeg\",\"contentUrl\":\"https:\/\/habitacionpropia.mx\/wp-content\/uploads\/2026\/01\/IMG_7014.JPG-scaled.jpeg\",\"width\":2560,\"height\":1707},{\"@type\":\"BreadcrumbList\",\"@id\":\"https:\/\/habitacionpropia.mx\/index.php\/2026\/01\/31\/sujuy-ja-agua-sagrada-una-opera-maya-que-alza-la-voz-en-defensa-del-agua-y-el-territorio-en-kanasin\/#breadcrumb\",\"itemListElement\":[{\"@type\":\"ListItem\",\"position\":1,\"name\":\"Inicio\",\"item\":\"https:\/\/habitacionpropia.mx\/\"},{\"@type\":\"ListItem\",\"position\":2,\"name\":\"\u2018Sujuy Ja\u2019: Agua Sagrada\u2019, una \u00f3pera maya que alza la voz en defensa del agua y el territorio en Kanas\u00edn\"}]},{\"@type\":\"WebSite\",\"@id\":\"https:\/\/habitacionpropia.mx\/#website\",\"url\":\"https:\/\/habitacionpropia.mx\/\",\"name\":\"Habitaci\u00f3n Propia\",\"description\":\"\",\"publisher\":{\"@id\":\"https:\/\/habitacionpropia.mx\/#organization\"},\"potentialAction\":[{\"@type\":\"SearchAction\",\"target\":{\"@type\":\"EntryPoint\",\"urlTemplate\":\"https:\/\/habitacionpropia.mx\/?s={search_term_string}\"},\"query-input\":{\"@type\":\"PropertyValueSpecification\",\"valueRequired\":true,\"valueName\":\"search_term_string\"}}],\"inLanguage\":\"es\"},{\"@type\":\"Organization\",\"@id\":\"https:\/\/habitacionpropia.mx\/#organization\",\"name\":\"Habitaci\u00f3n Propia\",\"url\":\"https:\/\/habitacionpropia.mx\/\",\"logo\":{\"@type\":\"ImageObject\",\"inLanguage\":\"es\",\"@id\":\"https:\/\/habitacionpropia.mx\/#\/schema\/logo\/image\/\",\"url\":\"https:\/\/habitacionpropia.mx\/wp-content\/uploads\/2024\/01\/cropped-Logo-Final-1.png\",\"contentUrl\":\"https:\/\/habitacionpropia.mx\/wp-content\/uploads\/2024\/01\/cropped-Logo-Final-1.png\",\"width\":846,\"height\":191,\"caption\":\"Habitaci\u00f3n Propia\"},\"image\":{\"@id\":\"https:\/\/habitacionpropia.mx\/#\/schema\/logo\/image\/\"},\"sameAs\":[\"https:\/\/www.facebook.com\/habitacionpropia.mx\",\"https:\/\/www.instagram.com\/habitacionpropia.mx\/\"]},{\"@type\":\"Person\",\"@id\":\"https:\/\/habitacionpropia.mx\/#\/schema\/person\/a5d7d1860aaa98c0ffafe5e7c4a203d6\",\"name\":\"Redacci\u00f3n\",\"image\":{\"@type\":\"ImageObject\",\"inLanguage\":\"es\",\"@id\":\"https:\/\/habitacionpropia.mx\/#\/schema\/person\/image\/\",\"url\":\"https:\/\/secure.gravatar.com\/avatar\/bbd2d6dd1b1688ce810f4e8a7fb119404f27b95517081c9e3e05be9c8e82c0e2?s=96&d=mm&r=g\",\"contentUrl\":\"https:\/\/secure.gravatar.com\/avatar\/bbd2d6dd1b1688ce810f4e8a7fb119404f27b95517081c9e3e05be9c8e82c0e2?s=96&d=mm&r=g\",\"caption\":\"Redacci\u00f3n\"},\"url\":\"https:\/\/habitacionpropia.mx\/index.php\/author\/redaccion\/\"}]}<\/script>\n<!-- \/ Yoast SEO plugin. -->","yoast_head_json":{"title":"\u2018Sujuy Ja\u2019: Agua Sagrada\u2019, una \u00f3pera maya que alza la voz en defensa del agua y el territorio en Kanas\u00edn - Habitaci\u00f3n Propia","robots":{"index":"index","follow":"follow","max-snippet":"max-snippet:-1","max-image-preview":"max-image-preview:large","max-video-preview":"max-video-preview:-1"},"canonical":"https:\/\/habitacionpropia.mx\/index.php\/2026\/01\/31\/sujuy-ja-agua-sagrada-una-opera-maya-que-alza-la-voz-en-defensa-del-agua-y-el-territorio-en-kanasin\/","og_locale":"es_MX","og_type":"article","og_title":"\u2018Sujuy Ja\u2019: Agua Sagrada\u2019, una \u00f3pera maya que alza la voz en defensa del agua y el territorio en Kanas\u00edn - Habitaci\u00f3n Propia","og_description":"La obra fusiona arte y activismo frente a la amenaza de megaproyectos extractivos, como la planta de Heineken que podr\u00eda utilizar millones de litros del acu\u00edfero yucateco.","og_url":"https:\/\/habitacionpropia.mx\/index.php\/2026\/01\/31\/sujuy-ja-agua-sagrada-una-opera-maya-que-alza-la-voz-en-defensa-del-agua-y-el-territorio-en-kanasin\/","og_site_name":"Habitaci\u00f3n Propia","article_publisher":"https:\/\/www.facebook.com\/habitacionpropia.mx","article_published_time":"2026-01-31T01:04:05+00:00","article_modified_time":"2026-01-31T01:07:38+00:00","og_image":[{"width":2560,"height":1707,"url":"http:\/\/habitacionpropia.mx\/wp-content\/uploads\/2026\/01\/IMG_7014.JPG-scaled.jpeg","type":"image\/jpeg"}],"author":"Redacci\u00f3n","twitter_card":"summary_large_image","twitter_misc":{"Escrito por":"Redacci\u00f3n","Tiempo de lectura":"4 minutos"},"schema":{"@context":"https:\/\/schema.org","@graph":[{"@type":"Article","@id":"https:\/\/habitacionpropia.mx\/index.php\/2026\/01\/31\/sujuy-ja-agua-sagrada-una-opera-maya-que-alza-la-voz-en-defensa-del-agua-y-el-territorio-en-kanasin\/#article","isPartOf":{"@id":"https:\/\/habitacionpropia.mx\/index.php\/2026\/01\/31\/sujuy-ja-agua-sagrada-una-opera-maya-que-alza-la-voz-en-defensa-del-agua-y-el-territorio-en-kanasin\/"},"author":{"name":"Redacci\u00f3n","@id":"https:\/\/habitacionpropia.mx\/#\/schema\/person\/a5d7d1860aaa98c0ffafe5e7c4a203d6"},"headline":"\u2018Sujuy Ja\u2019: Agua Sagrada\u2019, una \u00f3pera maya que alza la voz en defensa del agua y el territorio en Kanas\u00edn","datePublished":"2026-01-31T01:04:05+00:00","dateModified":"2026-01-31T01:07:38+00:00","mainEntityOfPage":{"@id":"https:\/\/habitacionpropia.mx\/index.php\/2026\/01\/31\/sujuy-ja-agua-sagrada-una-opera-maya-que-alza-la-voz-en-defensa-del-agua-y-el-territorio-en-kanasin\/"},"wordCount":555,"commentCount":0,"publisher":{"@id":"https:\/\/habitacionpropia.mx\/#organization"},"image":{"@id":"https:\/\/habitacionpropia.mx\/index.php\/2026\/01\/31\/sujuy-ja-agua-sagrada-una-opera-maya-que-alza-la-voz-en-defensa-del-agua-y-el-territorio-en-kanasin\/#primaryimage"},"thumbnailUrl":"https:\/\/habitacionpropia.mx\/wp-content\/uploads\/2026\/01\/IMG_7014.JPG-scaled.jpeg","keywords":["acu\u00edfero","Agua","Cenotes","comunidades","derecho al agua","derechos","ejido","Kanas\u00edn","M\u00e9xico","puesta en escena","Yucat\u00e1n"],"articleSection":["Casa Compartida","Museo","Patio Arbolado"],"inLanguage":"es","potentialAction":[{"@type":"CommentAction","name":"Comment","target":["https:\/\/habitacionpropia.mx\/index.php\/2026\/01\/31\/sujuy-ja-agua-sagrada-una-opera-maya-que-alza-la-voz-en-defensa-del-agua-y-el-territorio-en-kanasin\/#respond"]}]},{"@type":"WebPage","@id":"https:\/\/habitacionpropia.mx\/index.php\/2026\/01\/31\/sujuy-ja-agua-sagrada-una-opera-maya-que-alza-la-voz-en-defensa-del-agua-y-el-territorio-en-kanasin\/","url":"https:\/\/habitacionpropia.mx\/index.php\/2026\/01\/31\/sujuy-ja-agua-sagrada-una-opera-maya-que-alza-la-voz-en-defensa-del-agua-y-el-territorio-en-kanasin\/","name":"\u2018Sujuy Ja\u2019: Agua Sagrada\u2019, una \u00f3pera maya que alza la voz en defensa del agua y el territorio en Kanas\u00edn - Habitaci\u00f3n Propia","isPartOf":{"@id":"https:\/\/habitacionpropia.mx\/#website"},"primaryImageOfPage":{"@id":"https:\/\/habitacionpropia.mx\/index.php\/2026\/01\/31\/sujuy-ja-agua-sagrada-una-opera-maya-que-alza-la-voz-en-defensa-del-agua-y-el-territorio-en-kanasin\/#primaryimage"},"image":{"@id":"https:\/\/habitacionpropia.mx\/index.php\/2026\/01\/31\/sujuy-ja-agua-sagrada-una-opera-maya-que-alza-la-voz-en-defensa-del-agua-y-el-territorio-en-kanasin\/#primaryimage"},"thumbnailUrl":"https:\/\/habitacionpropia.mx\/wp-content\/uploads\/2026\/01\/IMG_7014.JPG-scaled.jpeg","datePublished":"2026-01-31T01:04:05+00:00","dateModified":"2026-01-31T01:07:38+00:00","breadcrumb":{"@id":"https:\/\/habitacionpropia.mx\/index.php\/2026\/01\/31\/sujuy-ja-agua-sagrada-una-opera-maya-que-alza-la-voz-en-defensa-del-agua-y-el-territorio-en-kanasin\/#breadcrumb"},"inLanguage":"es","potentialAction":[{"@type":"ReadAction","target":["https:\/\/habitacionpropia.mx\/index.php\/2026\/01\/31\/sujuy-ja-agua-sagrada-una-opera-maya-que-alza-la-voz-en-defensa-del-agua-y-el-territorio-en-kanasin\/"]}]},{"@type":"ImageObject","inLanguage":"es","@id":"https:\/\/habitacionpropia.mx\/index.php\/2026\/01\/31\/sujuy-ja-agua-sagrada-una-opera-maya-que-alza-la-voz-en-defensa-del-agua-y-el-territorio-en-kanasin\/#primaryimage","url":"https:\/\/habitacionpropia.mx\/wp-content\/uploads\/2026\/01\/IMG_7014.JPG-scaled.jpeg","contentUrl":"https:\/\/habitacionpropia.mx\/wp-content\/uploads\/2026\/01\/IMG_7014.JPG-scaled.jpeg","width":2560,"height":1707},{"@type":"BreadcrumbList","@id":"https:\/\/habitacionpropia.mx\/index.php\/2026\/01\/31\/sujuy-ja-agua-sagrada-una-opera-maya-que-alza-la-voz-en-defensa-del-agua-y-el-territorio-en-kanasin\/#breadcrumb","itemListElement":[{"@type":"ListItem","position":1,"name":"Inicio","item":"https:\/\/habitacionpropia.mx\/"},{"@type":"ListItem","position":2,"name":"\u2018Sujuy Ja\u2019: Agua Sagrada\u2019, una \u00f3pera maya que alza la voz en defensa del agua y el territorio en Kanas\u00edn"}]},{"@type":"WebSite","@id":"https:\/\/habitacionpropia.mx\/#website","url":"https:\/\/habitacionpropia.mx\/","name":"Habitaci\u00f3n Propia","description":"","publisher":{"@id":"https:\/\/habitacionpropia.mx\/#organization"},"potentialAction":[{"@type":"SearchAction","target":{"@type":"EntryPoint","urlTemplate":"https:\/\/habitacionpropia.mx\/?s={search_term_string}"},"query-input":{"@type":"PropertyValueSpecification","valueRequired":true,"valueName":"search_term_string"}}],"inLanguage":"es"},{"@type":"Organization","@id":"https:\/\/habitacionpropia.mx\/#organization","name":"Habitaci\u00f3n Propia","url":"https:\/\/habitacionpropia.mx\/","logo":{"@type":"ImageObject","inLanguage":"es","@id":"https:\/\/habitacionpropia.mx\/#\/schema\/logo\/image\/","url":"https:\/\/habitacionpropia.mx\/wp-content\/uploads\/2024\/01\/cropped-Logo-Final-1.png","contentUrl":"https:\/\/habitacionpropia.mx\/wp-content\/uploads\/2024\/01\/cropped-Logo-Final-1.png","width":846,"height":191,"caption":"Habitaci\u00f3n Propia"},"image":{"@id":"https:\/\/habitacionpropia.mx\/#\/schema\/logo\/image\/"},"sameAs":["https:\/\/www.facebook.com\/habitacionpropia.mx","https:\/\/www.instagram.com\/habitacionpropia.mx\/"]},{"@type":"Person","@id":"https:\/\/habitacionpropia.mx\/#\/schema\/person\/a5d7d1860aaa98c0ffafe5e7c4a203d6","name":"Redacci\u00f3n","image":{"@type":"ImageObject","inLanguage":"es","@id":"https:\/\/habitacionpropia.mx\/#\/schema\/person\/image\/","url":"https:\/\/secure.gravatar.com\/avatar\/bbd2d6dd1b1688ce810f4e8a7fb119404f27b95517081c9e3e05be9c8e82c0e2?s=96&d=mm&r=g","contentUrl":"https:\/\/secure.gravatar.com\/avatar\/bbd2d6dd1b1688ce810f4e8a7fb119404f27b95517081c9e3e05be9c8e82c0e2?s=96&d=mm&r=g","caption":"Redacci\u00f3n"},"url":"https:\/\/habitacionpropia.mx\/index.php\/author\/redaccion\/"}]}},"jetpack_featured_media_url":"https:\/\/habitacionpropia.mx\/wp-content\/uploads\/2026\/01\/IMG_7014.JPG-scaled.jpeg","jetpack_sharing_enabled":true,"_links":{"self":[{"href":"https:\/\/habitacionpropia.mx\/index.php\/wp-json\/wp\/v2\/posts\/1768","targetHints":{"allow":["GET"]}}],"collection":[{"href":"https:\/\/habitacionpropia.mx\/index.php\/wp-json\/wp\/v2\/posts"}],"about":[{"href":"https:\/\/habitacionpropia.mx\/index.php\/wp-json\/wp\/v2\/types\/post"}],"author":[{"embeddable":true,"href":"https:\/\/habitacionpropia.mx\/index.php\/wp-json\/wp\/v2\/users\/4"}],"replies":[{"embeddable":true,"href":"https:\/\/habitacionpropia.mx\/index.php\/wp-json\/wp\/v2\/comments?post=1768"}],"version-history":[{"count":5,"href":"https:\/\/habitacionpropia.mx\/index.php\/wp-json\/wp\/v2\/posts\/1768\/revisions"}],"predecessor-version":[{"id":1782,"href":"https:\/\/habitacionpropia.mx\/index.php\/wp-json\/wp\/v2\/posts\/1768\/revisions\/1782"}],"wp:featuredmedia":[{"embeddable":true,"href":"https:\/\/habitacionpropia.mx\/index.php\/wp-json\/wp\/v2\/media\/1770"}],"wp:attachment":[{"href":"https:\/\/habitacionpropia.mx\/index.php\/wp-json\/wp\/v2\/media?parent=1768"}],"wp:term":[{"taxonomy":"category","embeddable":true,"href":"https:\/\/habitacionpropia.mx\/index.php\/wp-json\/wp\/v2\/categories?post=1768"},{"taxonomy":"post_tag","embeddable":true,"href":"https:\/\/habitacionpropia.mx\/index.php\/wp-json\/wp\/v2\/tags?post=1768"}],"curies":[{"name":"wp","href":"https:\/\/api.w.org\/{rel}","templated":true}]}}