{"id":197,"date":"2024-04-05T00:04:24","date_gmt":"2024-04-05T00:04:24","guid":{"rendered":"https:\/\/habitacionpropia.mx\/?p=197"},"modified":"2024-04-05T00:04:26","modified_gmt":"2024-04-05T00:04:26","slug":"el-son-jarocho-que-levanta-la-voz","status":"publish","type":"post","link":"https:\/\/habitacionpropia.mx\/index.php\/2024\/04\/05\/el-son-jarocho-que-levanta-la-voz\/","title":{"rendered":"El Son Jarocho que levanta la voz"},"content":{"rendered":"\n<blockquote class=\"wp-block-quote is-layout-flow wp-block-quote-is-layout-flow\">\n<p><strong>\u201cSignifica mucho poder cantarle a la vida, poder cantarle a la lucha\u201d.<\/strong><\/p>\n<cite>Nefertari P\u00e9epen, fundadora de Laboratorio Son<\/cite><\/blockquote>\n\n\n\n<p>El 8M de este a\u00f1o tuvo un toque muy particular. En ciertos puntos del recorrido, pod\u00edas escuchar unas voces, cuerdas y zapateos con un ritmo cautivador, pero tambi\u00e9n con mucha fuerza.<\/p>\n\n\n\n<p>Cuando lo escuch\u00e9 como \u201cde fondo\u201d, a lo lejos, me atrap\u00f3 y me fui acercando hasta encontrarme con las mujeres que estaban creando, no solo m\u00fasica, sino un momento \u00edntimo con las manifestantes que se encontraban cerca, bailando junto con las mujeres que estaban al frente.<\/p>\n\n\n\n<p>Ya mir\u00e1ndolas\u2026 Y, claro, escuch\u00e1ndolas, me percat\u00e9 de sus letras, esas que sal\u00edan desde su diafragma hasta su boca, cantaban posicionamientos pol\u00edticos sobre la mujer en el mundo.<\/p>\n\n\n\n<p>Eventualmente, me enter\u00e9 de que se nombraban Contingente Fandangueras y tuve la oportunidad de platicar con Nefertari P\u00e9epen quien ha impulsado el son jarocho de esta forma en Yucat\u00e1n.<\/p>\n\n\n\n<p>Ella, me cont\u00f3 que el Contingente Fandangueras forma parte de Laboratorio Son, un espacio en donde comparten este g\u00e9nero musical que las re\u00fanen en talleres, pero tambi\u00e9n como laboratorio musical y de movimiento.<\/p>\n\n\n\n<p>El son jarocho, es una m\u00fasica campesina, tradicional; es mucho m\u00e1s que un g\u00e9nero musical porque para que su existencia sea posible, requiere una cosmovisi\u00f3n alrededor de ella, viene de Veracruz, Oaxaca, Chiapas y Tabasco; pero ahora se encuentra presente en Yucat\u00e1n con la presencia de diversos grupos como \u00e9ste.<\/p>\n\n\n\n<p>Esta m\u00fasica popular lleg\u00f3 a la vida de Nefertari desde hace ocho a\u00f1os aproximadamente y, junto con ella, lleg\u00f3 tambi\u00e9n su deseo de ver a m\u00e1s mujeres y disidencias sexuales que participen activamente en el son, hecho que la llev\u00f3 hasta crear Laboratorio Son \u2014junto con sus amigas\u2014.<\/p>\n\n\n\n<p>En este espacio comparten \u201cno exclusivamente mujeres porque <strong>el son jarocho como una m\u00fasica popular es una m\u00fasica comunitaria,<\/strong> pero s\u00ed la necesidad de <strong>priorizar la relaci\u00f3n entre las mujeres y disidencias, de cocrear esta m\u00fasica<\/strong> y, sobre todo, de aprenderla\u201d.<\/p>\n\n\n\n<p>Por tradici\u00f3n, las mujeres y disidencias sexuales y sexogen\u00e9ricas, han sido relegadas en las din\u00e1micas y creaci\u00f3n de la m\u00fasica; el caso del son jarocho no es la excepci\u00f3n y, adem\u00e1s, suelen asignarles \u00fanicamente el papel de bailar.<\/p>\n\n\n\n<blockquote class=\"wp-block-quote is-layout-flow wp-block-quote-is-layout-flow\">\n<p>\u201cComo el adorno del show o de la m\u00fasica, cuando, para empezar, la tarima es un instrumento, es una percusi\u00f3n que marca al resto de las percusiones\u201d.<\/p>\n<\/blockquote>\n\n\n\n<p>En la comunidad que ya existe en M\u00e9rida, narr\u00f3, no hab\u00eda encontrado espacio para politizar todas estas necesidades musicales y de aprendizaje para ellas, pero se daba cuenta de que <strong>mientras no se pusieran sobre la mesa estas din\u00e1micas de g\u00e9nero, nada iba a cambiar.<\/strong><\/p>\n\n\n\n<p>Fue as\u00ed que surgi\u00f3 la idea de <strong>crear un espacio<\/strong>, no desde lo individual, sino <strong>en colectivo<\/strong>; con un grupo de amigas que durante la pandemia le insistieron en aprender juntas porque su grupo iba creciendo.<\/p>\n\n\n\n<p>Ahora comparten la m\u00fasica desde mujeres j\u00f3venes en los veintes hasta mujeres adultas en los setentas a este espacio donde aprenden, no como una escuela formal, sino en un encuentro cada 15 d\u00edas.<\/p>\n\n\n\n<p><strong>Hace poco m\u00e1s de un a\u00f1o iniciaron con el Laboratorio Son, donde una de sus prioridades es que las personas que asisten adquieran autonom\u00eda para crear su propia m\u00fasica<\/strong>; esto, tambi\u00e9n como una lucha, pues reconocen que las letras tradicionales del g\u00e9nero suelen ser machistas y mis\u00f3ginas, entonces juegan con ellas para transformarlas.<\/p>\n\n\n\n<blockquote class=\"wp-block-quote is-layout-flow wp-block-quote-is-layout-flow\">\n<p>\u201cEl son jarocho es una m\u00fasica popular, viene de tradiciones que involucran s\u00ed o s\u00ed, ciertas din\u00e1micas machistas o micromachismos, como en la versada\u201d.<\/p>\n<\/blockquote>\n\n\n\n<p>El son El Col\u00e1s es uno de esos que dejan salir frases como \u201cla mujer de Nicol\u00e1s\u201d, o versos como:<\/p>\n\n\n\n<pre class=\"wp-block-verse\">\u201cAmada Marcelina<br>D\u00f3nde est\u00e1s que no te veo<br>Estoy en la cocina<br>Guisando los fideos\u201d<\/pre>\n\n\n\n<p>Pero en este proceso donde ellas politizan la m\u00fasica, cambian este tipo de versadas, cantando:<\/p>\n\n\n\n<pre class=\"wp-block-verse\">\u201cAmada Marcelina<br>D\u00f3nde est\u00e1s que no te veo<br>Estoy en la oficina<br>Contestando los correos\u201d.<\/pre>\n\n\n\n<p>Este es solo un ejemplo, pero tambi\u00e9n han usado otros estribillos como \u201cpor mucho que me acoses no ser\u00e9 tuya jam\u00e1s\u201d.<\/p>\n\n\n\n<p>En la marcha del pasado 8 de marzo, La Bamba se convirti\u00f3 en una canci\u00f3n abortera, pues la utilizaron para hablar sobre el derecho a decidir.<\/p>\n\n\n\n<blockquote class=\"wp-block-quote is-layout-flow wp-block-quote-is-layout-flow\">\n<p>\u201cEsa era (es) la idea, poder compartir un g\u00e9nero tradicional que viene de ciertas expresiones, que al mismo tiempo son violencia cultural y durante muchos a\u00f1os se estuvo cantando sin cuestionar qu\u00e9 era lo que est\u00e1bamos cantando y ahora ser conscientes y compartir nuestra m\u00fasica y lo que estamos haciendo\u201d.<\/p>\n<\/blockquote>\n\n\n\n<p>Describi\u00f3 que el son jarocho es una fiesta con ciertas reglas comunitarias dentro de la m\u00fasica y el baile, que priorizan el disfrute; entre ellas, comparten estos espacios cantando sus versos ya modificados, como un posicionamiento pol\u00edtico de que no quieren continuar cantando los mismos versos de siempre.<\/p>\n\n\n\n<p>Con estas visiones, llegan de Conkal, Sotuta, Tecoh y otros municipios a M\u00e9rida para compartir el son los s\u00e1bados de cada 15 d\u00edas.<\/p>\n\n\n\n<blockquote class=\"wp-block-quote is-layout-flow wp-block-quote-is-layout-flow\">\n<p>\u201c[\u2026] Compartir este baile tradicional con el zapateado del son jarocho como una herramienta, s\u00ed musical, pero tambi\u00e9n de conexi\u00f3n con el cuerpo\u201d.<\/p>\n<\/blockquote>\n\n\n\n<p>Cada una tiene diferentes destrezas, cuerpos, edades y formas de relacionarse con sus propios cuerpos, por eso cada una conecta de formas diversas con el baile y la m\u00fasica y desde el Laboratorio empoderan esto.<\/p>\n\n\n\n<p>En la mayor parte de las artes, existe el discurso de que tienes que aprender desde peque\u00f1a para ser buena y por esto muchas llegan con miedo o pena, pero eso es precisamente parte del proceso que impulsan para que cualquiera se atreva a aprender el son jarocho independientemente de su edad.<\/p>\n\n\n\n<p>El Laboratorio Son inici\u00f3 con cinco mujeres y ahora est\u00e1 conformado por alrededor de 15 y, si a ti te interesa, tambi\u00e9n puedes formar parte inscribi\u00e9ndote a trav\u00e9s de su <a href=\"https:\/\/www.instagram.com\/laboratorioson\/\" title=\"\">Instagram <\/a>o <a href=\"https:\/\/www.facebook.com\/laboratorioson\" title=\"\">Facebook<\/a> o uni\u00e9ndote a alguno de sus convites, en donde comparten esta m\u00fasica.<\/p>\n","protected":false},"excerpt":{"rendered":"<p>\u201cSignifica mucho poder cantarle a la vida, poder cantarle a la lucha\u201d. Nefertari P\u00e9epen, fundadora de Laboratorio Son El 8M de este a\u00f1o tuvo un toque muy particular. En ciertos puntos del recorrido, pod\u00edas escuchar unas voces, cuerdas y zapateos con un ritmo cautivador, pero tambi\u00e9n con mucha fuerza. Cuando lo escuch\u00e9 como \u201cde fondo\u201d, &hellip; <\/p>\n","protected":false},"author":2,"featured_media":209,"comment_status":"open","ping_status":"open","sticky":false,"template":"","format":"standard","meta":{"om_disable_all_campaigns":false,"_monsterinsights_skip_tracking":false,"_monsterinsights_sitenote_active":false,"_monsterinsights_sitenote_note":"","_monsterinsights_sitenote_category":0,"jetpack_post_was_ever_published":false,"_jetpack_newsletter_access":"","_jetpack_dont_email_post_to_subs":true,"_jetpack_newsletter_tier_id":0,"_jetpack_memberships_contains_paywalled_content":false,"_jetpack_memberships_contains_paid_content":false,"footnotes":""},"categories":[7],"tags":[131,141,140,139,13,44,128,138],"class_list":["post-197","post","type-post","status-publish","format-standard","has-post-thumbnail","hentry","category-habitacion-lila","tag-8m","tag-autonomia","tag-disidencias","tag-laboratorio-son","tag-merida","tag-mujeres","tag-musica","tag-son-jarocho"],"yoast_head":"<!-- This site is optimized with the Yoast SEO plugin v25.7 - https:\/\/yoast.com\/wordpress\/plugins\/seo\/ -->\n<title>El Son Jarocho que levanta la voz - Habitaci\u00f3n Propia<\/title>\n<meta name=\"robots\" content=\"index, follow, max-snippet:-1, max-image-preview:large, max-video-preview:-1\" \/>\n<link rel=\"canonical\" href=\"https:\/\/habitacionpropia.mx\/index.php\/2024\/04\/05\/el-son-jarocho-que-levanta-la-voz\/\" \/>\n<meta property=\"og:locale\" content=\"es_MX\" \/>\n<meta property=\"og:type\" content=\"article\" \/>\n<meta property=\"og:title\" content=\"El Son Jarocho que levanta la voz - Habitaci\u00f3n Propia\" \/>\n<meta property=\"og:description\" content=\"\u201cSignifica mucho poder cantarle a la vida, poder cantarle a la lucha\u201d. Nefertari P\u00e9epen, fundadora de Laboratorio Son El 8M de este a\u00f1o tuvo un toque muy particular. En ciertos puntos del recorrido, pod\u00edas escuchar unas voces, cuerdas y zapateos con un ritmo cautivador, pero tambi\u00e9n con mucha fuerza. Cuando lo escuch\u00e9 como \u201cde fondo\u201d, &hellip;\" \/>\n<meta property=\"og:url\" content=\"https:\/\/habitacionpropia.mx\/index.php\/2024\/04\/05\/el-son-jarocho-que-levanta-la-voz\/\" \/>\n<meta property=\"og:site_name\" content=\"Habitaci\u00f3n Propia\" \/>\n<meta property=\"article:publisher\" content=\"https:\/\/www.facebook.com\/habitacionpropia.mx\" \/>\n<meta property=\"article:published_time\" content=\"2024-04-05T00:04:24+00:00\" \/>\n<meta property=\"article:modified_time\" content=\"2024-04-05T00:04:26+00:00\" \/>\n<meta property=\"og:image\" content=\"https:\/\/habitacionpropia.mx\/wp-content\/uploads\/2024\/04\/Son.png\" \/>\n\t<meta property=\"og:image:width\" content=\"1200\" \/>\n\t<meta property=\"og:image:height\" content=\"630\" \/>\n\t<meta property=\"og:image:type\" content=\"image\/png\" \/>\n<meta name=\"author\" content=\"Cecilia Abreu\" \/>\n<meta name=\"twitter:card\" content=\"summary_large_image\" \/>\n<meta name=\"twitter:label1\" content=\"Escrito por\" \/>\n\t<meta name=\"twitter:data1\" content=\"Cecilia Abreu\" \/>\n\t<meta name=\"twitter:label2\" content=\"Tiempo de lectura\" \/>\n\t<meta name=\"twitter:data2\" content=\"5 minutos\" \/>\n<script type=\"application\/ld+json\" class=\"yoast-schema-graph\">{\"@context\":\"https:\/\/schema.org\",\"@graph\":[{\"@type\":\"Article\",\"@id\":\"https:\/\/habitacionpropia.mx\/index.php\/2024\/04\/05\/el-son-jarocho-que-levanta-la-voz\/#article\",\"isPartOf\":{\"@id\":\"https:\/\/habitacionpropia.mx\/index.php\/2024\/04\/05\/el-son-jarocho-que-levanta-la-voz\/\"},\"author\":{\"name\":\"Cecilia Abreu\",\"@id\":\"https:\/\/habitacionpropia.mx\/#\/schema\/person\/dbf2583eec00e0d304aa34d686a467d3\"},\"headline\":\"El Son Jarocho que levanta la voz\",\"datePublished\":\"2024-04-05T00:04:24+00:00\",\"dateModified\":\"2024-04-05T00:04:26+00:00\",\"mainEntityOfPage\":{\"@id\":\"https:\/\/habitacionpropia.mx\/index.php\/2024\/04\/05\/el-son-jarocho-que-levanta-la-voz\/\"},\"wordCount\":1016,\"commentCount\":0,\"publisher\":{\"@id\":\"https:\/\/habitacionpropia.mx\/#organization\"},\"image\":{\"@id\":\"https:\/\/habitacionpropia.mx\/index.php\/2024\/04\/05\/el-son-jarocho-que-levanta-la-voz\/#primaryimage\"},\"thumbnailUrl\":\"https:\/\/habitacionpropia.mx\/wp-content\/uploads\/2024\/04\/Son.png\",\"keywords\":[\"8M\",\"Autonom\u00eda\",\"Disidencias\",\"Laboratorio Son\",\"M\u00e9rida\",\"mujeres\",\"M\u00fasica\",\"Son Jarocho\"],\"articleSection\":[\"Habitaci\u00f3n Lila\"],\"inLanguage\":\"es\",\"potentialAction\":[{\"@type\":\"CommentAction\",\"name\":\"Comment\",\"target\":[\"https:\/\/habitacionpropia.mx\/index.php\/2024\/04\/05\/el-son-jarocho-que-levanta-la-voz\/#respond\"]}]},{\"@type\":\"WebPage\",\"@id\":\"https:\/\/habitacionpropia.mx\/index.php\/2024\/04\/05\/el-son-jarocho-que-levanta-la-voz\/\",\"url\":\"https:\/\/habitacionpropia.mx\/index.php\/2024\/04\/05\/el-son-jarocho-que-levanta-la-voz\/\",\"name\":\"El Son Jarocho que levanta la voz - Habitaci\u00f3n Propia\",\"isPartOf\":{\"@id\":\"https:\/\/habitacionpropia.mx\/#website\"},\"primaryImageOfPage\":{\"@id\":\"https:\/\/habitacionpropia.mx\/index.php\/2024\/04\/05\/el-son-jarocho-que-levanta-la-voz\/#primaryimage\"},\"image\":{\"@id\":\"https:\/\/habitacionpropia.mx\/index.php\/2024\/04\/05\/el-son-jarocho-que-levanta-la-voz\/#primaryimage\"},\"thumbnailUrl\":\"https:\/\/habitacionpropia.mx\/wp-content\/uploads\/2024\/04\/Son.png\",\"datePublished\":\"2024-04-05T00:04:24+00:00\",\"dateModified\":\"2024-04-05T00:04:26+00:00\",\"breadcrumb\":{\"@id\":\"https:\/\/habitacionpropia.mx\/index.php\/2024\/04\/05\/el-son-jarocho-que-levanta-la-voz\/#breadcrumb\"},\"inLanguage\":\"es\",\"potentialAction\":[{\"@type\":\"ReadAction\",\"target\":[\"https:\/\/habitacionpropia.mx\/index.php\/2024\/04\/05\/el-son-jarocho-que-levanta-la-voz\/\"]}]},{\"@type\":\"ImageObject\",\"inLanguage\":\"es\",\"@id\":\"https:\/\/habitacionpropia.mx\/index.php\/2024\/04\/05\/el-son-jarocho-que-levanta-la-voz\/#primaryimage\",\"url\":\"https:\/\/habitacionpropia.mx\/wp-content\/uploads\/2024\/04\/Son.png\",\"contentUrl\":\"https:\/\/habitacionpropia.mx\/wp-content\/uploads\/2024\/04\/Son.png\",\"width\":1200,\"height\":630},{\"@type\":\"BreadcrumbList\",\"@id\":\"https:\/\/habitacionpropia.mx\/index.php\/2024\/04\/05\/el-son-jarocho-que-levanta-la-voz\/#breadcrumb\",\"itemListElement\":[{\"@type\":\"ListItem\",\"position\":1,\"name\":\"Inicio\",\"item\":\"https:\/\/habitacionpropia.mx\/\"},{\"@type\":\"ListItem\",\"position\":2,\"name\":\"El Son Jarocho que levanta la voz\"}]},{\"@type\":\"WebSite\",\"@id\":\"https:\/\/habitacionpropia.mx\/#website\",\"url\":\"https:\/\/habitacionpropia.mx\/\",\"name\":\"Habitaci\u00f3n Propia\",\"description\":\"\",\"publisher\":{\"@id\":\"https:\/\/habitacionpropia.mx\/#organization\"},\"potentialAction\":[{\"@type\":\"SearchAction\",\"target\":{\"@type\":\"EntryPoint\",\"urlTemplate\":\"https:\/\/habitacionpropia.mx\/?s={search_term_string}\"},\"query-input\":{\"@type\":\"PropertyValueSpecification\",\"valueRequired\":true,\"valueName\":\"search_term_string\"}}],\"inLanguage\":\"es\"},{\"@type\":\"Organization\",\"@id\":\"https:\/\/habitacionpropia.mx\/#organization\",\"name\":\"Habitaci\u00f3n Propia\",\"url\":\"https:\/\/habitacionpropia.mx\/\",\"logo\":{\"@type\":\"ImageObject\",\"inLanguage\":\"es\",\"@id\":\"https:\/\/habitacionpropia.mx\/#\/schema\/logo\/image\/\",\"url\":\"https:\/\/habitacionpropia.mx\/wp-content\/uploads\/2024\/01\/cropped-Logo-Final-1.png\",\"contentUrl\":\"https:\/\/habitacionpropia.mx\/wp-content\/uploads\/2024\/01\/cropped-Logo-Final-1.png\",\"width\":846,\"height\":191,\"caption\":\"Habitaci\u00f3n Propia\"},\"image\":{\"@id\":\"https:\/\/habitacionpropia.mx\/#\/schema\/logo\/image\/\"},\"sameAs\":[\"https:\/\/www.facebook.com\/habitacionpropia.mx\",\"https:\/\/www.instagram.com\/habitacionpropia.mx\/\"]},{\"@type\":\"Person\",\"@id\":\"https:\/\/habitacionpropia.mx\/#\/schema\/person\/dbf2583eec00e0d304aa34d686a467d3\",\"name\":\"Cecilia Abreu\",\"image\":{\"@type\":\"ImageObject\",\"inLanguage\":\"es\",\"@id\":\"https:\/\/habitacionpropia.mx\/#\/schema\/person\/image\/\",\"url\":\"https:\/\/secure.gravatar.com\/avatar\/3bdeb664b7ee56f59698e37c381360d9754b5472bab7b47dbc5826b232abf970?s=96&d=mm&r=g\",\"contentUrl\":\"https:\/\/secure.gravatar.com\/avatar\/3bdeb664b7ee56f59698e37c381360d9754b5472bab7b47dbc5826b232abf970?s=96&d=mm&r=g\",\"caption\":\"Cecilia Abreu\"},\"url\":\"https:\/\/habitacionpropia.mx\/index.php\/author\/cecy-abric\/\"}]}<\/script>\n<!-- \/ Yoast SEO plugin. -->","yoast_head_json":{"title":"El Son Jarocho que levanta la voz - Habitaci\u00f3n Propia","robots":{"index":"index","follow":"follow","max-snippet":"max-snippet:-1","max-image-preview":"max-image-preview:large","max-video-preview":"max-video-preview:-1"},"canonical":"https:\/\/habitacionpropia.mx\/index.php\/2024\/04\/05\/el-son-jarocho-que-levanta-la-voz\/","og_locale":"es_MX","og_type":"article","og_title":"El Son Jarocho que levanta la voz - Habitaci\u00f3n Propia","og_description":"\u201cSignifica mucho poder cantarle a la vida, poder cantarle a la lucha\u201d. Nefertari P\u00e9epen, fundadora de Laboratorio Son El 8M de este a\u00f1o tuvo un toque muy particular. En ciertos puntos del recorrido, pod\u00edas escuchar unas voces, cuerdas y zapateos con un ritmo cautivador, pero tambi\u00e9n con mucha fuerza. Cuando lo escuch\u00e9 como \u201cde fondo\u201d, &hellip;","og_url":"https:\/\/habitacionpropia.mx\/index.php\/2024\/04\/05\/el-son-jarocho-que-levanta-la-voz\/","og_site_name":"Habitaci\u00f3n Propia","article_publisher":"https:\/\/www.facebook.com\/habitacionpropia.mx","article_published_time":"2024-04-05T00:04:24+00:00","article_modified_time":"2024-04-05T00:04:26+00:00","og_image":[{"width":1200,"height":630,"url":"https:\/\/habitacionpropia.mx\/wp-content\/uploads\/2024\/04\/Son.png","type":"image\/png"}],"author":"Cecilia Abreu","twitter_card":"summary_large_image","twitter_misc":{"Escrito por":"Cecilia Abreu","Tiempo de lectura":"5 minutos"},"schema":{"@context":"https:\/\/schema.org","@graph":[{"@type":"Article","@id":"https:\/\/habitacionpropia.mx\/index.php\/2024\/04\/05\/el-son-jarocho-que-levanta-la-voz\/#article","isPartOf":{"@id":"https:\/\/habitacionpropia.mx\/index.php\/2024\/04\/05\/el-son-jarocho-que-levanta-la-voz\/"},"author":{"name":"Cecilia Abreu","@id":"https:\/\/habitacionpropia.mx\/#\/schema\/person\/dbf2583eec00e0d304aa34d686a467d3"},"headline":"El Son Jarocho que levanta la voz","datePublished":"2024-04-05T00:04:24+00:00","dateModified":"2024-04-05T00:04:26+00:00","mainEntityOfPage":{"@id":"https:\/\/habitacionpropia.mx\/index.php\/2024\/04\/05\/el-son-jarocho-que-levanta-la-voz\/"},"wordCount":1016,"commentCount":0,"publisher":{"@id":"https:\/\/habitacionpropia.mx\/#organization"},"image":{"@id":"https:\/\/habitacionpropia.mx\/index.php\/2024\/04\/05\/el-son-jarocho-que-levanta-la-voz\/#primaryimage"},"thumbnailUrl":"https:\/\/habitacionpropia.mx\/wp-content\/uploads\/2024\/04\/Son.png","keywords":["8M","Autonom\u00eda","Disidencias","Laboratorio Son","M\u00e9rida","mujeres","M\u00fasica","Son Jarocho"],"articleSection":["Habitaci\u00f3n Lila"],"inLanguage":"es","potentialAction":[{"@type":"CommentAction","name":"Comment","target":["https:\/\/habitacionpropia.mx\/index.php\/2024\/04\/05\/el-son-jarocho-que-levanta-la-voz\/#respond"]}]},{"@type":"WebPage","@id":"https:\/\/habitacionpropia.mx\/index.php\/2024\/04\/05\/el-son-jarocho-que-levanta-la-voz\/","url":"https:\/\/habitacionpropia.mx\/index.php\/2024\/04\/05\/el-son-jarocho-que-levanta-la-voz\/","name":"El Son Jarocho que levanta la voz - Habitaci\u00f3n Propia","isPartOf":{"@id":"https:\/\/habitacionpropia.mx\/#website"},"primaryImageOfPage":{"@id":"https:\/\/habitacionpropia.mx\/index.php\/2024\/04\/05\/el-son-jarocho-que-levanta-la-voz\/#primaryimage"},"image":{"@id":"https:\/\/habitacionpropia.mx\/index.php\/2024\/04\/05\/el-son-jarocho-que-levanta-la-voz\/#primaryimage"},"thumbnailUrl":"https:\/\/habitacionpropia.mx\/wp-content\/uploads\/2024\/04\/Son.png","datePublished":"2024-04-05T00:04:24+00:00","dateModified":"2024-04-05T00:04:26+00:00","breadcrumb":{"@id":"https:\/\/habitacionpropia.mx\/index.php\/2024\/04\/05\/el-son-jarocho-que-levanta-la-voz\/#breadcrumb"},"inLanguage":"es","potentialAction":[{"@type":"ReadAction","target":["https:\/\/habitacionpropia.mx\/index.php\/2024\/04\/05\/el-son-jarocho-que-levanta-la-voz\/"]}]},{"@type":"ImageObject","inLanguage":"es","@id":"https:\/\/habitacionpropia.mx\/index.php\/2024\/04\/05\/el-son-jarocho-que-levanta-la-voz\/#primaryimage","url":"https:\/\/habitacionpropia.mx\/wp-content\/uploads\/2024\/04\/Son.png","contentUrl":"https:\/\/habitacionpropia.mx\/wp-content\/uploads\/2024\/04\/Son.png","width":1200,"height":630},{"@type":"BreadcrumbList","@id":"https:\/\/habitacionpropia.mx\/index.php\/2024\/04\/05\/el-son-jarocho-que-levanta-la-voz\/#breadcrumb","itemListElement":[{"@type":"ListItem","position":1,"name":"Inicio","item":"https:\/\/habitacionpropia.mx\/"},{"@type":"ListItem","position":2,"name":"El Son Jarocho que levanta la voz"}]},{"@type":"WebSite","@id":"https:\/\/habitacionpropia.mx\/#website","url":"https:\/\/habitacionpropia.mx\/","name":"Habitaci\u00f3n Propia","description":"","publisher":{"@id":"https:\/\/habitacionpropia.mx\/#organization"},"potentialAction":[{"@type":"SearchAction","target":{"@type":"EntryPoint","urlTemplate":"https:\/\/habitacionpropia.mx\/?s={search_term_string}"},"query-input":{"@type":"PropertyValueSpecification","valueRequired":true,"valueName":"search_term_string"}}],"inLanguage":"es"},{"@type":"Organization","@id":"https:\/\/habitacionpropia.mx\/#organization","name":"Habitaci\u00f3n Propia","url":"https:\/\/habitacionpropia.mx\/","logo":{"@type":"ImageObject","inLanguage":"es","@id":"https:\/\/habitacionpropia.mx\/#\/schema\/logo\/image\/","url":"https:\/\/habitacionpropia.mx\/wp-content\/uploads\/2024\/01\/cropped-Logo-Final-1.png","contentUrl":"https:\/\/habitacionpropia.mx\/wp-content\/uploads\/2024\/01\/cropped-Logo-Final-1.png","width":846,"height":191,"caption":"Habitaci\u00f3n Propia"},"image":{"@id":"https:\/\/habitacionpropia.mx\/#\/schema\/logo\/image\/"},"sameAs":["https:\/\/www.facebook.com\/habitacionpropia.mx","https:\/\/www.instagram.com\/habitacionpropia.mx\/"]},{"@type":"Person","@id":"https:\/\/habitacionpropia.mx\/#\/schema\/person\/dbf2583eec00e0d304aa34d686a467d3","name":"Cecilia Abreu","image":{"@type":"ImageObject","inLanguage":"es","@id":"https:\/\/habitacionpropia.mx\/#\/schema\/person\/image\/","url":"https:\/\/secure.gravatar.com\/avatar\/3bdeb664b7ee56f59698e37c381360d9754b5472bab7b47dbc5826b232abf970?s=96&d=mm&r=g","contentUrl":"https:\/\/secure.gravatar.com\/avatar\/3bdeb664b7ee56f59698e37c381360d9754b5472bab7b47dbc5826b232abf970?s=96&d=mm&r=g","caption":"Cecilia Abreu"},"url":"https:\/\/habitacionpropia.mx\/index.php\/author\/cecy-abric\/"}]}},"jetpack_featured_media_url":"https:\/\/habitacionpropia.mx\/wp-content\/uploads\/2024\/04\/Son.png","jetpack_sharing_enabled":true,"_links":{"self":[{"href":"https:\/\/habitacionpropia.mx\/index.php\/wp-json\/wp\/v2\/posts\/197","targetHints":{"allow":["GET"]}}],"collection":[{"href":"https:\/\/habitacionpropia.mx\/index.php\/wp-json\/wp\/v2\/posts"}],"about":[{"href":"https:\/\/habitacionpropia.mx\/index.php\/wp-json\/wp\/v2\/types\/post"}],"author":[{"embeddable":true,"href":"https:\/\/habitacionpropia.mx\/index.php\/wp-json\/wp\/v2\/users\/2"}],"replies":[{"embeddable":true,"href":"https:\/\/habitacionpropia.mx\/index.php\/wp-json\/wp\/v2\/comments?post=197"}],"version-history":[{"count":12,"href":"https:\/\/habitacionpropia.mx\/index.php\/wp-json\/wp\/v2\/posts\/197\/revisions"}],"predecessor-version":[{"id":210,"href":"https:\/\/habitacionpropia.mx\/index.php\/wp-json\/wp\/v2\/posts\/197\/revisions\/210"}],"wp:featuredmedia":[{"embeddable":true,"href":"https:\/\/habitacionpropia.mx\/index.php\/wp-json\/wp\/v2\/media\/209"}],"wp:attachment":[{"href":"https:\/\/habitacionpropia.mx\/index.php\/wp-json\/wp\/v2\/media?parent=197"}],"wp:term":[{"taxonomy":"category","embeddable":true,"href":"https:\/\/habitacionpropia.mx\/index.php\/wp-json\/wp\/v2\/categories?post=197"},{"taxonomy":"post_tag","embeddable":true,"href":"https:\/\/habitacionpropia.mx\/index.php\/wp-json\/wp\/v2\/tags?post=197"}],"curies":[{"name":"wp","href":"https:\/\/api.w.org\/{rel}","templated":true}]}}