{"id":275,"date":"2024-05-21T23:11:29","date_gmt":"2024-05-21T23:11:29","guid":{"rendered":"https:\/\/habitacionpropia.mx\/?p=275"},"modified":"2024-05-22T15:39:12","modified_gmt":"2024-05-22T15:39:12","slug":"exige-justicia-para-su-hija","status":"publish","type":"post","link":"https:\/\/habitacionpropia.mx\/index.php\/2024\/05\/21\/exige-justicia-para-su-hija\/","title":{"rendered":"Exige JUSTICIA para su hija"},"content":{"rendered":"\n<p>La mam\u00e1 de Alejandra*, Paloma, luego de denunciar el abuso sexual del que fue v\u00edctima su hija a los cuatro a\u00f1os, exige que no hagan convivir a su ni\u00f1a con su agresor, como lo est\u00e1n proponiendo con las visitas provisionales dos veces a la semana que el Estado le dictamin\u00f3.<\/p>\n\n\n\n<p>El proceso para Alejandra y Paloma comenz\u00f3 hace casi tres a\u00f1os, en agosto de 2021, cuando Paloma recibi\u00f3 la detecci\u00f3n de tres Infecciones de Transmisi\u00f3n Sexual (ITS, antes conocidas como ETS) y, por sugerencia de su ginec\u00f3logo, llev\u00f3 tambi\u00e9n a la ni\u00f1a a revisi\u00f3n, pues hab\u00eda tenido varias infecciones vaginales y no era algo &#8220;normal&#8221; para su edad (ten\u00eda cuatro a\u00f1os).<\/p>\n\n\n\n<p>Los resultados indicaron que la ni\u00f1a ten\u00eda una ITS y a partir de ese momento comienzan a identificar lo que estaba ocurriendo.<\/p>\n\n\n\n<p>Un tiempo atr\u00e1s, la mam\u00e1 de Paloma se hab\u00eda enfermado y, mientras ella se iba a dormir por las noches con su mam\u00e1 para mantenerse a su cuidado, Alejandra se quedaba en casa con su pap\u00e1 G.A.K.C**.<\/p>\n\n\n\n<p>Fue tambi\u00e9n a partir de ese momento que Alejandra comenz\u00f3 a tener ansiedad y miedo. Cuando su mam\u00e1 le dec\u00eda que se ir\u00eda a cuidar a su abuelita, le ped\u00eda que no se fuera, por lo que Paloma le propuso a G.A.K.C. poner c\u00e1maras en la rec\u00e1mara de la ni\u00f1a para estar al pendiente desde fuera, pero este nunca acept\u00f3.<\/p>\n\n\n\n<p>Paloma nunca supo lo que estaba pasando hasta que, al separarse de \u00e9l, identifica las ITS que ten\u00edan ella y su ni\u00f1a, entonces asustada se va a Culiac\u00e1n con su familia, estando all\u00ed decide comenzar con el proceso legal (en noviembre del mismo a\u00f1o).<\/p>\n\n\n\n<p>En un inicio, ella acudi\u00f3 para denunciarlo por &#8220;omisi\u00f3n de cuidados&#8221;, sin embargo, en la Fiscal\u00eda de Sinaloa le indicaron que debido a las ITS, pod\u00eda iniciar el proceso como abuso sexual infantil, entonces levantan la denuncia de esa forma.<\/p>\n\n\n\n<p>La madre advierte que ah\u00ed le hicieron a la ni\u00f1a un interrogatorio, pero luego la denuncia ten\u00eda que trasladarse a Yucat\u00e1n, debido a que fue el Estado en el que ocurri\u00f3 el delito&#8230; Pero no dieron inicio al proceso legal en Yucat\u00e1n hasta siete meses m\u00e1s tarde, en junio de 2022.<\/p>\n\n\n\n<p><strong>Y, hasta ahora, en mayo de 2024, el acusado contin\u00faa sin vinculaci\u00f3n.<\/strong><\/p>\n\n\n\n<p>Debido al tiempo que est\u00e1 llevando el proceso, la madre opt\u00f3 por hacerle un peritaje forense y uno psicol\u00f3gico particulares a su hija <strong>&#8220;para que le crean&#8221;<\/strong>. <\/p>\n\n\n\n<p><strong>Ambos peritajes se\u00f1alan que la ni\u00f1a tiene ansiedad, terrores nocturnos, entre otras secuelas del abuso que ha vivido.<\/strong><\/p>\n\n\n\n<p>Tambi\u00e9n ambos peritajes contienen la denuncia de la ni\u00f1a, quien dice expl\u00edcitamente qu\u00e9 le hac\u00eda su pap\u00e1 (informaci\u00f3n que no brindaremos a detalle para evitar el morbo y la revictimizaci\u00f3n de la ni\u00f1a).<\/p>\n\n\n\n<p>Adem\u00e1s, el psiquiatra Roberto Alfonso Carrillo Ru\u00edz, acudi\u00f3 a comparecer ante la Fiscal\u00eda del Estado de Yucat\u00e1n, se\u00f1alando que el padre de la ni\u00f1a le ofreci\u00f3 dinero para callarse.<\/p>\n\n\n\n<p>En su comparecencia, tambi\u00e9n indic\u00f3 que la ni\u00f1a tiene alteraciones del sue\u00f1o, terrores nocturnos y pesadillas al grado de requerir Diazepam.<\/p>\n\n\n\n<p>El mismo psiquiatra, dio a conocer que la ni\u00f1a no quiere ver a su pap\u00e1 e incluso le tiene miedo a figuras masculinas, raz\u00f3n por la que \u00e9l dej\u00f3 de guiar su proceso y la canalizaron con una psic\u00f3loga, pues identifican que hubo abuso, debido a estas y otras conductas.<\/p>\n\n\n\n<p><strong>Enfatiz\u00f3 que la ni\u00f1a dio la misma versi\u00f3n siempre, repitiendo m\u00e1s de 10 veces que fue su pap\u00e1.<\/strong><\/p>\n\n\n\n<p>A pesar de todo esto, el Juzgado Cuarto de Oralidad Familiar del Estado de Yucat\u00e1n dictamin\u00f3 que el pap\u00e1 tiene derecho a dos d\u00edas de visita de forma provisional en lo que se resuelve el caso y, aunque estas ser\u00edan con vigilancia en el Centro de Convivencia Familiar de Yucat\u00e1n, tanto los peritajes como la comparecencia del psiquiatra, dejan ver que la ni\u00f1a no quiere convivir con su pap\u00e1 y esta es otra revictimizaci\u00f3n.<\/p>\n\n\n\n<p>Por ello, la madre exige justicia, no solamente para avanzar en el proceso de la denuncia por abuso sexual infantil, sino tambi\u00e9n para que durante el proceso su hija no tenga que tener esta convivencia con el presunto agresor.<\/p>\n\n\n\n<p><\/p>\n\n\n\n<p>*El nombre de la ni\u00f1a y la madre se omiten por protecci\u00f3n de datos y evitar la revicitmizaci\u00f3n<\/p>\n\n\n\n<p>**El nombre del acusado se mantiene \u00fanicamente con las siglas para no afectar el proceso legal en curso<\/p>\n","protected":false},"excerpt":{"rendered":"<p>La mam\u00e1 de Alejandra*, Paloma, luego de denunciar el abuso sexual del que fue v\u00edctima su hija a los cuatro a\u00f1os, exige que no hagan convivir a su ni\u00f1a con su agresor, como lo est\u00e1n proponiendo con las visitas provisionales dos veces a la semana que el Estado le dictamin\u00f3. El proceso para Alejandra y &hellip; <\/p>\n","protected":false},"author":1,"featured_media":278,"comment_status":"open","ping_status":"open","sticky":false,"template":"","format":"standard","meta":{"om_disable_all_campaigns":false,"_monsterinsights_skip_tracking":false,"_monsterinsights_sitenote_active":false,"_monsterinsights_sitenote_note":"","_monsterinsights_sitenote_category":0,"jetpack_post_was_ever_published":false,"_jetpack_newsletter_access":"","_jetpack_dont_email_post_to_subs":false,"_jetpack_newsletter_tier_id":0,"_jetpack_memberships_contains_paywalled_content":false,"_jetpack_memberships_contains_paid_content":false,"footnotes":""},"categories":[156,7],"tags":[160,145,163,162,76,86],"class_list":["post-275","post","type-post","status-publish","format-standard","has-post-thumbnail","hentry","category-denuncias","category-habitacion-lila","tag-abuso-sexual-infantil","tag-denuncia","tag-mama","tag-papa","tag-violencia-de-genero","tag-yucatan"],"yoast_head":"<!-- This site is optimized with the Yoast SEO plugin v25.7 - https:\/\/yoast.com\/wordpress\/plugins\/seo\/ -->\n<title>Exige JUSTICIA para su hija - Habitaci\u00f3n Propia<\/title>\n<meta name=\"robots\" content=\"index, follow, max-snippet:-1, max-image-preview:large, max-video-preview:-1\" \/>\n<link rel=\"canonical\" href=\"https:\/\/habitacionpropia.mx\/index.php\/2024\/05\/21\/exige-justicia-para-su-hija\/\" \/>\n<meta property=\"og:locale\" content=\"es_MX\" \/>\n<meta property=\"og:type\" content=\"article\" \/>\n<meta property=\"og:title\" content=\"Exige JUSTICIA para su hija - Habitaci\u00f3n Propia\" \/>\n<meta property=\"og:description\" content=\"La mam\u00e1 de Alejandra*, Paloma, luego de denunciar el abuso sexual del que fue v\u00edctima su hija a los cuatro a\u00f1os, exige que no hagan convivir a su ni\u00f1a con su agresor, como lo est\u00e1n proponiendo con las visitas provisionales dos veces a la semana que el Estado le dictamin\u00f3. El proceso para Alejandra y &hellip;\" \/>\n<meta property=\"og:url\" content=\"https:\/\/habitacionpropia.mx\/index.php\/2024\/05\/21\/exige-justicia-para-su-hija\/\" \/>\n<meta property=\"og:site_name\" content=\"Habitaci\u00f3n Propia\" \/>\n<meta property=\"article:publisher\" content=\"https:\/\/www.facebook.com\/habitacionpropia.mx\" \/>\n<meta property=\"article:published_time\" content=\"2024-05-21T23:11:29+00:00\" \/>\n<meta property=\"article:modified_time\" content=\"2024-05-22T15:39:12+00:00\" \/>\n<meta property=\"og:image\" content=\"https:\/\/habitacionpropia.mx\/wp-content\/uploads\/2024\/05\/image-3-1024x683.png\" \/>\n\t<meta property=\"og:image:width\" content=\"1024\" \/>\n\t<meta property=\"og:image:height\" content=\"683\" \/>\n\t<meta property=\"og:image:type\" content=\"image\/png\" \/>\n<meta name=\"author\" content=\"habitacionpropia.mx\" \/>\n<meta name=\"twitter:card\" content=\"summary_large_image\" \/>\n<meta name=\"twitter:label1\" content=\"Escrito por\" \/>\n\t<meta name=\"twitter:data1\" content=\"habitacionpropia.mx\" \/>\n\t<meta name=\"twitter:label2\" content=\"Tiempo de lectura\" \/>\n\t<meta name=\"twitter:data2\" content=\"4 minutos\" \/>\n<script type=\"application\/ld+json\" class=\"yoast-schema-graph\">{\"@context\":\"https:\/\/schema.org\",\"@graph\":[{\"@type\":\"Article\",\"@id\":\"https:\/\/habitacionpropia.mx\/index.php\/2024\/05\/21\/exige-justicia-para-su-hija\/#article\",\"isPartOf\":{\"@id\":\"https:\/\/habitacionpropia.mx\/index.php\/2024\/05\/21\/exige-justicia-para-su-hija\/\"},\"author\":{\"name\":\"habitacionpropia.mx\",\"@id\":\"https:\/\/habitacionpropia.mx\/#\/schema\/person\/e6f477ce61bfd09134d4ccd8b88fc12d\"},\"headline\":\"Exige JUSTICIA para su hija\",\"datePublished\":\"2024-05-21T23:11:29+00:00\",\"dateModified\":\"2024-05-22T15:39:12+00:00\",\"mainEntityOfPage\":{\"@id\":\"https:\/\/habitacionpropia.mx\/index.php\/2024\/05\/21\/exige-justicia-para-su-hija\/\"},\"wordCount\":803,\"commentCount\":2,\"publisher\":{\"@id\":\"https:\/\/habitacionpropia.mx\/#organization\"},\"image\":{\"@id\":\"https:\/\/habitacionpropia.mx\/index.php\/2024\/05\/21\/exige-justicia-para-su-hija\/#primaryimage\"},\"thumbnailUrl\":\"https:\/\/habitacionpropia.mx\/wp-content\/uploads\/2024\/05\/image-3.png\",\"keywords\":[\"abuso sexual infantil\",\"Denuncia\",\"mam\u00e1\",\"pap\u00e1\",\"violencia de g\u00e9nero\",\"Yucat\u00e1n\"],\"articleSection\":[\"Denuncias\",\"Habitaci\u00f3n Lila\"],\"inLanguage\":\"es\",\"potentialAction\":[{\"@type\":\"CommentAction\",\"name\":\"Comment\",\"target\":[\"https:\/\/habitacionpropia.mx\/index.php\/2024\/05\/21\/exige-justicia-para-su-hija\/#respond\"]}]},{\"@type\":\"WebPage\",\"@id\":\"https:\/\/habitacionpropia.mx\/index.php\/2024\/05\/21\/exige-justicia-para-su-hija\/\",\"url\":\"https:\/\/habitacionpropia.mx\/index.php\/2024\/05\/21\/exige-justicia-para-su-hija\/\",\"name\":\"Exige JUSTICIA para su hija - Habitaci\u00f3n Propia\",\"isPartOf\":{\"@id\":\"https:\/\/habitacionpropia.mx\/#website\"},\"primaryImageOfPage\":{\"@id\":\"https:\/\/habitacionpropia.mx\/index.php\/2024\/05\/21\/exige-justicia-para-su-hija\/#primaryimage\"},\"image\":{\"@id\":\"https:\/\/habitacionpropia.mx\/index.php\/2024\/05\/21\/exige-justicia-para-su-hija\/#primaryimage\"},\"thumbnailUrl\":\"https:\/\/habitacionpropia.mx\/wp-content\/uploads\/2024\/05\/image-3.png\",\"datePublished\":\"2024-05-21T23:11:29+00:00\",\"dateModified\":\"2024-05-22T15:39:12+00:00\",\"breadcrumb\":{\"@id\":\"https:\/\/habitacionpropia.mx\/index.php\/2024\/05\/21\/exige-justicia-para-su-hija\/#breadcrumb\"},\"inLanguage\":\"es\",\"potentialAction\":[{\"@type\":\"ReadAction\",\"target\":[\"https:\/\/habitacionpropia.mx\/index.php\/2024\/05\/21\/exige-justicia-para-su-hija\/\"]}]},{\"@type\":\"ImageObject\",\"inLanguage\":\"es\",\"@id\":\"https:\/\/habitacionpropia.mx\/index.php\/2024\/05\/21\/exige-justicia-para-su-hija\/#primaryimage\",\"url\":\"https:\/\/habitacionpropia.mx\/wp-content\/uploads\/2024\/05\/image-3.png\",\"contentUrl\":\"https:\/\/habitacionpropia.mx\/wp-content\/uploads\/2024\/05\/image-3.png\",\"width\":2070,\"height\":1380},{\"@type\":\"BreadcrumbList\",\"@id\":\"https:\/\/habitacionpropia.mx\/index.php\/2024\/05\/21\/exige-justicia-para-su-hija\/#breadcrumb\",\"itemListElement\":[{\"@type\":\"ListItem\",\"position\":1,\"name\":\"Inicio\",\"item\":\"https:\/\/habitacionpropia.mx\/\"},{\"@type\":\"ListItem\",\"position\":2,\"name\":\"Exige JUSTICIA para su hija\"}]},{\"@type\":\"WebSite\",\"@id\":\"https:\/\/habitacionpropia.mx\/#website\",\"url\":\"https:\/\/habitacionpropia.mx\/\",\"name\":\"Habitaci\u00f3n Propia\",\"description\":\"\",\"publisher\":{\"@id\":\"https:\/\/habitacionpropia.mx\/#organization\"},\"potentialAction\":[{\"@type\":\"SearchAction\",\"target\":{\"@type\":\"EntryPoint\",\"urlTemplate\":\"https:\/\/habitacionpropia.mx\/?s={search_term_string}\"},\"query-input\":{\"@type\":\"PropertyValueSpecification\",\"valueRequired\":true,\"valueName\":\"search_term_string\"}}],\"inLanguage\":\"es\"},{\"@type\":\"Organization\",\"@id\":\"https:\/\/habitacionpropia.mx\/#organization\",\"name\":\"Habitaci\u00f3n Propia\",\"url\":\"https:\/\/habitacionpropia.mx\/\",\"logo\":{\"@type\":\"ImageObject\",\"inLanguage\":\"es\",\"@id\":\"https:\/\/habitacionpropia.mx\/#\/schema\/logo\/image\/\",\"url\":\"https:\/\/habitacionpropia.mx\/wp-content\/uploads\/2024\/01\/cropped-Logo-Final-1.png\",\"contentUrl\":\"https:\/\/habitacionpropia.mx\/wp-content\/uploads\/2024\/01\/cropped-Logo-Final-1.png\",\"width\":846,\"height\":191,\"caption\":\"Habitaci\u00f3n Propia\"},\"image\":{\"@id\":\"https:\/\/habitacionpropia.mx\/#\/schema\/logo\/image\/\"},\"sameAs\":[\"https:\/\/www.facebook.com\/habitacionpropia.mx\",\"https:\/\/www.instagram.com\/habitacionpropia.mx\/\"]},{\"@type\":\"Person\",\"@id\":\"https:\/\/habitacionpropia.mx\/#\/schema\/person\/e6f477ce61bfd09134d4ccd8b88fc12d\",\"name\":\"habitacionpropia.mx\",\"image\":{\"@type\":\"ImageObject\",\"inLanguage\":\"es\",\"@id\":\"https:\/\/habitacionpropia.mx\/#\/schema\/person\/image\/\",\"url\":\"https:\/\/secure.gravatar.com\/avatar\/79b4832f252ed058c38bb8616cfa9b2132a8dbec835fd4571c39578e75f17237?s=96&d=mm&r=g\",\"contentUrl\":\"https:\/\/secure.gravatar.com\/avatar\/79b4832f252ed058c38bb8616cfa9b2132a8dbec835fd4571c39578e75f17237?s=96&d=mm&r=g\",\"caption\":\"habitacionpropia.mx\"},\"sameAs\":[\"http:\/\/habitacionpropia.mx\"],\"url\":\"https:\/\/habitacionpropia.mx\/index.php\/author\/habitacionpropia-mx\/\"}]}<\/script>\n<!-- \/ Yoast SEO plugin. -->","yoast_head_json":{"title":"Exige JUSTICIA para su hija - Habitaci\u00f3n Propia","robots":{"index":"index","follow":"follow","max-snippet":"max-snippet:-1","max-image-preview":"max-image-preview:large","max-video-preview":"max-video-preview:-1"},"canonical":"https:\/\/habitacionpropia.mx\/index.php\/2024\/05\/21\/exige-justicia-para-su-hija\/","og_locale":"es_MX","og_type":"article","og_title":"Exige JUSTICIA para su hija - Habitaci\u00f3n Propia","og_description":"La mam\u00e1 de Alejandra*, Paloma, luego de denunciar el abuso sexual del que fue v\u00edctima su hija a los cuatro a\u00f1os, exige que no hagan convivir a su ni\u00f1a con su agresor, como lo est\u00e1n proponiendo con las visitas provisionales dos veces a la semana que el Estado le dictamin\u00f3. El proceso para Alejandra y &hellip;","og_url":"https:\/\/habitacionpropia.mx\/index.php\/2024\/05\/21\/exige-justicia-para-su-hija\/","og_site_name":"Habitaci\u00f3n Propia","article_publisher":"https:\/\/www.facebook.com\/habitacionpropia.mx","article_published_time":"2024-05-21T23:11:29+00:00","article_modified_time":"2024-05-22T15:39:12+00:00","og_image":[{"width":1024,"height":683,"url":"https:\/\/habitacionpropia.mx\/wp-content\/uploads\/2024\/05\/image-3-1024x683.png","type":"image\/png"}],"author":"habitacionpropia.mx","twitter_card":"summary_large_image","twitter_misc":{"Escrito por":"habitacionpropia.mx","Tiempo de lectura":"4 minutos"},"schema":{"@context":"https:\/\/schema.org","@graph":[{"@type":"Article","@id":"https:\/\/habitacionpropia.mx\/index.php\/2024\/05\/21\/exige-justicia-para-su-hija\/#article","isPartOf":{"@id":"https:\/\/habitacionpropia.mx\/index.php\/2024\/05\/21\/exige-justicia-para-su-hija\/"},"author":{"name":"habitacionpropia.mx","@id":"https:\/\/habitacionpropia.mx\/#\/schema\/person\/e6f477ce61bfd09134d4ccd8b88fc12d"},"headline":"Exige JUSTICIA para su hija","datePublished":"2024-05-21T23:11:29+00:00","dateModified":"2024-05-22T15:39:12+00:00","mainEntityOfPage":{"@id":"https:\/\/habitacionpropia.mx\/index.php\/2024\/05\/21\/exige-justicia-para-su-hija\/"},"wordCount":803,"commentCount":2,"publisher":{"@id":"https:\/\/habitacionpropia.mx\/#organization"},"image":{"@id":"https:\/\/habitacionpropia.mx\/index.php\/2024\/05\/21\/exige-justicia-para-su-hija\/#primaryimage"},"thumbnailUrl":"https:\/\/habitacionpropia.mx\/wp-content\/uploads\/2024\/05\/image-3.png","keywords":["abuso sexual infantil","Denuncia","mam\u00e1","pap\u00e1","violencia de g\u00e9nero","Yucat\u00e1n"],"articleSection":["Denuncias","Habitaci\u00f3n Lila"],"inLanguage":"es","potentialAction":[{"@type":"CommentAction","name":"Comment","target":["https:\/\/habitacionpropia.mx\/index.php\/2024\/05\/21\/exige-justicia-para-su-hija\/#respond"]}]},{"@type":"WebPage","@id":"https:\/\/habitacionpropia.mx\/index.php\/2024\/05\/21\/exige-justicia-para-su-hija\/","url":"https:\/\/habitacionpropia.mx\/index.php\/2024\/05\/21\/exige-justicia-para-su-hija\/","name":"Exige JUSTICIA para su hija - Habitaci\u00f3n Propia","isPartOf":{"@id":"https:\/\/habitacionpropia.mx\/#website"},"primaryImageOfPage":{"@id":"https:\/\/habitacionpropia.mx\/index.php\/2024\/05\/21\/exige-justicia-para-su-hija\/#primaryimage"},"image":{"@id":"https:\/\/habitacionpropia.mx\/index.php\/2024\/05\/21\/exige-justicia-para-su-hija\/#primaryimage"},"thumbnailUrl":"https:\/\/habitacionpropia.mx\/wp-content\/uploads\/2024\/05\/image-3.png","datePublished":"2024-05-21T23:11:29+00:00","dateModified":"2024-05-22T15:39:12+00:00","breadcrumb":{"@id":"https:\/\/habitacionpropia.mx\/index.php\/2024\/05\/21\/exige-justicia-para-su-hija\/#breadcrumb"},"inLanguage":"es","potentialAction":[{"@type":"ReadAction","target":["https:\/\/habitacionpropia.mx\/index.php\/2024\/05\/21\/exige-justicia-para-su-hija\/"]}]},{"@type":"ImageObject","inLanguage":"es","@id":"https:\/\/habitacionpropia.mx\/index.php\/2024\/05\/21\/exige-justicia-para-su-hija\/#primaryimage","url":"https:\/\/habitacionpropia.mx\/wp-content\/uploads\/2024\/05\/image-3.png","contentUrl":"https:\/\/habitacionpropia.mx\/wp-content\/uploads\/2024\/05\/image-3.png","width":2070,"height":1380},{"@type":"BreadcrumbList","@id":"https:\/\/habitacionpropia.mx\/index.php\/2024\/05\/21\/exige-justicia-para-su-hija\/#breadcrumb","itemListElement":[{"@type":"ListItem","position":1,"name":"Inicio","item":"https:\/\/habitacionpropia.mx\/"},{"@type":"ListItem","position":2,"name":"Exige JUSTICIA para su hija"}]},{"@type":"WebSite","@id":"https:\/\/habitacionpropia.mx\/#website","url":"https:\/\/habitacionpropia.mx\/","name":"Habitaci\u00f3n Propia","description":"","publisher":{"@id":"https:\/\/habitacionpropia.mx\/#organization"},"potentialAction":[{"@type":"SearchAction","target":{"@type":"EntryPoint","urlTemplate":"https:\/\/habitacionpropia.mx\/?s={search_term_string}"},"query-input":{"@type":"PropertyValueSpecification","valueRequired":true,"valueName":"search_term_string"}}],"inLanguage":"es"},{"@type":"Organization","@id":"https:\/\/habitacionpropia.mx\/#organization","name":"Habitaci\u00f3n Propia","url":"https:\/\/habitacionpropia.mx\/","logo":{"@type":"ImageObject","inLanguage":"es","@id":"https:\/\/habitacionpropia.mx\/#\/schema\/logo\/image\/","url":"https:\/\/habitacionpropia.mx\/wp-content\/uploads\/2024\/01\/cropped-Logo-Final-1.png","contentUrl":"https:\/\/habitacionpropia.mx\/wp-content\/uploads\/2024\/01\/cropped-Logo-Final-1.png","width":846,"height":191,"caption":"Habitaci\u00f3n Propia"},"image":{"@id":"https:\/\/habitacionpropia.mx\/#\/schema\/logo\/image\/"},"sameAs":["https:\/\/www.facebook.com\/habitacionpropia.mx","https:\/\/www.instagram.com\/habitacionpropia.mx\/"]},{"@type":"Person","@id":"https:\/\/habitacionpropia.mx\/#\/schema\/person\/e6f477ce61bfd09134d4ccd8b88fc12d","name":"habitacionpropia.mx","image":{"@type":"ImageObject","inLanguage":"es","@id":"https:\/\/habitacionpropia.mx\/#\/schema\/person\/image\/","url":"https:\/\/secure.gravatar.com\/avatar\/79b4832f252ed058c38bb8616cfa9b2132a8dbec835fd4571c39578e75f17237?s=96&d=mm&r=g","contentUrl":"https:\/\/secure.gravatar.com\/avatar\/79b4832f252ed058c38bb8616cfa9b2132a8dbec835fd4571c39578e75f17237?s=96&d=mm&r=g","caption":"habitacionpropia.mx"},"sameAs":["http:\/\/habitacionpropia.mx"],"url":"https:\/\/habitacionpropia.mx\/index.php\/author\/habitacionpropia-mx\/"}]}},"jetpack_featured_media_url":"https:\/\/habitacionpropia.mx\/wp-content\/uploads\/2024\/05\/image-3.png","jetpack_sharing_enabled":true,"_links":{"self":[{"href":"https:\/\/habitacionpropia.mx\/index.php\/wp-json\/wp\/v2\/posts\/275","targetHints":{"allow":["GET"]}}],"collection":[{"href":"https:\/\/habitacionpropia.mx\/index.php\/wp-json\/wp\/v2\/posts"}],"about":[{"href":"https:\/\/habitacionpropia.mx\/index.php\/wp-json\/wp\/v2\/types\/post"}],"author":[{"embeddable":true,"href":"https:\/\/habitacionpropia.mx\/index.php\/wp-json\/wp\/v2\/users\/1"}],"replies":[{"embeddable":true,"href":"https:\/\/habitacionpropia.mx\/index.php\/wp-json\/wp\/v2\/comments?post=275"}],"version-history":[{"count":4,"href":"https:\/\/habitacionpropia.mx\/index.php\/wp-json\/wp\/v2\/posts\/275\/revisions"}],"predecessor-version":[{"id":282,"href":"https:\/\/habitacionpropia.mx\/index.php\/wp-json\/wp\/v2\/posts\/275\/revisions\/282"}],"wp:featuredmedia":[{"embeddable":true,"href":"https:\/\/habitacionpropia.mx\/index.php\/wp-json\/wp\/v2\/media\/278"}],"wp:attachment":[{"href":"https:\/\/habitacionpropia.mx\/index.php\/wp-json\/wp\/v2\/media?parent=275"}],"wp:term":[{"taxonomy":"category","embeddable":true,"href":"https:\/\/habitacionpropia.mx\/index.php\/wp-json\/wp\/v2\/categories?post=275"},{"taxonomy":"post_tag","embeddable":true,"href":"https:\/\/habitacionpropia.mx\/index.php\/wp-json\/wp\/v2\/tags?post=275"}],"curies":[{"name":"wp","href":"https:\/\/api.w.org\/{rel}","templated":true}]}}