{"id":289,"date":"2024-06-10T23:32:59","date_gmt":"2024-06-10T23:32:59","guid":{"rendered":"https:\/\/habitacionpropia.mx\/?p=289"},"modified":"2024-07-22T03:35:14","modified_gmt":"2024-07-22T03:35:14","slug":"el-electorado-se-la-cobro-al-pan-en-yucatan","status":"publish","type":"post","link":"https:\/\/habitacionpropia.mx\/index.php\/2024\/06\/10\/el-electorado-se-la-cobro-al-pan-en-yucatan\/","title":{"rendered":"El electorado se la cobr\u00f3 al PAN en Yucat\u00e1n"},"content":{"rendered":"\n<p>Solo Ren\u00e1n Barrera pensaba que pod\u00eda ganar la gubernatura en Yucat\u00e1n, cuando desde hace tiempo hab\u00eda sido abandonado por el mismo Mauricio Vila, qui\u00e9n lo \u00fanico que hizo fue promover al estado como el basti\u00f3n de la seguridad nacional y viajar como el mayor representante de ventas de Yucat\u00e1n, pues un d\u00eda y otro tambi\u00e9n andaba fuera del pa\u00eds para atraer inversi\u00f3n extranjera al estado, a partir de la venta de una mano barata calificada y la explotaci\u00f3n sin l\u00edmite de los recursos naturales de Yucat\u00e1n.<\/p>\n\n\n\n<p>Si bien es cierto que Mauricio Vila fue el gobernador mejor evaluado por distintas instancias, solo ellos sabr\u00e1n por qu\u00e9, pero as\u00ed fue, ese prestigio no lo hered\u00f3 Barrera,  pero pens\u00f3 que lo har\u00eda si denostaba a Morena, cuando Vila cooperaba y se entend\u00eda con AMLO.<\/p>\n\n\n\n<p>El PAN no pudo atender las carencias del estado yucateco que le conf\u00edo su voto hace 6 a\u00f1os al gobernador, y 3 (m\u00e1s) al alcalde, no pudieron mirar lo profundo de Yucat\u00e1n, pues estaban m\u00e1s preocupados por la foto que por los hechos, mientras la oposici\u00f3n se la pas\u00f3 repartiendo apoyos econ\u00f3micos a la poblaci\u00f3n al interior y en la capital del estado.<\/p>\n\n\n\n<p>Por su parte AMLO, doto de obras que dieron empleo y satisfacci\u00f3n a Yucat\u00e1n como el Tren Maya o el Parque de la Plancha, ambos implicaron fuentes de trabajo, aunque el primero arrazar\u00e1 con miles de kil\u00f3metros de selva, pero la plantearon como una construcci\u00f3n de futuro aunque todav\u00eda no se vea claro, se perciba poco funcional o incierto, y a quienes desplazaron por la construcci\u00f3n del Parque la Plancha hasta casa les dieron, aunque al parecer las escrituras todav\u00eda no llegan en su totalidad.<\/p>\n\n\n\n<p class=\"has-medium-font-size\"><strong>Las alertas no atendidas<\/strong><\/p>\n\n\n\n<p>Hubo una alerta que el candidato a gobernador, no se sabe si no la vio o la obvio, que fue cuando dos de las m\u00e1s familias m\u00e1s acaudaladas del estado le otorgaron su apoyo a la futura presidenta, lo que pudo haber dado idea que el sector empresarial no andaba del todo bien con el PAN o con Ren\u00e1n.<\/p>\n\n\n\n<p>Los \u00faltimos apagones y el calor reciente, pudieron ser un factor que cambiara la intenci\u00f3n del voto de \u00faltima hora. No hubo una pol\u00edtica p\u00fablica que financiara paneles solares, ante tanta llamada atenci\u00f3n sobre el cambio clim\u00e1tico y la ineficiencia de la CFE para generar energ\u00eda el\u00e9ctrica.<\/p>\n\n\n\n<p>Tampoco el PAN supo ver, que su coalici\u00f3n de partidos era un absurdo, no hay agua y aceite que se mezclen jam\u00e1s, fue fusionar al presente con un pasado por un futuro que ya nadie quiere ver.<\/p>\n\n\n\n<p>Por \u00faltimo, el PAN tampoco entendi\u00f3 que por donde cruza una de las obras m\u00e1s emblem\u00e1ticas de la 4T hubiera un gobierno de oposici\u00f3n, y m\u00e1s si este es la cereza del pastel de la pen\u00ednsula. De ah\u00ed que Claudia Sheinbaum, viniera muy seguido a Yucat\u00e1n para apoyar a los candidatos de Morena, porque es cierto, no lo sent\u00edan muy seguro, y esta presencia constante junto con la de AMLO la escatim\u00f3 el PAN.<\/p>\n\n\n\n<p class=\"has-medium-font-size\"><strong>El Futuro<\/strong><\/p>\n\n\n\n<p>El futuro es incierto, aunque no hay que tener una bola de cristal, para m\u00e1s o menos entender de qu\u00e9 va. Seguiremos teniendo las carencias que ya se ten\u00edan en seguridad, educaci\u00f3n y salud.<\/p>\n\n\n\n<p>A lo mejor cambia la pol\u00edtica energ\u00e9tica, en cuanto que la futura presidenta es consciente del medio ambiente, pero no sabemos, si como en el maximato, reciba instrucciones desde la Chingada, donde dijo que AMLO se iba a ir a resguardar para alejarse de la vida p\u00fablica y pol\u00edtica, y que solo s\u00ed hablar\u00eda con la presidenta, si esta se lo pidiera, habr\u00e1 que ver.<\/p>\n","protected":false},"excerpt":{"rendered":"<p>Solo Ren\u00e1n Barrera pensaba que pod\u00eda ganar la gubernatura en Yucat\u00e1n, cuando desde hace tiempo hab\u00eda sido abandonado por el mismo Mauricio Vila, qui\u00e9n lo \u00fanico que hizo fue promover al estado como el basti\u00f3n de la seguridad nacional y viajar como el mayor representante de ventas de Yucat\u00e1n, pues un d\u00eda y otro tambi\u00e9n &hellip; <\/p>\n","protected":false},"author":3,"featured_media":290,"comment_status":"open","ping_status":"open","sticky":false,"template":"","format":"standard","meta":{"om_disable_all_campaigns":false,"_monsterinsights_skip_tracking":false,"_monsterinsights_sitenote_active":false,"_monsterinsights_sitenote_note":"","_monsterinsights_sitenote_category":0,"jetpack_post_was_ever_published":false,"_jetpack_newsletter_access":"","_jetpack_dont_email_post_to_subs":false,"_jetpack_newsletter_tier_id":0,"_jetpack_memberships_contains_paywalled_content":false,"_jetpack_memberships_contains_paid_content":false,"footnotes":""},"categories":[5],"tags":[24,172,30],"class_list":["post-289","post","type-post","status-publish","format-standard","has-post-thumbnail","hentry","category-casa-compartida","tag-gobierno-del-estado","tag-pan","tag-politica"],"yoast_head":"<!-- This site is optimized with the Yoast SEO plugin v25.7 - https:\/\/yoast.com\/wordpress\/plugins\/seo\/ -->\n<title>El electorado se la cobr\u00f3 al PAN en Yucat\u00e1n - Habitaci\u00f3n Propia<\/title>\n<meta name=\"robots\" content=\"index, follow, max-snippet:-1, max-image-preview:large, max-video-preview:-1\" \/>\n<link rel=\"canonical\" href=\"https:\/\/habitacionpropia.mx\/index.php\/2024\/06\/10\/el-electorado-se-la-cobro-al-pan-en-yucatan\/\" \/>\n<meta property=\"og:locale\" content=\"es_MX\" \/>\n<meta property=\"og:type\" content=\"article\" \/>\n<meta property=\"og:title\" content=\"El electorado se la cobr\u00f3 al PAN en Yucat\u00e1n - Habitaci\u00f3n Propia\" \/>\n<meta property=\"og:description\" content=\"Solo Ren\u00e1n Barrera pensaba que pod\u00eda ganar la gubernatura en Yucat\u00e1n, cuando desde hace tiempo hab\u00eda sido abandonado por el mismo Mauricio Vila, qui\u00e9n lo \u00fanico que hizo fue promover al estado como el basti\u00f3n de la seguridad nacional y viajar como el mayor representante de ventas de Yucat\u00e1n, pues un d\u00eda y otro tambi\u00e9n &hellip;\" \/>\n<meta property=\"og:url\" content=\"https:\/\/habitacionpropia.mx\/index.php\/2024\/06\/10\/el-electorado-se-la-cobro-al-pan-en-yucatan\/\" \/>\n<meta property=\"og:site_name\" content=\"Habitaci\u00f3n Propia\" \/>\n<meta property=\"article:publisher\" content=\"https:\/\/www.facebook.com\/habitacionpropia.mx\" \/>\n<meta property=\"article:published_time\" content=\"2024-06-10T23:32:59+00:00\" \/>\n<meta property=\"article:modified_time\" content=\"2024-07-22T03:35:14+00:00\" \/>\n<meta property=\"og:image\" content=\"https:\/\/habitacionpropia.mx\/wp-content\/uploads\/2024\/06\/Lore.png\" \/>\n\t<meta property=\"og:image:width\" content=\"1410\" \/>\n\t<meta property=\"og:image:height\" content=\"600\" \/>\n\t<meta property=\"og:image:type\" content=\"image\/png\" \/>\n<meta name=\"author\" content=\"Lorena Gonz\u00e1lez Bosc\u00f3\" \/>\n<meta name=\"twitter:card\" content=\"summary_large_image\" \/>\n<meta name=\"twitter:label1\" content=\"Escrito por\" \/>\n\t<meta name=\"twitter:data1\" content=\"Lorena Gonz\u00e1lez Bosc\u00f3\" \/>\n\t<meta name=\"twitter:label2\" content=\"Tiempo de lectura\" \/>\n\t<meta name=\"twitter:data2\" content=\"3 minutos\" \/>\n<script type=\"application\/ld+json\" class=\"yoast-schema-graph\">{\"@context\":\"https:\/\/schema.org\",\"@graph\":[{\"@type\":\"Article\",\"@id\":\"https:\/\/habitacionpropia.mx\/index.php\/2024\/06\/10\/el-electorado-se-la-cobro-al-pan-en-yucatan\/#article\",\"isPartOf\":{\"@id\":\"https:\/\/habitacionpropia.mx\/index.php\/2024\/06\/10\/el-electorado-se-la-cobro-al-pan-en-yucatan\/\"},\"author\":{\"name\":\"Lorena Gonz\u00e1lez Bosc\u00f3\",\"@id\":\"https:\/\/habitacionpropia.mx\/#\/schema\/person\/f6c994e2664711fc5fa58a5a0bd516ff\"},\"headline\":\"El electorado se la cobr\u00f3 al PAN en Yucat\u00e1n\",\"datePublished\":\"2024-06-10T23:32:59+00:00\",\"dateModified\":\"2024-07-22T03:35:14+00:00\",\"mainEntityOfPage\":{\"@id\":\"https:\/\/habitacionpropia.mx\/index.php\/2024\/06\/10\/el-electorado-se-la-cobro-al-pan-en-yucatan\/\"},\"wordCount\":669,\"commentCount\":0,\"publisher\":{\"@id\":\"https:\/\/habitacionpropia.mx\/#organization\"},\"image\":{\"@id\":\"https:\/\/habitacionpropia.mx\/index.php\/2024\/06\/10\/el-electorado-se-la-cobro-al-pan-en-yucatan\/#primaryimage\"},\"thumbnailUrl\":\"https:\/\/habitacionpropia.mx\/wp-content\/uploads\/2024\/06\/Lore.png\",\"keywords\":[\"Gobierno del Estado\",\"PAN\",\"pol\u00edtica\"],\"articleSection\":[\"Casa Compartida\"],\"inLanguage\":\"es\",\"potentialAction\":[{\"@type\":\"CommentAction\",\"name\":\"Comment\",\"target\":[\"https:\/\/habitacionpropia.mx\/index.php\/2024\/06\/10\/el-electorado-se-la-cobro-al-pan-en-yucatan\/#respond\"]}]},{\"@type\":\"WebPage\",\"@id\":\"https:\/\/habitacionpropia.mx\/index.php\/2024\/06\/10\/el-electorado-se-la-cobro-al-pan-en-yucatan\/\",\"url\":\"https:\/\/habitacionpropia.mx\/index.php\/2024\/06\/10\/el-electorado-se-la-cobro-al-pan-en-yucatan\/\",\"name\":\"El electorado se la cobr\u00f3 al PAN en Yucat\u00e1n - Habitaci\u00f3n Propia\",\"isPartOf\":{\"@id\":\"https:\/\/habitacionpropia.mx\/#website\"},\"primaryImageOfPage\":{\"@id\":\"https:\/\/habitacionpropia.mx\/index.php\/2024\/06\/10\/el-electorado-se-la-cobro-al-pan-en-yucatan\/#primaryimage\"},\"image\":{\"@id\":\"https:\/\/habitacionpropia.mx\/index.php\/2024\/06\/10\/el-electorado-se-la-cobro-al-pan-en-yucatan\/#primaryimage\"},\"thumbnailUrl\":\"https:\/\/habitacionpropia.mx\/wp-content\/uploads\/2024\/06\/Lore.png\",\"datePublished\":\"2024-06-10T23:32:59+00:00\",\"dateModified\":\"2024-07-22T03:35:14+00:00\",\"breadcrumb\":{\"@id\":\"https:\/\/habitacionpropia.mx\/index.php\/2024\/06\/10\/el-electorado-se-la-cobro-al-pan-en-yucatan\/#breadcrumb\"},\"inLanguage\":\"es\",\"potentialAction\":[{\"@type\":\"ReadAction\",\"target\":[\"https:\/\/habitacionpropia.mx\/index.php\/2024\/06\/10\/el-electorado-se-la-cobro-al-pan-en-yucatan\/\"]}]},{\"@type\":\"ImageObject\",\"inLanguage\":\"es\",\"@id\":\"https:\/\/habitacionpropia.mx\/index.php\/2024\/06\/10\/el-electorado-se-la-cobro-al-pan-en-yucatan\/#primaryimage\",\"url\":\"https:\/\/habitacionpropia.mx\/wp-content\/uploads\/2024\/06\/Lore.png\",\"contentUrl\":\"https:\/\/habitacionpropia.mx\/wp-content\/uploads\/2024\/06\/Lore.png\",\"width\":1410,\"height\":600},{\"@type\":\"BreadcrumbList\",\"@id\":\"https:\/\/habitacionpropia.mx\/index.php\/2024\/06\/10\/el-electorado-se-la-cobro-al-pan-en-yucatan\/#breadcrumb\",\"itemListElement\":[{\"@type\":\"ListItem\",\"position\":1,\"name\":\"Inicio\",\"item\":\"https:\/\/habitacionpropia.mx\/\"},{\"@type\":\"ListItem\",\"position\":2,\"name\":\"El electorado se la cobr\u00f3 al PAN en Yucat\u00e1n\"}]},{\"@type\":\"WebSite\",\"@id\":\"https:\/\/habitacionpropia.mx\/#website\",\"url\":\"https:\/\/habitacionpropia.mx\/\",\"name\":\"Habitaci\u00f3n Propia\",\"description\":\"\",\"publisher\":{\"@id\":\"https:\/\/habitacionpropia.mx\/#organization\"},\"potentialAction\":[{\"@type\":\"SearchAction\",\"target\":{\"@type\":\"EntryPoint\",\"urlTemplate\":\"https:\/\/habitacionpropia.mx\/?s={search_term_string}\"},\"query-input\":{\"@type\":\"PropertyValueSpecification\",\"valueRequired\":true,\"valueName\":\"search_term_string\"}}],\"inLanguage\":\"es\"},{\"@type\":\"Organization\",\"@id\":\"https:\/\/habitacionpropia.mx\/#organization\",\"name\":\"Habitaci\u00f3n Propia\",\"url\":\"https:\/\/habitacionpropia.mx\/\",\"logo\":{\"@type\":\"ImageObject\",\"inLanguage\":\"es\",\"@id\":\"https:\/\/habitacionpropia.mx\/#\/schema\/logo\/image\/\",\"url\":\"https:\/\/habitacionpropia.mx\/wp-content\/uploads\/2024\/01\/cropped-Logo-Final-1.png\",\"contentUrl\":\"https:\/\/habitacionpropia.mx\/wp-content\/uploads\/2024\/01\/cropped-Logo-Final-1.png\",\"width\":846,\"height\":191,\"caption\":\"Habitaci\u00f3n Propia\"},\"image\":{\"@id\":\"https:\/\/habitacionpropia.mx\/#\/schema\/logo\/image\/\"},\"sameAs\":[\"https:\/\/www.facebook.com\/habitacionpropia.mx\",\"https:\/\/www.instagram.com\/habitacionpropia.mx\/\"]},{\"@type\":\"Person\",\"@id\":\"https:\/\/habitacionpropia.mx\/#\/schema\/person\/f6c994e2664711fc5fa58a5a0bd516ff\",\"name\":\"Lorena Gonz\u00e1lez Bosc\u00f3\",\"image\":{\"@type\":\"ImageObject\",\"inLanguage\":\"es\",\"@id\":\"https:\/\/habitacionpropia.mx\/#\/schema\/person\/image\/\",\"url\":\"https:\/\/secure.gravatar.com\/avatar\/3efae72f06b5b592d3607438079c8787ed2bc8f57d54b659b7fb4333e5099d68?s=96&d=mm&r=g\",\"contentUrl\":\"https:\/\/secure.gravatar.com\/avatar\/3efae72f06b5b592d3607438079c8787ed2bc8f57d54b659b7fb4333e5099d68?s=96&d=mm&r=g\",\"caption\":\"Lorena Gonz\u00e1lez Bosc\u00f3\"},\"sameAs\":[\"http:\/\/www.vivemerida.live\"],\"url\":\"https:\/\/habitacionpropia.mx\/index.php\/author\/lorenagonzalez\/\"}]}<\/script>\n<!-- \/ Yoast SEO plugin. -->","yoast_head_json":{"title":"El electorado se la cobr\u00f3 al PAN en Yucat\u00e1n - Habitaci\u00f3n Propia","robots":{"index":"index","follow":"follow","max-snippet":"max-snippet:-1","max-image-preview":"max-image-preview:large","max-video-preview":"max-video-preview:-1"},"canonical":"https:\/\/habitacionpropia.mx\/index.php\/2024\/06\/10\/el-electorado-se-la-cobro-al-pan-en-yucatan\/","og_locale":"es_MX","og_type":"article","og_title":"El electorado se la cobr\u00f3 al PAN en Yucat\u00e1n - Habitaci\u00f3n Propia","og_description":"Solo Ren\u00e1n Barrera pensaba que pod\u00eda ganar la gubernatura en Yucat\u00e1n, cuando desde hace tiempo hab\u00eda sido abandonado por el mismo Mauricio Vila, qui\u00e9n lo \u00fanico que hizo fue promover al estado como el basti\u00f3n de la seguridad nacional y viajar como el mayor representante de ventas de Yucat\u00e1n, pues un d\u00eda y otro tambi\u00e9n &hellip;","og_url":"https:\/\/habitacionpropia.mx\/index.php\/2024\/06\/10\/el-electorado-se-la-cobro-al-pan-en-yucatan\/","og_site_name":"Habitaci\u00f3n Propia","article_publisher":"https:\/\/www.facebook.com\/habitacionpropia.mx","article_published_time":"2024-06-10T23:32:59+00:00","article_modified_time":"2024-07-22T03:35:14+00:00","og_image":[{"width":1410,"height":600,"url":"https:\/\/habitacionpropia.mx\/wp-content\/uploads\/2024\/06\/Lore.png","type":"image\/png"}],"author":"Lorena Gonz\u00e1lez Bosc\u00f3","twitter_card":"summary_large_image","twitter_misc":{"Escrito por":"Lorena Gonz\u00e1lez Bosc\u00f3","Tiempo de lectura":"3 minutos"},"schema":{"@context":"https:\/\/schema.org","@graph":[{"@type":"Article","@id":"https:\/\/habitacionpropia.mx\/index.php\/2024\/06\/10\/el-electorado-se-la-cobro-al-pan-en-yucatan\/#article","isPartOf":{"@id":"https:\/\/habitacionpropia.mx\/index.php\/2024\/06\/10\/el-electorado-se-la-cobro-al-pan-en-yucatan\/"},"author":{"name":"Lorena Gonz\u00e1lez Bosc\u00f3","@id":"https:\/\/habitacionpropia.mx\/#\/schema\/person\/f6c994e2664711fc5fa58a5a0bd516ff"},"headline":"El electorado se la cobr\u00f3 al PAN en Yucat\u00e1n","datePublished":"2024-06-10T23:32:59+00:00","dateModified":"2024-07-22T03:35:14+00:00","mainEntityOfPage":{"@id":"https:\/\/habitacionpropia.mx\/index.php\/2024\/06\/10\/el-electorado-se-la-cobro-al-pan-en-yucatan\/"},"wordCount":669,"commentCount":0,"publisher":{"@id":"https:\/\/habitacionpropia.mx\/#organization"},"image":{"@id":"https:\/\/habitacionpropia.mx\/index.php\/2024\/06\/10\/el-electorado-se-la-cobro-al-pan-en-yucatan\/#primaryimage"},"thumbnailUrl":"https:\/\/habitacionpropia.mx\/wp-content\/uploads\/2024\/06\/Lore.png","keywords":["Gobierno del Estado","PAN","pol\u00edtica"],"articleSection":["Casa Compartida"],"inLanguage":"es","potentialAction":[{"@type":"CommentAction","name":"Comment","target":["https:\/\/habitacionpropia.mx\/index.php\/2024\/06\/10\/el-electorado-se-la-cobro-al-pan-en-yucatan\/#respond"]}]},{"@type":"WebPage","@id":"https:\/\/habitacionpropia.mx\/index.php\/2024\/06\/10\/el-electorado-se-la-cobro-al-pan-en-yucatan\/","url":"https:\/\/habitacionpropia.mx\/index.php\/2024\/06\/10\/el-electorado-se-la-cobro-al-pan-en-yucatan\/","name":"El electorado se la cobr\u00f3 al PAN en Yucat\u00e1n - Habitaci\u00f3n Propia","isPartOf":{"@id":"https:\/\/habitacionpropia.mx\/#website"},"primaryImageOfPage":{"@id":"https:\/\/habitacionpropia.mx\/index.php\/2024\/06\/10\/el-electorado-se-la-cobro-al-pan-en-yucatan\/#primaryimage"},"image":{"@id":"https:\/\/habitacionpropia.mx\/index.php\/2024\/06\/10\/el-electorado-se-la-cobro-al-pan-en-yucatan\/#primaryimage"},"thumbnailUrl":"https:\/\/habitacionpropia.mx\/wp-content\/uploads\/2024\/06\/Lore.png","datePublished":"2024-06-10T23:32:59+00:00","dateModified":"2024-07-22T03:35:14+00:00","breadcrumb":{"@id":"https:\/\/habitacionpropia.mx\/index.php\/2024\/06\/10\/el-electorado-se-la-cobro-al-pan-en-yucatan\/#breadcrumb"},"inLanguage":"es","potentialAction":[{"@type":"ReadAction","target":["https:\/\/habitacionpropia.mx\/index.php\/2024\/06\/10\/el-electorado-se-la-cobro-al-pan-en-yucatan\/"]}]},{"@type":"ImageObject","inLanguage":"es","@id":"https:\/\/habitacionpropia.mx\/index.php\/2024\/06\/10\/el-electorado-se-la-cobro-al-pan-en-yucatan\/#primaryimage","url":"https:\/\/habitacionpropia.mx\/wp-content\/uploads\/2024\/06\/Lore.png","contentUrl":"https:\/\/habitacionpropia.mx\/wp-content\/uploads\/2024\/06\/Lore.png","width":1410,"height":600},{"@type":"BreadcrumbList","@id":"https:\/\/habitacionpropia.mx\/index.php\/2024\/06\/10\/el-electorado-se-la-cobro-al-pan-en-yucatan\/#breadcrumb","itemListElement":[{"@type":"ListItem","position":1,"name":"Inicio","item":"https:\/\/habitacionpropia.mx\/"},{"@type":"ListItem","position":2,"name":"El electorado se la cobr\u00f3 al PAN en Yucat\u00e1n"}]},{"@type":"WebSite","@id":"https:\/\/habitacionpropia.mx\/#website","url":"https:\/\/habitacionpropia.mx\/","name":"Habitaci\u00f3n Propia","description":"","publisher":{"@id":"https:\/\/habitacionpropia.mx\/#organization"},"potentialAction":[{"@type":"SearchAction","target":{"@type":"EntryPoint","urlTemplate":"https:\/\/habitacionpropia.mx\/?s={search_term_string}"},"query-input":{"@type":"PropertyValueSpecification","valueRequired":true,"valueName":"search_term_string"}}],"inLanguage":"es"},{"@type":"Organization","@id":"https:\/\/habitacionpropia.mx\/#organization","name":"Habitaci\u00f3n Propia","url":"https:\/\/habitacionpropia.mx\/","logo":{"@type":"ImageObject","inLanguage":"es","@id":"https:\/\/habitacionpropia.mx\/#\/schema\/logo\/image\/","url":"https:\/\/habitacionpropia.mx\/wp-content\/uploads\/2024\/01\/cropped-Logo-Final-1.png","contentUrl":"https:\/\/habitacionpropia.mx\/wp-content\/uploads\/2024\/01\/cropped-Logo-Final-1.png","width":846,"height":191,"caption":"Habitaci\u00f3n Propia"},"image":{"@id":"https:\/\/habitacionpropia.mx\/#\/schema\/logo\/image\/"},"sameAs":["https:\/\/www.facebook.com\/habitacionpropia.mx","https:\/\/www.instagram.com\/habitacionpropia.mx\/"]},{"@type":"Person","@id":"https:\/\/habitacionpropia.mx\/#\/schema\/person\/f6c994e2664711fc5fa58a5a0bd516ff","name":"Lorena Gonz\u00e1lez Bosc\u00f3","image":{"@type":"ImageObject","inLanguage":"es","@id":"https:\/\/habitacionpropia.mx\/#\/schema\/person\/image\/","url":"https:\/\/secure.gravatar.com\/avatar\/3efae72f06b5b592d3607438079c8787ed2bc8f57d54b659b7fb4333e5099d68?s=96&d=mm&r=g","contentUrl":"https:\/\/secure.gravatar.com\/avatar\/3efae72f06b5b592d3607438079c8787ed2bc8f57d54b659b7fb4333e5099d68?s=96&d=mm&r=g","caption":"Lorena Gonz\u00e1lez Bosc\u00f3"},"sameAs":["http:\/\/www.vivemerida.live"],"url":"https:\/\/habitacionpropia.mx\/index.php\/author\/lorenagonzalez\/"}]}},"jetpack_featured_media_url":"https:\/\/habitacionpropia.mx\/wp-content\/uploads\/2024\/06\/Lore.png","jetpack_sharing_enabled":true,"_links":{"self":[{"href":"https:\/\/habitacionpropia.mx\/index.php\/wp-json\/wp\/v2\/posts\/289","targetHints":{"allow":["GET"]}}],"collection":[{"href":"https:\/\/habitacionpropia.mx\/index.php\/wp-json\/wp\/v2\/posts"}],"about":[{"href":"https:\/\/habitacionpropia.mx\/index.php\/wp-json\/wp\/v2\/types\/post"}],"author":[{"embeddable":true,"href":"https:\/\/habitacionpropia.mx\/index.php\/wp-json\/wp\/v2\/users\/3"}],"replies":[{"embeddable":true,"href":"https:\/\/habitacionpropia.mx\/index.php\/wp-json\/wp\/v2\/comments?post=289"}],"version-history":[{"count":2,"href":"https:\/\/habitacionpropia.mx\/index.php\/wp-json\/wp\/v2\/posts\/289\/revisions"}],"predecessor-version":[{"id":319,"href":"https:\/\/habitacionpropia.mx\/index.php\/wp-json\/wp\/v2\/posts\/289\/revisions\/319"}],"wp:featuredmedia":[{"embeddable":true,"href":"https:\/\/habitacionpropia.mx\/index.php\/wp-json\/wp\/v2\/media\/290"}],"wp:attachment":[{"href":"https:\/\/habitacionpropia.mx\/index.php\/wp-json\/wp\/v2\/media?parent=289"}],"wp:term":[{"taxonomy":"category","embeddable":true,"href":"https:\/\/habitacionpropia.mx\/index.php\/wp-json\/wp\/v2\/categories?post=289"},{"taxonomy":"post_tag","embeddable":true,"href":"https:\/\/habitacionpropia.mx\/index.php\/wp-json\/wp\/v2\/tags?post=289"}],"curies":[{"name":"wp","href":"https:\/\/api.w.org\/{rel}","templated":true}]}}