{"id":312,"date":"2024-07-19T17:57:39","date_gmt":"2024-07-19T17:57:39","guid":{"rendered":"https:\/\/habitacionpropia.mx\/?p=312"},"modified":"2024-07-19T17:57:43","modified_gmt":"2024-07-19T17:57:43","slug":"la-oportunidad-de-ganar-un-viaje-todo-incluido-por-el-caribe-esta-en-la-maleta","status":"publish","type":"post","link":"https:\/\/habitacionpropia.mx\/index.php\/2024\/07\/19\/la-oportunidad-de-ganar-un-viaje-todo-incluido-por-el-caribe-esta-en-la-maleta\/","title":{"rendered":"La oportunidad de ganar un viaje \u2018todo incluido\u2019 por el Caribe est\u00e1 \u2018En la maleta\u2019"},"content":{"rendered":"\n<p>\u00bfQuieres ganar un alojamiento <strong>\u2018todo incluido\u2019<\/strong> en alguno de los hoteles m\u00e1s prestigiosos del Caribe? <strong>\u2018Con Tu Agencia De Viajes Es Mejor\u2019<\/strong> te regala la oportunidad a trav\u00e9s de su din\u00e1mica <strong>\u2018En la maleta\u2019<\/strong>, con la cual, adivinando el peso y contenido de una, podr\u00e1s hacerte acreedor de uno de los siete viajes que comenzar\u00e1n a obsequiar este 20 de julio en Plaza la Isla.<\/p>\n\n\n\n<p>En rueda de prensa desde La Recova, Emmanuel Ayuso, gerente de Marketing del proyecto detall\u00f3 que \u201cCon Tu Agencia De Viajes Es Mejor\u201d es una marca de difusi\u00f3n tur\u00edstica cuyo objetivo radica en la<strong> promoci\u00f3n de diversos destinos mexicanos a trav\u00e9s de agencias de viaje.<\/strong><\/p>\n\n\n\n<p>\u201cLo que buscamos es que m\u00e1s personas quieran seguir viajando, viviendo la magia de conocer nuevos destinos y en general lo bonito que es viajar ya sea solo, en familia; o en pareja, pero haci\u00e9ndolo&nbsp; de una manera segura, a trav\u00e9s de una agencia de viajes\u201d, explic\u00f3.<\/p>\n\n\n\n<p>Dentro de esta marca, prosigui\u00f3 Ayuso, existe un proyecto denominado \u2018En la maleta\u2019 el cual consistir\u00e1 en <strong>siete eventos experienciales<\/strong> durante los cuales <strong>se re<\/strong><strong>g<\/strong><strong>alar\u00e1 igual n\u00famero de viajes \u2018todo incluido\u2019<\/strong> a destinos del Caribe mexicano.<\/p>\n\n\n\n<p>\u201cSon siete viajes porque es igual el n\u00famero de marcas que est\u00e1n patrocinando esta iniciativa y apostando por ella\u201d, precis\u00f3. Cadenas como Hilton, Riu, Sandos, Blue Diamond, Karisma, Meli\u00e1 e Iberostar son algunas de las que participar\u00e1n para difundir las bondades de cada destino en esta primera edici\u00f3n.<\/p>\n\n\n\n<p>El primer evento de \u2018En la maleta\u2019 est\u00e1 programado para <strong>el pr\u00f3ximo s\u00e1bado 20 de julio en Plaza la Isla;<\/strong> y durante el mismo, en un lapso de tres horas (de 16:00 a 19:00 horas), los asistentes podr\u00e1n disfrutar de espect\u00e1culos exclusivos de magia con Christian Allen y comedia, bajo la conducci\u00f3n de Montse Pastrana.<\/p>\n\n\n\n<p>Adem\u00e1s, se tendr\u00e1 el evento experiencial para que<strong> los participantes adivinen el peso y contenido de una maleta<\/strong> para hacerse acreedores a uno de los siete viajes que \u2018Con Tu Agencia De Viajes Es Mejor\u2019 regalar\u00e1.<\/p>\n\n\n\n<p>Ayuso aclar\u00f3 que el registro y participaci\u00f3n en el evento <strong>ser\u00e1n completamente gratuitos \u201cno hay que comprar ni pagar nada\u201d<\/strong>, \u00fanicamente es necesario seguir las cuentas de redes sociales de las marcas involucradas.<\/p>\n\n\n\n<p>Los viajes, dijo,<strong> ser\u00e1n en la modalidad \u2018todo incluido\u2019 para dos personas<\/strong>; y se obsequiar\u00e1 uno por cada marca involucrada. Todos los eventos ser\u00e1n en la planta alta de Plaza la Isla a partir del pr\u00f3ximo s\u00e1bado; y los ganadores ser\u00e1n anunciados ese mismo d\u00eda.<\/p>\n\n\n\n<p>\u2018En la maleta\u2019 arrancar\u00e1 este 20 de julio con la rifa correspondiente a la cadena Hilton; le seguir\u00e1n los hoteles Riu el 3 de agosto; Sandos el 24 de agosto; Blue Diamond el 8 de septiembre; Iberostar el 21 de septiembre; Karisma el 12 de octubre; y Meli\u00e1 el 26 de octubre.<\/p>\n","protected":false},"excerpt":{"rendered":"<p>\u00bfQuieres ganar un alojamiento \u2018todo incluido\u2019 en alguno de los hoteles m\u00e1s prestigiosos del Caribe? \u2018Con Tu Agencia De Viajes Es Mejor\u2019 te regala la oportunidad a trav\u00e9s de su din\u00e1mica \u2018En la maleta\u2019, con la cual, adivinando el peso y contenido de una, podr\u00e1s hacerte acreedor de uno de los siete viajes que comenzar\u00e1n &hellip; <\/p>\n","protected":false},"author":1,"featured_media":313,"comment_status":"open","ping_status":"open","sticky":false,"template":"","format":"standard","meta":{"om_disable_all_campaigns":false,"_monsterinsights_skip_tracking":false,"_monsterinsights_sitenote_active":false,"_monsterinsights_sitenote_note":"","_monsterinsights_sitenote_category":0,"jetpack_post_was_ever_published":false,"_jetpack_newsletter_access":"","_jetpack_dont_email_post_to_subs":false,"_jetpack_newsletter_tier_id":0,"_jetpack_memberships_contains_paywalled_content":false,"_jetpack_memberships_contains_paid_content":false,"footnotes":""},"categories":[69],"tags":[],"class_list":["post-312","post","type-post","status-publish","format-standard","has-post-thumbnail","hentry","category-gato-negro"],"yoast_head":"<!-- This site is optimized with the Yoast SEO plugin v25.7 - https:\/\/yoast.com\/wordpress\/plugins\/seo\/ -->\n<title>La oportunidad de ganar un viaje \u2018todo incluido\u2019 por el Caribe est\u00e1 \u2018En la maleta\u2019 - Habitaci\u00f3n Propia<\/title>\n<meta name=\"robots\" content=\"index, follow, max-snippet:-1, max-image-preview:large, max-video-preview:-1\" \/>\n<link rel=\"canonical\" href=\"https:\/\/habitacionpropia.mx\/index.php\/2024\/07\/19\/la-oportunidad-de-ganar-un-viaje-todo-incluido-por-el-caribe-esta-en-la-maleta\/\" \/>\n<meta property=\"og:locale\" content=\"es_MX\" \/>\n<meta property=\"og:type\" content=\"article\" \/>\n<meta property=\"og:title\" content=\"La oportunidad de ganar un viaje \u2018todo incluido\u2019 por el Caribe est\u00e1 \u2018En la maleta\u2019 - Habitaci\u00f3n Propia\" \/>\n<meta property=\"og:description\" content=\"\u00bfQuieres ganar un alojamiento \u2018todo incluido\u2019 en alguno de los hoteles m\u00e1s prestigiosos del Caribe? \u2018Con Tu Agencia De Viajes Es Mejor\u2019 te regala la oportunidad a trav\u00e9s de su din\u00e1mica \u2018En la maleta\u2019, con la cual, adivinando el peso y contenido de una, podr\u00e1s hacerte acreedor de uno de los siete viajes que comenzar\u00e1n &hellip;\" \/>\n<meta property=\"og:url\" content=\"https:\/\/habitacionpropia.mx\/index.php\/2024\/07\/19\/la-oportunidad-de-ganar-un-viaje-todo-incluido-por-el-caribe-esta-en-la-maleta\/\" \/>\n<meta property=\"og:site_name\" content=\"Habitaci\u00f3n Propia\" \/>\n<meta property=\"article:publisher\" content=\"https:\/\/www.facebook.com\/habitacionpropia.mx\" \/>\n<meta property=\"article:published_time\" content=\"2024-07-19T17:57:39+00:00\" \/>\n<meta property=\"article:modified_time\" content=\"2024-07-19T17:57:43+00:00\" \/>\n<meta property=\"og:image\" content=\"https:\/\/habitacionpropia.mx\/wp-content\/uploads\/2024\/07\/16908932497284-1024x683.png\" \/>\n\t<meta property=\"og:image:width\" content=\"1024\" \/>\n\t<meta property=\"og:image:height\" content=\"683\" \/>\n\t<meta property=\"og:image:type\" content=\"image\/png\" \/>\n<meta name=\"author\" content=\"habitacionpropia.mx\" \/>\n<meta name=\"twitter:card\" content=\"summary_large_image\" \/>\n<meta name=\"twitter:label1\" content=\"Escrito por\" \/>\n\t<meta name=\"twitter:data1\" content=\"habitacionpropia.mx\" \/>\n\t<meta name=\"twitter:label2\" content=\"Tiempo de lectura\" \/>\n\t<meta name=\"twitter:data2\" content=\"2 minutos\" \/>\n<script type=\"application\/ld+json\" class=\"yoast-schema-graph\">{\"@context\":\"https:\/\/schema.org\",\"@graph\":[{\"@type\":\"Article\",\"@id\":\"https:\/\/habitacionpropia.mx\/index.php\/2024\/07\/19\/la-oportunidad-de-ganar-un-viaje-todo-incluido-por-el-caribe-esta-en-la-maleta\/#article\",\"isPartOf\":{\"@id\":\"https:\/\/habitacionpropia.mx\/index.php\/2024\/07\/19\/la-oportunidad-de-ganar-un-viaje-todo-incluido-por-el-caribe-esta-en-la-maleta\/\"},\"author\":{\"name\":\"habitacionpropia.mx\",\"@id\":\"https:\/\/habitacionpropia.mx\/#\/schema\/person\/e6f477ce61bfd09134d4ccd8b88fc12d\"},\"headline\":\"La oportunidad de ganar un viaje \u2018todo incluido\u2019 por el Caribe est\u00e1 \u2018En la maleta\u2019\",\"datePublished\":\"2024-07-19T17:57:39+00:00\",\"dateModified\":\"2024-07-19T17:57:43+00:00\",\"mainEntityOfPage\":{\"@id\":\"https:\/\/habitacionpropia.mx\/index.php\/2024\/07\/19\/la-oportunidad-de-ganar-un-viaje-todo-incluido-por-el-caribe-esta-en-la-maleta\/\"},\"wordCount\":501,\"commentCount\":0,\"publisher\":{\"@id\":\"https:\/\/habitacionpropia.mx\/#organization\"},\"image\":{\"@id\":\"https:\/\/habitacionpropia.mx\/index.php\/2024\/07\/19\/la-oportunidad-de-ganar-un-viaje-todo-incluido-por-el-caribe-esta-en-la-maleta\/#primaryimage\"},\"thumbnailUrl\":\"https:\/\/habitacionpropia.mx\/wp-content\/uploads\/2024\/07\/16908932497284.png\",\"articleSection\":[\"Gata Negra\"],\"inLanguage\":\"es\",\"potentialAction\":[{\"@type\":\"CommentAction\",\"name\":\"Comment\",\"target\":[\"https:\/\/habitacionpropia.mx\/index.php\/2024\/07\/19\/la-oportunidad-de-ganar-un-viaje-todo-incluido-por-el-caribe-esta-en-la-maleta\/#respond\"]}]},{\"@type\":\"WebPage\",\"@id\":\"https:\/\/habitacionpropia.mx\/index.php\/2024\/07\/19\/la-oportunidad-de-ganar-un-viaje-todo-incluido-por-el-caribe-esta-en-la-maleta\/\",\"url\":\"https:\/\/habitacionpropia.mx\/index.php\/2024\/07\/19\/la-oportunidad-de-ganar-un-viaje-todo-incluido-por-el-caribe-esta-en-la-maleta\/\",\"name\":\"La oportunidad de ganar un viaje \u2018todo incluido\u2019 por el Caribe est\u00e1 \u2018En la maleta\u2019 - Habitaci\u00f3n Propia\",\"isPartOf\":{\"@id\":\"https:\/\/habitacionpropia.mx\/#website\"},\"primaryImageOfPage\":{\"@id\":\"https:\/\/habitacionpropia.mx\/index.php\/2024\/07\/19\/la-oportunidad-de-ganar-un-viaje-todo-incluido-por-el-caribe-esta-en-la-maleta\/#primaryimage\"},\"image\":{\"@id\":\"https:\/\/habitacionpropia.mx\/index.php\/2024\/07\/19\/la-oportunidad-de-ganar-un-viaje-todo-incluido-por-el-caribe-esta-en-la-maleta\/#primaryimage\"},\"thumbnailUrl\":\"https:\/\/habitacionpropia.mx\/wp-content\/uploads\/2024\/07\/16908932497284.png\",\"datePublished\":\"2024-07-19T17:57:39+00:00\",\"dateModified\":\"2024-07-19T17:57:43+00:00\",\"breadcrumb\":{\"@id\":\"https:\/\/habitacionpropia.mx\/index.php\/2024\/07\/19\/la-oportunidad-de-ganar-un-viaje-todo-incluido-por-el-caribe-esta-en-la-maleta\/#breadcrumb\"},\"inLanguage\":\"es\",\"potentialAction\":[{\"@type\":\"ReadAction\",\"target\":[\"https:\/\/habitacionpropia.mx\/index.php\/2024\/07\/19\/la-oportunidad-de-ganar-un-viaje-todo-incluido-por-el-caribe-esta-en-la-maleta\/\"]}]},{\"@type\":\"ImageObject\",\"inLanguage\":\"es\",\"@id\":\"https:\/\/habitacionpropia.mx\/index.php\/2024\/07\/19\/la-oportunidad-de-ganar-un-viaje-todo-incluido-por-el-caribe-esta-en-la-maleta\/#primaryimage\",\"url\":\"https:\/\/habitacionpropia.mx\/wp-content\/uploads\/2024\/07\/16908932497284.png\",\"contentUrl\":\"https:\/\/habitacionpropia.mx\/wp-content\/uploads\/2024\/07\/16908932497284.png\",\"width\":3072,\"height\":2050},{\"@type\":\"BreadcrumbList\",\"@id\":\"https:\/\/habitacionpropia.mx\/index.php\/2024\/07\/19\/la-oportunidad-de-ganar-un-viaje-todo-incluido-por-el-caribe-esta-en-la-maleta\/#breadcrumb\",\"itemListElement\":[{\"@type\":\"ListItem\",\"position\":1,\"name\":\"Inicio\",\"item\":\"https:\/\/habitacionpropia.mx\/\"},{\"@type\":\"ListItem\",\"position\":2,\"name\":\"La oportunidad de ganar un viaje \u2018todo incluido\u2019 por el Caribe est\u00e1 \u2018En la maleta\u2019\"}]},{\"@type\":\"WebSite\",\"@id\":\"https:\/\/habitacionpropia.mx\/#website\",\"url\":\"https:\/\/habitacionpropia.mx\/\",\"name\":\"Habitaci\u00f3n Propia\",\"description\":\"\",\"publisher\":{\"@id\":\"https:\/\/habitacionpropia.mx\/#organization\"},\"potentialAction\":[{\"@type\":\"SearchAction\",\"target\":{\"@type\":\"EntryPoint\",\"urlTemplate\":\"https:\/\/habitacionpropia.mx\/?s={search_term_string}\"},\"query-input\":{\"@type\":\"PropertyValueSpecification\",\"valueRequired\":true,\"valueName\":\"search_term_string\"}}],\"inLanguage\":\"es\"},{\"@type\":\"Organization\",\"@id\":\"https:\/\/habitacionpropia.mx\/#organization\",\"name\":\"Habitaci\u00f3n Propia\",\"url\":\"https:\/\/habitacionpropia.mx\/\",\"logo\":{\"@type\":\"ImageObject\",\"inLanguage\":\"es\",\"@id\":\"https:\/\/habitacionpropia.mx\/#\/schema\/logo\/image\/\",\"url\":\"https:\/\/habitacionpropia.mx\/wp-content\/uploads\/2024\/01\/cropped-Logo-Final-1.png\",\"contentUrl\":\"https:\/\/habitacionpropia.mx\/wp-content\/uploads\/2024\/01\/cropped-Logo-Final-1.png\",\"width\":846,\"height\":191,\"caption\":\"Habitaci\u00f3n Propia\"},\"image\":{\"@id\":\"https:\/\/habitacionpropia.mx\/#\/schema\/logo\/image\/\"},\"sameAs\":[\"https:\/\/www.facebook.com\/habitacionpropia.mx\",\"https:\/\/www.instagram.com\/habitacionpropia.mx\/\"]},{\"@type\":\"Person\",\"@id\":\"https:\/\/habitacionpropia.mx\/#\/schema\/person\/e6f477ce61bfd09134d4ccd8b88fc12d\",\"name\":\"habitacionpropia.mx\",\"image\":{\"@type\":\"ImageObject\",\"inLanguage\":\"es\",\"@id\":\"https:\/\/habitacionpropia.mx\/#\/schema\/person\/image\/\",\"url\":\"https:\/\/secure.gravatar.com\/avatar\/79b4832f252ed058c38bb8616cfa9b2132a8dbec835fd4571c39578e75f17237?s=96&d=mm&r=g\",\"contentUrl\":\"https:\/\/secure.gravatar.com\/avatar\/79b4832f252ed058c38bb8616cfa9b2132a8dbec835fd4571c39578e75f17237?s=96&d=mm&r=g\",\"caption\":\"habitacionpropia.mx\"},\"sameAs\":[\"http:\/\/habitacionpropia.mx\"],\"url\":\"https:\/\/habitacionpropia.mx\/index.php\/author\/habitacionpropia-mx\/\"}]}<\/script>\n<!-- \/ Yoast SEO plugin. -->","yoast_head_json":{"title":"La oportunidad de ganar un viaje \u2018todo incluido\u2019 por el Caribe est\u00e1 \u2018En la maleta\u2019 - Habitaci\u00f3n Propia","robots":{"index":"index","follow":"follow","max-snippet":"max-snippet:-1","max-image-preview":"max-image-preview:large","max-video-preview":"max-video-preview:-1"},"canonical":"https:\/\/habitacionpropia.mx\/index.php\/2024\/07\/19\/la-oportunidad-de-ganar-un-viaje-todo-incluido-por-el-caribe-esta-en-la-maleta\/","og_locale":"es_MX","og_type":"article","og_title":"La oportunidad de ganar un viaje \u2018todo incluido\u2019 por el Caribe est\u00e1 \u2018En la maleta\u2019 - Habitaci\u00f3n Propia","og_description":"\u00bfQuieres ganar un alojamiento \u2018todo incluido\u2019 en alguno de los hoteles m\u00e1s prestigiosos del Caribe? \u2018Con Tu Agencia De Viajes Es Mejor\u2019 te regala la oportunidad a trav\u00e9s de su din\u00e1mica \u2018En la maleta\u2019, con la cual, adivinando el peso y contenido de una, podr\u00e1s hacerte acreedor de uno de los siete viajes que comenzar\u00e1n &hellip;","og_url":"https:\/\/habitacionpropia.mx\/index.php\/2024\/07\/19\/la-oportunidad-de-ganar-un-viaje-todo-incluido-por-el-caribe-esta-en-la-maleta\/","og_site_name":"Habitaci\u00f3n Propia","article_publisher":"https:\/\/www.facebook.com\/habitacionpropia.mx","article_published_time":"2024-07-19T17:57:39+00:00","article_modified_time":"2024-07-19T17:57:43+00:00","og_image":[{"width":1024,"height":683,"url":"https:\/\/habitacionpropia.mx\/wp-content\/uploads\/2024\/07\/16908932497284-1024x683.png","type":"image\/png"}],"author":"habitacionpropia.mx","twitter_card":"summary_large_image","twitter_misc":{"Escrito por":"habitacionpropia.mx","Tiempo de lectura":"2 minutos"},"schema":{"@context":"https:\/\/schema.org","@graph":[{"@type":"Article","@id":"https:\/\/habitacionpropia.mx\/index.php\/2024\/07\/19\/la-oportunidad-de-ganar-un-viaje-todo-incluido-por-el-caribe-esta-en-la-maleta\/#article","isPartOf":{"@id":"https:\/\/habitacionpropia.mx\/index.php\/2024\/07\/19\/la-oportunidad-de-ganar-un-viaje-todo-incluido-por-el-caribe-esta-en-la-maleta\/"},"author":{"name":"habitacionpropia.mx","@id":"https:\/\/habitacionpropia.mx\/#\/schema\/person\/e6f477ce61bfd09134d4ccd8b88fc12d"},"headline":"La oportunidad de ganar un viaje \u2018todo incluido\u2019 por el Caribe est\u00e1 \u2018En la maleta\u2019","datePublished":"2024-07-19T17:57:39+00:00","dateModified":"2024-07-19T17:57:43+00:00","mainEntityOfPage":{"@id":"https:\/\/habitacionpropia.mx\/index.php\/2024\/07\/19\/la-oportunidad-de-ganar-un-viaje-todo-incluido-por-el-caribe-esta-en-la-maleta\/"},"wordCount":501,"commentCount":0,"publisher":{"@id":"https:\/\/habitacionpropia.mx\/#organization"},"image":{"@id":"https:\/\/habitacionpropia.mx\/index.php\/2024\/07\/19\/la-oportunidad-de-ganar-un-viaje-todo-incluido-por-el-caribe-esta-en-la-maleta\/#primaryimage"},"thumbnailUrl":"https:\/\/habitacionpropia.mx\/wp-content\/uploads\/2024\/07\/16908932497284.png","articleSection":["Gata Negra"],"inLanguage":"es","potentialAction":[{"@type":"CommentAction","name":"Comment","target":["https:\/\/habitacionpropia.mx\/index.php\/2024\/07\/19\/la-oportunidad-de-ganar-un-viaje-todo-incluido-por-el-caribe-esta-en-la-maleta\/#respond"]}]},{"@type":"WebPage","@id":"https:\/\/habitacionpropia.mx\/index.php\/2024\/07\/19\/la-oportunidad-de-ganar-un-viaje-todo-incluido-por-el-caribe-esta-en-la-maleta\/","url":"https:\/\/habitacionpropia.mx\/index.php\/2024\/07\/19\/la-oportunidad-de-ganar-un-viaje-todo-incluido-por-el-caribe-esta-en-la-maleta\/","name":"La oportunidad de ganar un viaje \u2018todo incluido\u2019 por el Caribe est\u00e1 \u2018En la maleta\u2019 - Habitaci\u00f3n Propia","isPartOf":{"@id":"https:\/\/habitacionpropia.mx\/#website"},"primaryImageOfPage":{"@id":"https:\/\/habitacionpropia.mx\/index.php\/2024\/07\/19\/la-oportunidad-de-ganar-un-viaje-todo-incluido-por-el-caribe-esta-en-la-maleta\/#primaryimage"},"image":{"@id":"https:\/\/habitacionpropia.mx\/index.php\/2024\/07\/19\/la-oportunidad-de-ganar-un-viaje-todo-incluido-por-el-caribe-esta-en-la-maleta\/#primaryimage"},"thumbnailUrl":"https:\/\/habitacionpropia.mx\/wp-content\/uploads\/2024\/07\/16908932497284.png","datePublished":"2024-07-19T17:57:39+00:00","dateModified":"2024-07-19T17:57:43+00:00","breadcrumb":{"@id":"https:\/\/habitacionpropia.mx\/index.php\/2024\/07\/19\/la-oportunidad-de-ganar-un-viaje-todo-incluido-por-el-caribe-esta-en-la-maleta\/#breadcrumb"},"inLanguage":"es","potentialAction":[{"@type":"ReadAction","target":["https:\/\/habitacionpropia.mx\/index.php\/2024\/07\/19\/la-oportunidad-de-ganar-un-viaje-todo-incluido-por-el-caribe-esta-en-la-maleta\/"]}]},{"@type":"ImageObject","inLanguage":"es","@id":"https:\/\/habitacionpropia.mx\/index.php\/2024\/07\/19\/la-oportunidad-de-ganar-un-viaje-todo-incluido-por-el-caribe-esta-en-la-maleta\/#primaryimage","url":"https:\/\/habitacionpropia.mx\/wp-content\/uploads\/2024\/07\/16908932497284.png","contentUrl":"https:\/\/habitacionpropia.mx\/wp-content\/uploads\/2024\/07\/16908932497284.png","width":3072,"height":2050},{"@type":"BreadcrumbList","@id":"https:\/\/habitacionpropia.mx\/index.php\/2024\/07\/19\/la-oportunidad-de-ganar-un-viaje-todo-incluido-por-el-caribe-esta-en-la-maleta\/#breadcrumb","itemListElement":[{"@type":"ListItem","position":1,"name":"Inicio","item":"https:\/\/habitacionpropia.mx\/"},{"@type":"ListItem","position":2,"name":"La oportunidad de ganar un viaje \u2018todo incluido\u2019 por el Caribe est\u00e1 \u2018En la maleta\u2019"}]},{"@type":"WebSite","@id":"https:\/\/habitacionpropia.mx\/#website","url":"https:\/\/habitacionpropia.mx\/","name":"Habitaci\u00f3n Propia","description":"","publisher":{"@id":"https:\/\/habitacionpropia.mx\/#organization"},"potentialAction":[{"@type":"SearchAction","target":{"@type":"EntryPoint","urlTemplate":"https:\/\/habitacionpropia.mx\/?s={search_term_string}"},"query-input":{"@type":"PropertyValueSpecification","valueRequired":true,"valueName":"search_term_string"}}],"inLanguage":"es"},{"@type":"Organization","@id":"https:\/\/habitacionpropia.mx\/#organization","name":"Habitaci\u00f3n Propia","url":"https:\/\/habitacionpropia.mx\/","logo":{"@type":"ImageObject","inLanguage":"es","@id":"https:\/\/habitacionpropia.mx\/#\/schema\/logo\/image\/","url":"https:\/\/habitacionpropia.mx\/wp-content\/uploads\/2024\/01\/cropped-Logo-Final-1.png","contentUrl":"https:\/\/habitacionpropia.mx\/wp-content\/uploads\/2024\/01\/cropped-Logo-Final-1.png","width":846,"height":191,"caption":"Habitaci\u00f3n Propia"},"image":{"@id":"https:\/\/habitacionpropia.mx\/#\/schema\/logo\/image\/"},"sameAs":["https:\/\/www.facebook.com\/habitacionpropia.mx","https:\/\/www.instagram.com\/habitacionpropia.mx\/"]},{"@type":"Person","@id":"https:\/\/habitacionpropia.mx\/#\/schema\/person\/e6f477ce61bfd09134d4ccd8b88fc12d","name":"habitacionpropia.mx","image":{"@type":"ImageObject","inLanguage":"es","@id":"https:\/\/habitacionpropia.mx\/#\/schema\/person\/image\/","url":"https:\/\/secure.gravatar.com\/avatar\/79b4832f252ed058c38bb8616cfa9b2132a8dbec835fd4571c39578e75f17237?s=96&d=mm&r=g","contentUrl":"https:\/\/secure.gravatar.com\/avatar\/79b4832f252ed058c38bb8616cfa9b2132a8dbec835fd4571c39578e75f17237?s=96&d=mm&r=g","caption":"habitacionpropia.mx"},"sameAs":["http:\/\/habitacionpropia.mx"],"url":"https:\/\/habitacionpropia.mx\/index.php\/author\/habitacionpropia-mx\/"}]}},"jetpack_featured_media_url":"https:\/\/habitacionpropia.mx\/wp-content\/uploads\/2024\/07\/16908932497284.png","jetpack_sharing_enabled":true,"_links":{"self":[{"href":"https:\/\/habitacionpropia.mx\/index.php\/wp-json\/wp\/v2\/posts\/312","targetHints":{"allow":["GET"]}}],"collection":[{"href":"https:\/\/habitacionpropia.mx\/index.php\/wp-json\/wp\/v2\/posts"}],"about":[{"href":"https:\/\/habitacionpropia.mx\/index.php\/wp-json\/wp\/v2\/types\/post"}],"author":[{"embeddable":true,"href":"https:\/\/habitacionpropia.mx\/index.php\/wp-json\/wp\/v2\/users\/1"}],"replies":[{"embeddable":true,"href":"https:\/\/habitacionpropia.mx\/index.php\/wp-json\/wp\/v2\/comments?post=312"}],"version-history":[{"count":1,"href":"https:\/\/habitacionpropia.mx\/index.php\/wp-json\/wp\/v2\/posts\/312\/revisions"}],"predecessor-version":[{"id":314,"href":"https:\/\/habitacionpropia.mx\/index.php\/wp-json\/wp\/v2\/posts\/312\/revisions\/314"}],"wp:featuredmedia":[{"embeddable":true,"href":"https:\/\/habitacionpropia.mx\/index.php\/wp-json\/wp\/v2\/media\/313"}],"wp:attachment":[{"href":"https:\/\/habitacionpropia.mx\/index.php\/wp-json\/wp\/v2\/media?parent=312"}],"wp:term":[{"taxonomy":"category","embeddable":true,"href":"https:\/\/habitacionpropia.mx\/index.php\/wp-json\/wp\/v2\/categories?post=312"},{"taxonomy":"post_tag","embeddable":true,"href":"https:\/\/habitacionpropia.mx\/index.php\/wp-json\/wp\/v2\/tags?post=312"}],"curies":[{"name":"wp","href":"https:\/\/api.w.org\/{rel}","templated":true}]}}