{"id":321,"date":"2024-08-05T18:55:53","date_gmt":"2024-08-05T18:55:53","guid":{"rendered":"https:\/\/habitacionpropia.mx\/?p=321"},"modified":"2024-08-05T18:55:55","modified_gmt":"2024-08-05T18:55:55","slug":"y-mi-beca-donde-quedo","status":"publish","type":"post","link":"https:\/\/habitacionpropia.mx\/index.php\/2024\/08\/05\/y-mi-beca-donde-quedo\/","title":{"rendered":"\u00bfY mi beca d\u00f3nde qued\u00f3?"},"content":{"rendered":"\n<p>Han sido numerosos los casos que se han reportado de diversos estudiantes de todo el pa\u00eds, sobre la extracci\u00f3n de dinero que  les han hecho a sus cuentas del Banco de Bienestar donde se les deposita la Beca Benito Ju\u00e1rez \u00bfQu\u00e9 est\u00e1 pasando? <\/p>\n\n\n\n<p>El Banco del Bienestar no ha dicho ni p\u00edo, la SEP tampoco, s\u00f3lo un medio va siguiendo la pista <strong>La Cr\u00f3nica<\/strong>, mientras los estudiantes que han denunciado han recibido llamadas amenazantes.<\/p>\n\n\n\n<p class=\"has-medium-font-size\" style=\"font-style:normal;font-weight:700\">Hay otras formas de desaparecer los programas sociales<\/p>\n\n\n\n<p>Uno de los argumentos m\u00e1s fuertes que tuvo Morena para denostar a la oposici\u00f3n en las pasadas elecciones fue que si la oposici\u00f3n llegaba al poder iban a desaparecer los programas sociales, y la pregunta surge \u00bfEste robo no es equivalente a una desaparici\u00f3n de los programas sociales?<\/p>\n\n\n\n<p>Hoy como nunca antes la corrupci\u00f3n se ha institucionalizado, el camino andado en la rendici\u00f3n de cuentas, se empieza a llenar de baches, y se presenta un crimen organizado dentro de las organizaciones gubernamentales.<\/p>\n\n\n\n<p>Ya les toc\u00f3 a los estudiantes, ma\u00f1ana ser\u00e1n las personas de la tercera edad y pasado, aquellos que tienen una discapacidad de quienes se extraigan los datos y saquen la cuentas. <\/p>\n\n\n\n<p><strong>La recomendaci\u00f3n: <\/strong>en cuanto depositen, saquen el dinero de la cuenta o transfieran a otra.<\/p>\n","protected":false},"excerpt":{"rendered":"<p>Han sido numerosos los casos que se han reportado de diversos estudiantes de todo el pa\u00eds, sobre la extracci\u00f3n de dinero que  les han hecho a sus cuentas del Banco de Bienestar donde se les deposita la Beca Benito Ju\u00e1rez \u00bfQu\u00e9 est\u00e1 pasando? nada nuevo.<\/p>\n","protected":false},"author":3,"featured_media":322,"comment_status":"open","ping_status":"open","sticky":false,"template":"","format":"standard","meta":{"om_disable_all_campaigns":false,"_monsterinsights_skip_tracking":false,"_monsterinsights_sitenote_active":false,"_monsterinsights_sitenote_note":"","_monsterinsights_sitenote_category":0,"jetpack_post_was_ever_published":false,"_jetpack_newsletter_access":"","_jetpack_dont_email_post_to_subs":false,"_jetpack_newsletter_tier_id":0,"_jetpack_memberships_contains_paywalled_content":false,"_jetpack_memberships_contains_paid_content":false,"footnotes":""},"categories":[5],"tags":[],"class_list":["post-321","post","type-post","status-publish","format-standard","has-post-thumbnail","hentry","category-casa-compartida"],"yoast_head":"<!-- This site is optimized with the Yoast SEO plugin v25.7 - https:\/\/yoast.com\/wordpress\/plugins\/seo\/ -->\n<title>\u00bfY mi beca d\u00f3nde qued\u00f3? - Habitaci\u00f3n Propia<\/title>\n<meta name=\"robots\" content=\"index, follow, max-snippet:-1, max-image-preview:large, max-video-preview:-1\" \/>\n<link rel=\"canonical\" href=\"https:\/\/habitacionpropia.mx\/index.php\/2024\/08\/05\/y-mi-beca-donde-quedo\/\" \/>\n<meta property=\"og:locale\" content=\"es_MX\" \/>\n<meta property=\"og:type\" content=\"article\" \/>\n<meta property=\"og:title\" content=\"\u00bfY mi beca d\u00f3nde qued\u00f3? - Habitaci\u00f3n Propia\" \/>\n<meta property=\"og:description\" content=\"Han sido numerosos los casos que se han reportado de diversos estudiantes de todo el pa\u00eds, sobre la extracci\u00f3n de dinero que les han hecho a sus cuentas del Banco de Bienestar donde se les deposita la Beca Benito Ju\u00e1rez \u00bfQu\u00e9 est\u00e1 pasando? nada nuevo.\" \/>\n<meta property=\"og:url\" content=\"https:\/\/habitacionpropia.mx\/index.php\/2024\/08\/05\/y-mi-beca-donde-quedo\/\" \/>\n<meta property=\"og:site_name\" content=\"Habitaci\u00f3n Propia\" \/>\n<meta property=\"article:publisher\" content=\"https:\/\/www.facebook.com\/habitacionpropia.mx\" \/>\n<meta property=\"article:published_time\" content=\"2024-08-05T18:55:53+00:00\" \/>\n<meta property=\"article:modified_time\" content=\"2024-08-05T18:55:55+00:00\" \/>\n<meta property=\"og:image\" content=\"https:\/\/habitacionpropia.mx\/wp-content\/uploads\/2024\/07\/Captura-de-pantalla-2024-07-21-a-las-22.16.55.png\" \/>\n\t<meta property=\"og:image:width\" content=\"1564\" \/>\n\t<meta property=\"og:image:height\" content=\"978\" \/>\n\t<meta property=\"og:image:type\" content=\"image\/png\" \/>\n<meta name=\"author\" content=\"Lorena Gonz\u00e1lez Bosc\u00f3\" \/>\n<meta name=\"twitter:card\" content=\"summary_large_image\" \/>\n<meta name=\"twitter:label1\" content=\"Escrito por\" \/>\n\t<meta name=\"twitter:data1\" content=\"Lorena Gonz\u00e1lez Bosc\u00f3\" \/>\n\t<meta name=\"twitter:label2\" content=\"Tiempo de lectura\" \/>\n\t<meta name=\"twitter:data2\" content=\"1 minuto\" \/>\n<script type=\"application\/ld+json\" class=\"yoast-schema-graph\">{\"@context\":\"https:\/\/schema.org\",\"@graph\":[{\"@type\":\"Article\",\"@id\":\"https:\/\/habitacionpropia.mx\/index.php\/2024\/08\/05\/y-mi-beca-donde-quedo\/#article\",\"isPartOf\":{\"@id\":\"https:\/\/habitacionpropia.mx\/index.php\/2024\/08\/05\/y-mi-beca-donde-quedo\/\"},\"author\":{\"name\":\"Lorena Gonz\u00e1lez Bosc\u00f3\",\"@id\":\"https:\/\/habitacionpropia.mx\/#\/schema\/person\/f6c994e2664711fc5fa58a5a0bd516ff\"},\"headline\":\"\u00bfY mi beca d\u00f3nde qued\u00f3?\",\"datePublished\":\"2024-08-05T18:55:53+00:00\",\"dateModified\":\"2024-08-05T18:55:55+00:00\",\"mainEntityOfPage\":{\"@id\":\"https:\/\/habitacionpropia.mx\/index.php\/2024\/08\/05\/y-mi-beca-donde-quedo\/\"},\"wordCount\":231,\"commentCount\":0,\"publisher\":{\"@id\":\"https:\/\/habitacionpropia.mx\/#organization\"},\"image\":{\"@id\":\"https:\/\/habitacionpropia.mx\/index.php\/2024\/08\/05\/y-mi-beca-donde-quedo\/#primaryimage\"},\"thumbnailUrl\":\"https:\/\/habitacionpropia.mx\/wp-content\/uploads\/2024\/07\/Captura-de-pantalla-2024-07-21-a-las-22.16.55.png\",\"articleSection\":[\"Casa Compartida\"],\"inLanguage\":\"es\",\"potentialAction\":[{\"@type\":\"CommentAction\",\"name\":\"Comment\",\"target\":[\"https:\/\/habitacionpropia.mx\/index.php\/2024\/08\/05\/y-mi-beca-donde-quedo\/#respond\"]}]},{\"@type\":\"WebPage\",\"@id\":\"https:\/\/habitacionpropia.mx\/index.php\/2024\/08\/05\/y-mi-beca-donde-quedo\/\",\"url\":\"https:\/\/habitacionpropia.mx\/index.php\/2024\/08\/05\/y-mi-beca-donde-quedo\/\",\"name\":\"\u00bfY mi beca d\u00f3nde qued\u00f3? - Habitaci\u00f3n Propia\",\"isPartOf\":{\"@id\":\"https:\/\/habitacionpropia.mx\/#website\"},\"primaryImageOfPage\":{\"@id\":\"https:\/\/habitacionpropia.mx\/index.php\/2024\/08\/05\/y-mi-beca-donde-quedo\/#primaryimage\"},\"image\":{\"@id\":\"https:\/\/habitacionpropia.mx\/index.php\/2024\/08\/05\/y-mi-beca-donde-quedo\/#primaryimage\"},\"thumbnailUrl\":\"https:\/\/habitacionpropia.mx\/wp-content\/uploads\/2024\/07\/Captura-de-pantalla-2024-07-21-a-las-22.16.55.png\",\"datePublished\":\"2024-08-05T18:55:53+00:00\",\"dateModified\":\"2024-08-05T18:55:55+00:00\",\"breadcrumb\":{\"@id\":\"https:\/\/habitacionpropia.mx\/index.php\/2024\/08\/05\/y-mi-beca-donde-quedo\/#breadcrumb\"},\"inLanguage\":\"es\",\"potentialAction\":[{\"@type\":\"ReadAction\",\"target\":[\"https:\/\/habitacionpropia.mx\/index.php\/2024\/08\/05\/y-mi-beca-donde-quedo\/\"]}]},{\"@type\":\"ImageObject\",\"inLanguage\":\"es\",\"@id\":\"https:\/\/habitacionpropia.mx\/index.php\/2024\/08\/05\/y-mi-beca-donde-quedo\/#primaryimage\",\"url\":\"https:\/\/habitacionpropia.mx\/wp-content\/uploads\/2024\/07\/Captura-de-pantalla-2024-07-21-a-las-22.16.55.png\",\"contentUrl\":\"https:\/\/habitacionpropia.mx\/wp-content\/uploads\/2024\/07\/Captura-de-pantalla-2024-07-21-a-las-22.16.55.png\",\"width\":1564,\"height\":978},{\"@type\":\"BreadcrumbList\",\"@id\":\"https:\/\/habitacionpropia.mx\/index.php\/2024\/08\/05\/y-mi-beca-donde-quedo\/#breadcrumb\",\"itemListElement\":[{\"@type\":\"ListItem\",\"position\":1,\"name\":\"Inicio\",\"item\":\"https:\/\/habitacionpropia.mx\/\"},{\"@type\":\"ListItem\",\"position\":2,\"name\":\"\u00bfY mi beca d\u00f3nde qued\u00f3?\"}]},{\"@type\":\"WebSite\",\"@id\":\"https:\/\/habitacionpropia.mx\/#website\",\"url\":\"https:\/\/habitacionpropia.mx\/\",\"name\":\"Habitaci\u00f3n Propia\",\"description\":\"\",\"publisher\":{\"@id\":\"https:\/\/habitacionpropia.mx\/#organization\"},\"potentialAction\":[{\"@type\":\"SearchAction\",\"target\":{\"@type\":\"EntryPoint\",\"urlTemplate\":\"https:\/\/habitacionpropia.mx\/?s={search_term_string}\"},\"query-input\":{\"@type\":\"PropertyValueSpecification\",\"valueRequired\":true,\"valueName\":\"search_term_string\"}}],\"inLanguage\":\"es\"},{\"@type\":\"Organization\",\"@id\":\"https:\/\/habitacionpropia.mx\/#organization\",\"name\":\"Habitaci\u00f3n Propia\",\"url\":\"https:\/\/habitacionpropia.mx\/\",\"logo\":{\"@type\":\"ImageObject\",\"inLanguage\":\"es\",\"@id\":\"https:\/\/habitacionpropia.mx\/#\/schema\/logo\/image\/\",\"url\":\"https:\/\/habitacionpropia.mx\/wp-content\/uploads\/2024\/01\/cropped-Logo-Final-1.png\",\"contentUrl\":\"https:\/\/habitacionpropia.mx\/wp-content\/uploads\/2024\/01\/cropped-Logo-Final-1.png\",\"width\":846,\"height\":191,\"caption\":\"Habitaci\u00f3n Propia\"},\"image\":{\"@id\":\"https:\/\/habitacionpropia.mx\/#\/schema\/logo\/image\/\"},\"sameAs\":[\"https:\/\/www.facebook.com\/habitacionpropia.mx\",\"https:\/\/www.instagram.com\/habitacionpropia.mx\/\"]},{\"@type\":\"Person\",\"@id\":\"https:\/\/habitacionpropia.mx\/#\/schema\/person\/f6c994e2664711fc5fa58a5a0bd516ff\",\"name\":\"Lorena Gonz\u00e1lez Bosc\u00f3\",\"image\":{\"@type\":\"ImageObject\",\"inLanguage\":\"es\",\"@id\":\"https:\/\/habitacionpropia.mx\/#\/schema\/person\/image\/\",\"url\":\"https:\/\/secure.gravatar.com\/avatar\/3efae72f06b5b592d3607438079c8787ed2bc8f57d54b659b7fb4333e5099d68?s=96&d=mm&r=g\",\"contentUrl\":\"https:\/\/secure.gravatar.com\/avatar\/3efae72f06b5b592d3607438079c8787ed2bc8f57d54b659b7fb4333e5099d68?s=96&d=mm&r=g\",\"caption\":\"Lorena Gonz\u00e1lez Bosc\u00f3\"},\"sameAs\":[\"http:\/\/www.vivemerida.live\"],\"url\":\"https:\/\/habitacionpropia.mx\/index.php\/author\/lorenagonzalez\/\"}]}<\/script>\n<!-- \/ Yoast SEO plugin. -->","yoast_head_json":{"title":"\u00bfY mi beca d\u00f3nde qued\u00f3? - Habitaci\u00f3n Propia","robots":{"index":"index","follow":"follow","max-snippet":"max-snippet:-1","max-image-preview":"max-image-preview:large","max-video-preview":"max-video-preview:-1"},"canonical":"https:\/\/habitacionpropia.mx\/index.php\/2024\/08\/05\/y-mi-beca-donde-quedo\/","og_locale":"es_MX","og_type":"article","og_title":"\u00bfY mi beca d\u00f3nde qued\u00f3? - Habitaci\u00f3n Propia","og_description":"Han sido numerosos los casos que se han reportado de diversos estudiantes de todo el pa\u00eds, sobre la extracci\u00f3n de dinero que les han hecho a sus cuentas del Banco de Bienestar donde se les deposita la Beca Benito Ju\u00e1rez \u00bfQu\u00e9 est\u00e1 pasando? nada nuevo.","og_url":"https:\/\/habitacionpropia.mx\/index.php\/2024\/08\/05\/y-mi-beca-donde-quedo\/","og_site_name":"Habitaci\u00f3n Propia","article_publisher":"https:\/\/www.facebook.com\/habitacionpropia.mx","article_published_time":"2024-08-05T18:55:53+00:00","article_modified_time":"2024-08-05T18:55:55+00:00","og_image":[{"width":1564,"height":978,"url":"https:\/\/habitacionpropia.mx\/wp-content\/uploads\/2024\/07\/Captura-de-pantalla-2024-07-21-a-las-22.16.55.png","type":"image\/png"}],"author":"Lorena Gonz\u00e1lez Bosc\u00f3","twitter_card":"summary_large_image","twitter_misc":{"Escrito por":"Lorena Gonz\u00e1lez Bosc\u00f3","Tiempo de lectura":"1 minuto"},"schema":{"@context":"https:\/\/schema.org","@graph":[{"@type":"Article","@id":"https:\/\/habitacionpropia.mx\/index.php\/2024\/08\/05\/y-mi-beca-donde-quedo\/#article","isPartOf":{"@id":"https:\/\/habitacionpropia.mx\/index.php\/2024\/08\/05\/y-mi-beca-donde-quedo\/"},"author":{"name":"Lorena Gonz\u00e1lez Bosc\u00f3","@id":"https:\/\/habitacionpropia.mx\/#\/schema\/person\/f6c994e2664711fc5fa58a5a0bd516ff"},"headline":"\u00bfY mi beca d\u00f3nde qued\u00f3?","datePublished":"2024-08-05T18:55:53+00:00","dateModified":"2024-08-05T18:55:55+00:00","mainEntityOfPage":{"@id":"https:\/\/habitacionpropia.mx\/index.php\/2024\/08\/05\/y-mi-beca-donde-quedo\/"},"wordCount":231,"commentCount":0,"publisher":{"@id":"https:\/\/habitacionpropia.mx\/#organization"},"image":{"@id":"https:\/\/habitacionpropia.mx\/index.php\/2024\/08\/05\/y-mi-beca-donde-quedo\/#primaryimage"},"thumbnailUrl":"https:\/\/habitacionpropia.mx\/wp-content\/uploads\/2024\/07\/Captura-de-pantalla-2024-07-21-a-las-22.16.55.png","articleSection":["Casa Compartida"],"inLanguage":"es","potentialAction":[{"@type":"CommentAction","name":"Comment","target":["https:\/\/habitacionpropia.mx\/index.php\/2024\/08\/05\/y-mi-beca-donde-quedo\/#respond"]}]},{"@type":"WebPage","@id":"https:\/\/habitacionpropia.mx\/index.php\/2024\/08\/05\/y-mi-beca-donde-quedo\/","url":"https:\/\/habitacionpropia.mx\/index.php\/2024\/08\/05\/y-mi-beca-donde-quedo\/","name":"\u00bfY mi beca d\u00f3nde qued\u00f3? - Habitaci\u00f3n Propia","isPartOf":{"@id":"https:\/\/habitacionpropia.mx\/#website"},"primaryImageOfPage":{"@id":"https:\/\/habitacionpropia.mx\/index.php\/2024\/08\/05\/y-mi-beca-donde-quedo\/#primaryimage"},"image":{"@id":"https:\/\/habitacionpropia.mx\/index.php\/2024\/08\/05\/y-mi-beca-donde-quedo\/#primaryimage"},"thumbnailUrl":"https:\/\/habitacionpropia.mx\/wp-content\/uploads\/2024\/07\/Captura-de-pantalla-2024-07-21-a-las-22.16.55.png","datePublished":"2024-08-05T18:55:53+00:00","dateModified":"2024-08-05T18:55:55+00:00","breadcrumb":{"@id":"https:\/\/habitacionpropia.mx\/index.php\/2024\/08\/05\/y-mi-beca-donde-quedo\/#breadcrumb"},"inLanguage":"es","potentialAction":[{"@type":"ReadAction","target":["https:\/\/habitacionpropia.mx\/index.php\/2024\/08\/05\/y-mi-beca-donde-quedo\/"]}]},{"@type":"ImageObject","inLanguage":"es","@id":"https:\/\/habitacionpropia.mx\/index.php\/2024\/08\/05\/y-mi-beca-donde-quedo\/#primaryimage","url":"https:\/\/habitacionpropia.mx\/wp-content\/uploads\/2024\/07\/Captura-de-pantalla-2024-07-21-a-las-22.16.55.png","contentUrl":"https:\/\/habitacionpropia.mx\/wp-content\/uploads\/2024\/07\/Captura-de-pantalla-2024-07-21-a-las-22.16.55.png","width":1564,"height":978},{"@type":"BreadcrumbList","@id":"https:\/\/habitacionpropia.mx\/index.php\/2024\/08\/05\/y-mi-beca-donde-quedo\/#breadcrumb","itemListElement":[{"@type":"ListItem","position":1,"name":"Inicio","item":"https:\/\/habitacionpropia.mx\/"},{"@type":"ListItem","position":2,"name":"\u00bfY mi beca d\u00f3nde qued\u00f3?"}]},{"@type":"WebSite","@id":"https:\/\/habitacionpropia.mx\/#website","url":"https:\/\/habitacionpropia.mx\/","name":"Habitaci\u00f3n Propia","description":"","publisher":{"@id":"https:\/\/habitacionpropia.mx\/#organization"},"potentialAction":[{"@type":"SearchAction","target":{"@type":"EntryPoint","urlTemplate":"https:\/\/habitacionpropia.mx\/?s={search_term_string}"},"query-input":{"@type":"PropertyValueSpecification","valueRequired":true,"valueName":"search_term_string"}}],"inLanguage":"es"},{"@type":"Organization","@id":"https:\/\/habitacionpropia.mx\/#organization","name":"Habitaci\u00f3n Propia","url":"https:\/\/habitacionpropia.mx\/","logo":{"@type":"ImageObject","inLanguage":"es","@id":"https:\/\/habitacionpropia.mx\/#\/schema\/logo\/image\/","url":"https:\/\/habitacionpropia.mx\/wp-content\/uploads\/2024\/01\/cropped-Logo-Final-1.png","contentUrl":"https:\/\/habitacionpropia.mx\/wp-content\/uploads\/2024\/01\/cropped-Logo-Final-1.png","width":846,"height":191,"caption":"Habitaci\u00f3n Propia"},"image":{"@id":"https:\/\/habitacionpropia.mx\/#\/schema\/logo\/image\/"},"sameAs":["https:\/\/www.facebook.com\/habitacionpropia.mx","https:\/\/www.instagram.com\/habitacionpropia.mx\/"]},{"@type":"Person","@id":"https:\/\/habitacionpropia.mx\/#\/schema\/person\/f6c994e2664711fc5fa58a5a0bd516ff","name":"Lorena Gonz\u00e1lez Bosc\u00f3","image":{"@type":"ImageObject","inLanguage":"es","@id":"https:\/\/habitacionpropia.mx\/#\/schema\/person\/image\/","url":"https:\/\/secure.gravatar.com\/avatar\/3efae72f06b5b592d3607438079c8787ed2bc8f57d54b659b7fb4333e5099d68?s=96&d=mm&r=g","contentUrl":"https:\/\/secure.gravatar.com\/avatar\/3efae72f06b5b592d3607438079c8787ed2bc8f57d54b659b7fb4333e5099d68?s=96&d=mm&r=g","caption":"Lorena Gonz\u00e1lez Bosc\u00f3"},"sameAs":["http:\/\/www.vivemerida.live"],"url":"https:\/\/habitacionpropia.mx\/index.php\/author\/lorenagonzalez\/"}]}},"jetpack_featured_media_url":"https:\/\/habitacionpropia.mx\/wp-content\/uploads\/2024\/07\/Captura-de-pantalla-2024-07-21-a-las-22.16.55.png","jetpack_sharing_enabled":true,"_links":{"self":[{"href":"https:\/\/habitacionpropia.mx\/index.php\/wp-json\/wp\/v2\/posts\/321","targetHints":{"allow":["GET"]}}],"collection":[{"href":"https:\/\/habitacionpropia.mx\/index.php\/wp-json\/wp\/v2\/posts"}],"about":[{"href":"https:\/\/habitacionpropia.mx\/index.php\/wp-json\/wp\/v2\/types\/post"}],"author":[{"embeddable":true,"href":"https:\/\/habitacionpropia.mx\/index.php\/wp-json\/wp\/v2\/users\/3"}],"replies":[{"embeddable":true,"href":"https:\/\/habitacionpropia.mx\/index.php\/wp-json\/wp\/v2\/comments?post=321"}],"version-history":[{"count":1,"href":"https:\/\/habitacionpropia.mx\/index.php\/wp-json\/wp\/v2\/posts\/321\/revisions"}],"predecessor-version":[{"id":323,"href":"https:\/\/habitacionpropia.mx\/index.php\/wp-json\/wp\/v2\/posts\/321\/revisions\/323"}],"wp:featuredmedia":[{"embeddable":true,"href":"https:\/\/habitacionpropia.mx\/index.php\/wp-json\/wp\/v2\/media\/322"}],"wp:attachment":[{"href":"https:\/\/habitacionpropia.mx\/index.php\/wp-json\/wp\/v2\/media?parent=321"}],"wp:term":[{"taxonomy":"category","embeddable":true,"href":"https:\/\/habitacionpropia.mx\/index.php\/wp-json\/wp\/v2\/categories?post=321"},{"taxonomy":"post_tag","embeddable":true,"href":"https:\/\/habitacionpropia.mx\/index.php\/wp-json\/wp\/v2\/tags?post=321"}],"curies":[{"name":"wp","href":"https:\/\/api.w.org\/{rel}","templated":true}]}}