{"id":340,"date":"2024-08-21T23:53:52","date_gmt":"2024-08-21T23:53:52","guid":{"rendered":"https:\/\/habitacionpropia.mx\/?p=340"},"modified":"2024-08-22T00:04:58","modified_gmt":"2024-08-22T00:04:58","slug":"lanzan-convocatoria-para-mujeres-indigenas-y-afromexicanas-en-cargos-municipales","status":"publish","type":"post","link":"https:\/\/habitacionpropia.mx\/index.php\/2024\/08\/21\/lanzan-convocatoria-para-mujeres-indigenas-y-afromexicanas-en-cargos-municipales\/","title":{"rendered":"Lanzan convocatoria para mujeres ind\u00edgenas y afromexicanas en cargos municipales"},"content":{"rendered":"\n<p>\u25cf Convocatoria abierta del 5 al 22 de agosto de 2024.<br>\u25cf Se priorizar\u00e1 a mujeres ind\u00edgenas y afromexicanas que habiten en Campeche, Chiapas, Estado de M\u00e9xico, Guerrero, Hidalgo, Oaxaca, Puebla, Quintana Roo, Veracruz y Yucat\u00e1n.<br>\u25cf Las seleccionadas recibir\u00e1n becas para cubrir costos de vi\u00e1ticos y materiales del curso.<\/p>\n\n\n\n<p>En el marco del D\u00eda Internacional de los Pueblos Ind\u00edgenas que se conmemora el 9 de agosto, el Instituto de Liderazgo Simone de Beauvoir (ILSB) lanza una convocatoria dirigida a mujeres ind\u00edgenas y afromexicanas que ocupen cargos en el \u00e1mbito municipal o comunitario, o que hayan sido electas en el proceso 2023-2024; para que participen en el \u201cCurso de Fortalecimiento a Mujeres Ind\u00edgenas y Afromexicanas en Cargos Pol\u00edticos a nivel Comunitario y Municipal.<\/p>\n\n\n\n<p>Este proceso responde a la apuesta del ILSB de fortalecer los liderazgos de las mujeres para avanzar hacia la justicia social y espec\u00edficamente ofrece formaci\u00f3n en temas de cuidados, identidad y funci\u00f3n p\u00fablica municipal y comunitaria; para incidir en las agendas municipales desde la perspectiva de g\u00e9nero y de cuidados.<\/p>\n\n\n\n<p>El curso est\u00e1 conformado por dos m\u00f3dulos con una duraci\u00f3n de 16 horas de trabajo cada uno. El primer m\u00f3dulo se implementar\u00e1 en la cuarta semana del mes de septiembre del 2024 de manera presencial en CDMX y el segundo se realizar\u00e1 en la segunda semana de marzo del 2025, tambi\u00e9n de manera presencial en sede por confirmar.<\/p>\n\n\n\n<p>Se priorizar\u00e1 a mujeres ind\u00edgenas y afromexicanas que vivan en Campeche, Chiapas, Estado de M\u00e9xico, Guerrero, Hidalgo, Oaxaca, Puebla, Quintana Roo, Veracruz y Yucat\u00e1n.<\/p>\n\n\n\n<figure class=\"wp-block-image size-large\"><img loading=\"lazy\" decoding=\"async\" width=\"819\" height=\"1024\" src=\"https:\/\/habitacionpropia.mx\/wp-content\/uploads\/2024\/08\/Cartel-ILSB-5-ago-1-819x1024.jpeg\" alt=\"\" class=\"wp-image-342\" srcset=\"https:\/\/habitacionpropia.mx\/wp-content\/uploads\/2024\/08\/Cartel-ILSB-5-ago-1-819x1024.jpeg 819w, https:\/\/habitacionpropia.mx\/wp-content\/uploads\/2024\/08\/Cartel-ILSB-5-ago-1-240x300.jpeg 240w, https:\/\/habitacionpropia.mx\/wp-content\/uploads\/2024\/08\/Cartel-ILSB-5-ago-1-768x960.jpeg 768w, https:\/\/habitacionpropia.mx\/wp-content\/uploads\/2024\/08\/Cartel-ILSB-5-ago-1-1229x1536.jpeg 1229w, https:\/\/habitacionpropia.mx\/wp-content\/uploads\/2024\/08\/Cartel-ILSB-5-ago-1-48x60.jpeg 48w, https:\/\/habitacionpropia.mx\/wp-content\/uploads\/2024\/08\/Cartel-ILSB-5-ago-1-600x750.jpeg 600w, https:\/\/habitacionpropia.mx\/wp-content\/uploads\/2024\/08\/Cartel-ILSB-5-ago-1.jpeg 1280w\" sizes=\"auto, (max-width: 819px) 100vw, 819px\" \/><\/figure>\n\n\n\n<p>Y las seleccionadas recibir\u00e1n becas para cubrir costos de vi\u00e1ticos (traslados, alimentos y hospedaje), as\u00ed como materiales del curso.<\/p>\n\n\n\n<p>La convocatoria estar\u00e1 abierta del 5 al 22 de agosto y las interesadas podr\u00e1n consultar los requisitos, el programa e inscribirse en la p\u00e1gina del <a href=\"http:\/\/www.ilsb.org.mx\" title=\"ILSB\">ILSB<\/a>.<\/p>\n\n\n\n<p>El ILSB forma, vincula y acompa\u00f1a los liderazgos de mujeres ind\u00edgenas y afromexicanas desde una perspectiva antirracista y de no discriminaci\u00f3n para impulsar el reconocimiento identitario, la participaci\u00f3n pol\u00edtica en espacios de toma de decisi\u00f3n, el ejercicio de los derechos sexuales y reproductivos; y la incorporaci\u00f3n de las juventudes en los procesos de incidencia.<\/p>\n\n\n\n<p>Frin\u00e9 Salguero, directora del ILSB, destac\u00f3 que \u201cen el caso de las mujeres ind\u00edgenas y afromexicanas, sobre todo las que no son parte de familias tradicionalmente pol\u00edticas, cuando alcanzan a llegar a un puesto municipal no tienen cobijo ni respaldo de su partido y no cuentan con los recursos o presupuestos para llevar a cabo sus propuestas o agendas pol\u00edticas\u201d.<\/p>\n\n\n\n<p>Por lo anterior, desde el 2015, el ILSB ha implementado una serie de acciones para fortalecer a las mujeres ind\u00edgenas y afromexicanas en el ejercicio de su cargo p\u00fablico, propiciando el apoyo local de m\u00e1s compa\u00f1eras que viven en ese territorio con la intenci\u00f3n de que tengan m\u00e1s poder de gesti\u00f3n y de interlocuci\u00f3n con los distintos niveles de gobierno.<\/p>\n\n\n\n<p>Es importante resaltar que las mujeres ind\u00edgenas y afromexicanas que ocupan alg\u00fan cargo comunitario o funci\u00f3n a nivel municipal, enfrentan tambi\u00e9n una sobrecarga de trabajo de cuidados al interior de sus familias y de la propia comunidad; asumiendo dobles, triples y hasta cu\u00e1druples jornadas de trabajo que precarizan su vida y limitan el acceso a sus derechos. Por otro lado, las agendas de cuidados han tenido hist\u00f3ricamente un sesgo de clase y una falta de perspectiva intercultural y antirracista, para proveer servicios de cuidados a quienes menos acceso tienen y generar una oferta de servicios con pertinencia<br>cultural.<\/p>\n\n\n\n<p>Por tal motivo, es que este curso busca generar un diagn\u00f3stico sobre las necesidades, concepciones y servicios de cuidados que ya existen en sus territorios, para poder dibujar una agenda posible en el tema de cuidados desde lo municipal y fortalecerlas en la funci\u00f3n de su cargo, reconociendo que son las expertas en sus propios contextos.<\/p>\n\n\n\n<p>Los resultados de la convocatoria se dar\u00e1n a conocer el 2 de septiembre 2024 en la p\u00e1gina web y las redes sociales del ILSB.<\/p>\n\n\n\n<p><\/p>\n\n\n\n<p>*Los derechos de la ilustraci\u00f3n de portada no nos pertenecen, todos los cr\u00e9ditos correspondientes a Amopalay<\/p>\n","protected":false},"excerpt":{"rendered":"<p>\u25cf Convocatoria abierta del 5 al 22 de agosto de 2024.\u25cf Se priorizar\u00e1 a mujeres ind\u00edgenas y afromexicanas que habiten en Campeche, Chiapas, Estado de M\u00e9xico, Guerrero, Hidalgo, Oaxaca, Puebla, Quintana Roo, Veracruz y Yucat\u00e1n.\u25cf Las seleccionadas recibir\u00e1n becas para cubrir costos de vi\u00e1ticos y materiales del curso. En el marco del D\u00eda Internacional de &hellip; <\/p>\n","protected":false},"author":1,"featured_media":343,"comment_status":"open","ping_status":"open","sticky":false,"template":"","format":"standard","meta":{"om_disable_all_campaigns":false,"_monsterinsights_skip_tracking":false,"_monsterinsights_sitenote_active":false,"_monsterinsights_sitenote_note":"","_monsterinsights_sitenote_category":0,"jetpack_post_was_ever_published":false,"_jetpack_newsletter_access":"","_jetpack_dont_email_post_to_subs":false,"_jetpack_newsletter_tier_id":0,"_jetpack_memberships_contains_paywalled_content":false,"_jetpack_memberships_contains_paid_content":false,"footnotes":""},"categories":[10],"tags":[],"class_list":["post-340","post","type-post","status-publish","format-standard","has-post-thumbnail","hentry","category-patio-arbolado"],"yoast_head":"<!-- This site is optimized with the Yoast SEO plugin v25.7 - https:\/\/yoast.com\/wordpress\/plugins\/seo\/ -->\n<title>Lanzan convocatoria para mujeres ind\u00edgenas y afromexicanas en cargos municipales - Habitaci\u00f3n Propia<\/title>\n<meta name=\"robots\" content=\"index, follow, max-snippet:-1, max-image-preview:large, max-video-preview:-1\" \/>\n<link rel=\"canonical\" href=\"https:\/\/habitacionpropia.mx\/index.php\/2024\/08\/21\/lanzan-convocatoria-para-mujeres-indigenas-y-afromexicanas-en-cargos-municipales\/\" \/>\n<meta property=\"og:locale\" content=\"es_MX\" \/>\n<meta property=\"og:type\" content=\"article\" \/>\n<meta property=\"og:title\" content=\"Lanzan convocatoria para mujeres ind\u00edgenas y afromexicanas en cargos municipales - Habitaci\u00f3n Propia\" \/>\n<meta property=\"og:description\" content=\"\u25cf Convocatoria abierta del 5 al 22 de agosto de 2024.\u25cf Se priorizar\u00e1 a mujeres ind\u00edgenas y afromexicanas que habiten en Campeche, Chiapas, Estado de M\u00e9xico, Guerrero, Hidalgo, Oaxaca, Puebla, Quintana Roo, Veracruz y Yucat\u00e1n.\u25cf Las seleccionadas recibir\u00e1n becas para cubrir costos de vi\u00e1ticos y materiales del curso. En el marco del D\u00eda Internacional de &hellip;\" \/>\n<meta property=\"og:url\" content=\"https:\/\/habitacionpropia.mx\/index.php\/2024\/08\/21\/lanzan-convocatoria-para-mujeres-indigenas-y-afromexicanas-en-cargos-municipales\/\" \/>\n<meta property=\"og:site_name\" content=\"Habitaci\u00f3n Propia\" \/>\n<meta property=\"article:publisher\" content=\"https:\/\/www.facebook.com\/habitacionpropia.mx\" \/>\n<meta property=\"article:published_time\" content=\"2024-08-21T23:53:52+00:00\" \/>\n<meta property=\"article:modified_time\" content=\"2024-08-22T00:04:58+00:00\" \/>\n<meta property=\"og:image\" content=\"http:\/\/habitacionpropia.mx\/wp-content\/uploads\/2024\/08\/image-1024x535.png\" \/>\n\t<meta property=\"og:image:width\" content=\"1024\" \/>\n\t<meta property=\"og:image:height\" content=\"535\" \/>\n\t<meta property=\"og:image:type\" content=\"image\/png\" \/>\n<meta name=\"author\" content=\"habitacionpropia.mx\" \/>\n<meta name=\"twitter:card\" content=\"summary_large_image\" \/>\n<meta name=\"twitter:label1\" content=\"Escrito por\" \/>\n\t<meta name=\"twitter:data1\" content=\"habitacionpropia.mx\" \/>\n\t<meta name=\"twitter:label2\" content=\"Tiempo de lectura\" \/>\n\t<meta name=\"twitter:data2\" content=\"4 minutos\" \/>\n<script type=\"application\/ld+json\" class=\"yoast-schema-graph\">{\"@context\":\"https:\/\/schema.org\",\"@graph\":[{\"@type\":\"Article\",\"@id\":\"https:\/\/habitacionpropia.mx\/index.php\/2024\/08\/21\/lanzan-convocatoria-para-mujeres-indigenas-y-afromexicanas-en-cargos-municipales\/#article\",\"isPartOf\":{\"@id\":\"https:\/\/habitacionpropia.mx\/index.php\/2024\/08\/21\/lanzan-convocatoria-para-mujeres-indigenas-y-afromexicanas-en-cargos-municipales\/\"},\"author\":{\"name\":\"habitacionpropia.mx\",\"@id\":\"https:\/\/habitacionpropia.mx\/#\/schema\/person\/e6f477ce61bfd09134d4ccd8b88fc12d\"},\"headline\":\"Lanzan convocatoria para mujeres ind\u00edgenas y afromexicanas en cargos municipales\",\"datePublished\":\"2024-08-21T23:53:52+00:00\",\"dateModified\":\"2024-08-22T00:04:58+00:00\",\"mainEntityOfPage\":{\"@id\":\"https:\/\/habitacionpropia.mx\/index.php\/2024\/08\/21\/lanzan-convocatoria-para-mujeres-indigenas-y-afromexicanas-en-cargos-municipales\/\"},\"wordCount\":719,\"commentCount\":0,\"publisher\":{\"@id\":\"https:\/\/habitacionpropia.mx\/#organization\"},\"image\":{\"@id\":\"https:\/\/habitacionpropia.mx\/index.php\/2024\/08\/21\/lanzan-convocatoria-para-mujeres-indigenas-y-afromexicanas-en-cargos-municipales\/#primaryimage\"},\"thumbnailUrl\":\"https:\/\/habitacionpropia.mx\/wp-content\/uploads\/2024\/08\/image.png\",\"articleSection\":[\"Patio Arbolado\"],\"inLanguage\":\"es\",\"potentialAction\":[{\"@type\":\"CommentAction\",\"name\":\"Comment\",\"target\":[\"https:\/\/habitacionpropia.mx\/index.php\/2024\/08\/21\/lanzan-convocatoria-para-mujeres-indigenas-y-afromexicanas-en-cargos-municipales\/#respond\"]}]},{\"@type\":\"WebPage\",\"@id\":\"https:\/\/habitacionpropia.mx\/index.php\/2024\/08\/21\/lanzan-convocatoria-para-mujeres-indigenas-y-afromexicanas-en-cargos-municipales\/\",\"url\":\"https:\/\/habitacionpropia.mx\/index.php\/2024\/08\/21\/lanzan-convocatoria-para-mujeres-indigenas-y-afromexicanas-en-cargos-municipales\/\",\"name\":\"Lanzan convocatoria para mujeres ind\u00edgenas y afromexicanas en cargos municipales - Habitaci\u00f3n Propia\",\"isPartOf\":{\"@id\":\"https:\/\/habitacionpropia.mx\/#website\"},\"primaryImageOfPage\":{\"@id\":\"https:\/\/habitacionpropia.mx\/index.php\/2024\/08\/21\/lanzan-convocatoria-para-mujeres-indigenas-y-afromexicanas-en-cargos-municipales\/#primaryimage\"},\"image\":{\"@id\":\"https:\/\/habitacionpropia.mx\/index.php\/2024\/08\/21\/lanzan-convocatoria-para-mujeres-indigenas-y-afromexicanas-en-cargos-municipales\/#primaryimage\"},\"thumbnailUrl\":\"https:\/\/habitacionpropia.mx\/wp-content\/uploads\/2024\/08\/image.png\",\"datePublished\":\"2024-08-21T23:53:52+00:00\",\"dateModified\":\"2024-08-22T00:04:58+00:00\",\"breadcrumb\":{\"@id\":\"https:\/\/habitacionpropia.mx\/index.php\/2024\/08\/21\/lanzan-convocatoria-para-mujeres-indigenas-y-afromexicanas-en-cargos-municipales\/#breadcrumb\"},\"inLanguage\":\"es\",\"potentialAction\":[{\"@type\":\"ReadAction\",\"target\":[\"https:\/\/habitacionpropia.mx\/index.php\/2024\/08\/21\/lanzan-convocatoria-para-mujeres-indigenas-y-afromexicanas-en-cargos-municipales\/\"]}]},{\"@type\":\"ImageObject\",\"inLanguage\":\"es\",\"@id\":\"https:\/\/habitacionpropia.mx\/index.php\/2024\/08\/21\/lanzan-convocatoria-para-mujeres-indigenas-y-afromexicanas-en-cargos-municipales\/#primaryimage\",\"url\":\"https:\/\/habitacionpropia.mx\/wp-content\/uploads\/2024\/08\/image.png\",\"contentUrl\":\"https:\/\/habitacionpropia.mx\/wp-content\/uploads\/2024\/08\/image.png\",\"width\":1920,\"height\":1003},{\"@type\":\"BreadcrumbList\",\"@id\":\"https:\/\/habitacionpropia.mx\/index.php\/2024\/08\/21\/lanzan-convocatoria-para-mujeres-indigenas-y-afromexicanas-en-cargos-municipales\/#breadcrumb\",\"itemListElement\":[{\"@type\":\"ListItem\",\"position\":1,\"name\":\"Inicio\",\"item\":\"https:\/\/habitacionpropia.mx\/\"},{\"@type\":\"ListItem\",\"position\":2,\"name\":\"Lanzan convocatoria para mujeres ind\u00edgenas y afromexicanas en cargos municipales\"}]},{\"@type\":\"WebSite\",\"@id\":\"https:\/\/habitacionpropia.mx\/#website\",\"url\":\"https:\/\/habitacionpropia.mx\/\",\"name\":\"Habitaci\u00f3n Propia\",\"description\":\"\",\"publisher\":{\"@id\":\"https:\/\/habitacionpropia.mx\/#organization\"},\"potentialAction\":[{\"@type\":\"SearchAction\",\"target\":{\"@type\":\"EntryPoint\",\"urlTemplate\":\"https:\/\/habitacionpropia.mx\/?s={search_term_string}\"},\"query-input\":{\"@type\":\"PropertyValueSpecification\",\"valueRequired\":true,\"valueName\":\"search_term_string\"}}],\"inLanguage\":\"es\"},{\"@type\":\"Organization\",\"@id\":\"https:\/\/habitacionpropia.mx\/#organization\",\"name\":\"Habitaci\u00f3n Propia\",\"url\":\"https:\/\/habitacionpropia.mx\/\",\"logo\":{\"@type\":\"ImageObject\",\"inLanguage\":\"es\",\"@id\":\"https:\/\/habitacionpropia.mx\/#\/schema\/logo\/image\/\",\"url\":\"https:\/\/habitacionpropia.mx\/wp-content\/uploads\/2024\/01\/cropped-Logo-Final-1.png\",\"contentUrl\":\"https:\/\/habitacionpropia.mx\/wp-content\/uploads\/2024\/01\/cropped-Logo-Final-1.png\",\"width\":846,\"height\":191,\"caption\":\"Habitaci\u00f3n Propia\"},\"image\":{\"@id\":\"https:\/\/habitacionpropia.mx\/#\/schema\/logo\/image\/\"},\"sameAs\":[\"https:\/\/www.facebook.com\/habitacionpropia.mx\",\"https:\/\/www.instagram.com\/habitacionpropia.mx\/\"]},{\"@type\":\"Person\",\"@id\":\"https:\/\/habitacionpropia.mx\/#\/schema\/person\/e6f477ce61bfd09134d4ccd8b88fc12d\",\"name\":\"habitacionpropia.mx\",\"image\":{\"@type\":\"ImageObject\",\"inLanguage\":\"es\",\"@id\":\"https:\/\/habitacionpropia.mx\/#\/schema\/person\/image\/\",\"url\":\"https:\/\/secure.gravatar.com\/avatar\/79b4832f252ed058c38bb8616cfa9b2132a8dbec835fd4571c39578e75f17237?s=96&d=mm&r=g\",\"contentUrl\":\"https:\/\/secure.gravatar.com\/avatar\/79b4832f252ed058c38bb8616cfa9b2132a8dbec835fd4571c39578e75f17237?s=96&d=mm&r=g\",\"caption\":\"habitacionpropia.mx\"},\"sameAs\":[\"http:\/\/habitacionpropia.mx\"],\"url\":\"https:\/\/habitacionpropia.mx\/index.php\/author\/habitacionpropia-mx\/\"}]}<\/script>\n<!-- \/ Yoast SEO plugin. -->","yoast_head_json":{"title":"Lanzan convocatoria para mujeres ind\u00edgenas y afromexicanas en cargos municipales - Habitaci\u00f3n Propia","robots":{"index":"index","follow":"follow","max-snippet":"max-snippet:-1","max-image-preview":"max-image-preview:large","max-video-preview":"max-video-preview:-1"},"canonical":"https:\/\/habitacionpropia.mx\/index.php\/2024\/08\/21\/lanzan-convocatoria-para-mujeres-indigenas-y-afromexicanas-en-cargos-municipales\/","og_locale":"es_MX","og_type":"article","og_title":"Lanzan convocatoria para mujeres ind\u00edgenas y afromexicanas en cargos municipales - Habitaci\u00f3n Propia","og_description":"\u25cf Convocatoria abierta del 5 al 22 de agosto de 2024.\u25cf Se priorizar\u00e1 a mujeres ind\u00edgenas y afromexicanas que habiten en Campeche, Chiapas, Estado de M\u00e9xico, Guerrero, Hidalgo, Oaxaca, Puebla, Quintana Roo, Veracruz y Yucat\u00e1n.\u25cf Las seleccionadas recibir\u00e1n becas para cubrir costos de vi\u00e1ticos y materiales del curso. En el marco del D\u00eda Internacional de &hellip;","og_url":"https:\/\/habitacionpropia.mx\/index.php\/2024\/08\/21\/lanzan-convocatoria-para-mujeres-indigenas-y-afromexicanas-en-cargos-municipales\/","og_site_name":"Habitaci\u00f3n Propia","article_publisher":"https:\/\/www.facebook.com\/habitacionpropia.mx","article_published_time":"2024-08-21T23:53:52+00:00","article_modified_time":"2024-08-22T00:04:58+00:00","og_image":[{"width":1024,"height":535,"url":"http:\/\/habitacionpropia.mx\/wp-content\/uploads\/2024\/08\/image-1024x535.png","type":"image\/png"}],"author":"habitacionpropia.mx","twitter_card":"summary_large_image","twitter_misc":{"Escrito por":"habitacionpropia.mx","Tiempo de lectura":"4 minutos"},"schema":{"@context":"https:\/\/schema.org","@graph":[{"@type":"Article","@id":"https:\/\/habitacionpropia.mx\/index.php\/2024\/08\/21\/lanzan-convocatoria-para-mujeres-indigenas-y-afromexicanas-en-cargos-municipales\/#article","isPartOf":{"@id":"https:\/\/habitacionpropia.mx\/index.php\/2024\/08\/21\/lanzan-convocatoria-para-mujeres-indigenas-y-afromexicanas-en-cargos-municipales\/"},"author":{"name":"habitacionpropia.mx","@id":"https:\/\/habitacionpropia.mx\/#\/schema\/person\/e6f477ce61bfd09134d4ccd8b88fc12d"},"headline":"Lanzan convocatoria para mujeres ind\u00edgenas y afromexicanas en cargos municipales","datePublished":"2024-08-21T23:53:52+00:00","dateModified":"2024-08-22T00:04:58+00:00","mainEntityOfPage":{"@id":"https:\/\/habitacionpropia.mx\/index.php\/2024\/08\/21\/lanzan-convocatoria-para-mujeres-indigenas-y-afromexicanas-en-cargos-municipales\/"},"wordCount":719,"commentCount":0,"publisher":{"@id":"https:\/\/habitacionpropia.mx\/#organization"},"image":{"@id":"https:\/\/habitacionpropia.mx\/index.php\/2024\/08\/21\/lanzan-convocatoria-para-mujeres-indigenas-y-afromexicanas-en-cargos-municipales\/#primaryimage"},"thumbnailUrl":"https:\/\/habitacionpropia.mx\/wp-content\/uploads\/2024\/08\/image.png","articleSection":["Patio Arbolado"],"inLanguage":"es","potentialAction":[{"@type":"CommentAction","name":"Comment","target":["https:\/\/habitacionpropia.mx\/index.php\/2024\/08\/21\/lanzan-convocatoria-para-mujeres-indigenas-y-afromexicanas-en-cargos-municipales\/#respond"]}]},{"@type":"WebPage","@id":"https:\/\/habitacionpropia.mx\/index.php\/2024\/08\/21\/lanzan-convocatoria-para-mujeres-indigenas-y-afromexicanas-en-cargos-municipales\/","url":"https:\/\/habitacionpropia.mx\/index.php\/2024\/08\/21\/lanzan-convocatoria-para-mujeres-indigenas-y-afromexicanas-en-cargos-municipales\/","name":"Lanzan convocatoria para mujeres ind\u00edgenas y afromexicanas en cargos municipales - Habitaci\u00f3n Propia","isPartOf":{"@id":"https:\/\/habitacionpropia.mx\/#website"},"primaryImageOfPage":{"@id":"https:\/\/habitacionpropia.mx\/index.php\/2024\/08\/21\/lanzan-convocatoria-para-mujeres-indigenas-y-afromexicanas-en-cargos-municipales\/#primaryimage"},"image":{"@id":"https:\/\/habitacionpropia.mx\/index.php\/2024\/08\/21\/lanzan-convocatoria-para-mujeres-indigenas-y-afromexicanas-en-cargos-municipales\/#primaryimage"},"thumbnailUrl":"https:\/\/habitacionpropia.mx\/wp-content\/uploads\/2024\/08\/image.png","datePublished":"2024-08-21T23:53:52+00:00","dateModified":"2024-08-22T00:04:58+00:00","breadcrumb":{"@id":"https:\/\/habitacionpropia.mx\/index.php\/2024\/08\/21\/lanzan-convocatoria-para-mujeres-indigenas-y-afromexicanas-en-cargos-municipales\/#breadcrumb"},"inLanguage":"es","potentialAction":[{"@type":"ReadAction","target":["https:\/\/habitacionpropia.mx\/index.php\/2024\/08\/21\/lanzan-convocatoria-para-mujeres-indigenas-y-afromexicanas-en-cargos-municipales\/"]}]},{"@type":"ImageObject","inLanguage":"es","@id":"https:\/\/habitacionpropia.mx\/index.php\/2024\/08\/21\/lanzan-convocatoria-para-mujeres-indigenas-y-afromexicanas-en-cargos-municipales\/#primaryimage","url":"https:\/\/habitacionpropia.mx\/wp-content\/uploads\/2024\/08\/image.png","contentUrl":"https:\/\/habitacionpropia.mx\/wp-content\/uploads\/2024\/08\/image.png","width":1920,"height":1003},{"@type":"BreadcrumbList","@id":"https:\/\/habitacionpropia.mx\/index.php\/2024\/08\/21\/lanzan-convocatoria-para-mujeres-indigenas-y-afromexicanas-en-cargos-municipales\/#breadcrumb","itemListElement":[{"@type":"ListItem","position":1,"name":"Inicio","item":"https:\/\/habitacionpropia.mx\/"},{"@type":"ListItem","position":2,"name":"Lanzan convocatoria para mujeres ind\u00edgenas y afromexicanas en cargos municipales"}]},{"@type":"WebSite","@id":"https:\/\/habitacionpropia.mx\/#website","url":"https:\/\/habitacionpropia.mx\/","name":"Habitaci\u00f3n Propia","description":"","publisher":{"@id":"https:\/\/habitacionpropia.mx\/#organization"},"potentialAction":[{"@type":"SearchAction","target":{"@type":"EntryPoint","urlTemplate":"https:\/\/habitacionpropia.mx\/?s={search_term_string}"},"query-input":{"@type":"PropertyValueSpecification","valueRequired":true,"valueName":"search_term_string"}}],"inLanguage":"es"},{"@type":"Organization","@id":"https:\/\/habitacionpropia.mx\/#organization","name":"Habitaci\u00f3n Propia","url":"https:\/\/habitacionpropia.mx\/","logo":{"@type":"ImageObject","inLanguage":"es","@id":"https:\/\/habitacionpropia.mx\/#\/schema\/logo\/image\/","url":"https:\/\/habitacionpropia.mx\/wp-content\/uploads\/2024\/01\/cropped-Logo-Final-1.png","contentUrl":"https:\/\/habitacionpropia.mx\/wp-content\/uploads\/2024\/01\/cropped-Logo-Final-1.png","width":846,"height":191,"caption":"Habitaci\u00f3n Propia"},"image":{"@id":"https:\/\/habitacionpropia.mx\/#\/schema\/logo\/image\/"},"sameAs":["https:\/\/www.facebook.com\/habitacionpropia.mx","https:\/\/www.instagram.com\/habitacionpropia.mx\/"]},{"@type":"Person","@id":"https:\/\/habitacionpropia.mx\/#\/schema\/person\/e6f477ce61bfd09134d4ccd8b88fc12d","name":"habitacionpropia.mx","image":{"@type":"ImageObject","inLanguage":"es","@id":"https:\/\/habitacionpropia.mx\/#\/schema\/person\/image\/","url":"https:\/\/secure.gravatar.com\/avatar\/79b4832f252ed058c38bb8616cfa9b2132a8dbec835fd4571c39578e75f17237?s=96&d=mm&r=g","contentUrl":"https:\/\/secure.gravatar.com\/avatar\/79b4832f252ed058c38bb8616cfa9b2132a8dbec835fd4571c39578e75f17237?s=96&d=mm&r=g","caption":"habitacionpropia.mx"},"sameAs":["http:\/\/habitacionpropia.mx"],"url":"https:\/\/habitacionpropia.mx\/index.php\/author\/habitacionpropia-mx\/"}]}},"jetpack_featured_media_url":"https:\/\/habitacionpropia.mx\/wp-content\/uploads\/2024\/08\/image.png","jetpack_sharing_enabled":true,"_links":{"self":[{"href":"https:\/\/habitacionpropia.mx\/index.php\/wp-json\/wp\/v2\/posts\/340","targetHints":{"allow":["GET"]}}],"collection":[{"href":"https:\/\/habitacionpropia.mx\/index.php\/wp-json\/wp\/v2\/posts"}],"about":[{"href":"https:\/\/habitacionpropia.mx\/index.php\/wp-json\/wp\/v2\/types\/post"}],"author":[{"embeddable":true,"href":"https:\/\/habitacionpropia.mx\/index.php\/wp-json\/wp\/v2\/users\/1"}],"replies":[{"embeddable":true,"href":"https:\/\/habitacionpropia.mx\/index.php\/wp-json\/wp\/v2\/comments?post=340"}],"version-history":[{"count":2,"href":"https:\/\/habitacionpropia.mx\/index.php\/wp-json\/wp\/v2\/posts\/340\/revisions"}],"predecessor-version":[{"id":346,"href":"https:\/\/habitacionpropia.mx\/index.php\/wp-json\/wp\/v2\/posts\/340\/revisions\/346"}],"wp:featuredmedia":[{"embeddable":true,"href":"https:\/\/habitacionpropia.mx\/index.php\/wp-json\/wp\/v2\/media\/343"}],"wp:attachment":[{"href":"https:\/\/habitacionpropia.mx\/index.php\/wp-json\/wp\/v2\/media?parent=340"}],"wp:term":[{"taxonomy":"category","embeddable":true,"href":"https:\/\/habitacionpropia.mx\/index.php\/wp-json\/wp\/v2\/categories?post=340"},{"taxonomy":"post_tag","embeddable":true,"href":"https:\/\/habitacionpropia.mx\/index.php\/wp-json\/wp\/v2\/tags?post=340"}],"curies":[{"name":"wp","href":"https:\/\/api.w.org\/{rel}","templated":true}]}}