{"id":434,"date":"2024-09-26T23:42:45","date_gmt":"2024-09-26T23:42:45","guid":{"rendered":"https:\/\/habitacionpropia.mx\/?p=434"},"modified":"2024-09-27T00:15:41","modified_gmt":"2024-09-27T00:15:41","slug":"un-28s-para-mirar-el-recorrido-del-aborto-en-yucatan","status":"publish","type":"post","link":"https:\/\/habitacionpropia.mx\/index.php\/2024\/09\/26\/un-28s-para-mirar-el-recorrido-del-aborto-en-yucatan\/","title":{"rendered":"Un 28S para mirar el recorrido del aborto en Yucat\u00e1n"},"content":{"rendered":"\n<p>El pr\u00f3ximo 28 de septiembre es el D\u00eda Global por la Despenalizaci\u00f3n del Aborto y este a\u00f1o en M\u00e9rida invitan a reflexionar al respecto, creando un espacio de conversaci\u00f3n para saber en qu\u00e9 va el estado con el tema, \u00bfes legal o no?, as\u00ed como responder: por qu\u00e9 no hay marcha de 28S.<\/p>\n\n\n\n<p>Igualdad Sustantiva Yucat\u00e1n (ISY) invita a sumarse al primer evento alrededor de este 28S este viernes 27 de septiembre a las 6:00 p.m. en <a href=\"https:\/\/maps.app.goo.gl\/jDr8uMQ5goScH3Dt5\">La Milagros<\/a>, donde conversar\u00e1n, pero tambi\u00e9n tendr\u00e1n espacio para bailar, expresar dudas y recibir insumos de prevenci\u00f3n de embarazos no deseados, as\u00ed como informaci\u00f3n sobre aborto seguro, por supuesto.<\/p>\n\n\n\n<p>Adem\u00e1s, ISY tambi\u00e9n realizar\u00e1 el foro <strong>&#8220;No hay paz, sin autonom\u00eda corporal&#8221;<\/strong> que tendr\u00e1 lugar el 11 de octubre de 10 AM a 4:00 p.m. en\u00a0el\u00a0Centro Peninsular en Humanidades y Ciencias Sociales UNAM (CEPHCIS), evento en el que habr\u00e1 diversas actividades para hablar sobre las necesidades en torno a la interrupci\u00f3n del embarazo espec\u00edficamente en Yucat\u00e1n.<\/p>\n\n\n\n<p>La activista fundadora de UADY Sin Acoso, <strong>Rosa Cruz Pech, impartir\u00e1 la conferencia &nbsp;\u201cHistoria de la lucha por los derechos sexuales y reproductivos en Yucat\u00e1n\u201d<\/strong> para exponer los antecedentes para que el estado se encuentre cada vez m\u00e1s cerca de la despenalizaci\u00f3n del aborto y que, aunque a\u00fan no sea una realidad, ya existan alternativas para hacerlo de manera segua.<\/p>\n\n\n\n<blockquote class=\"wp-block-quote is-layout-flow wp-block-quote-is-layout-flow\">\n<p>&#8220;Es una discusi\u00f3n que lleva un centenar de a\u00f1os la lucha por la despenalizaci\u00f3n en el estado de Yucat\u00e1n, es el primer estado de M\u00e9xico en considerar dos causales para que el aborto pueda ser de manera legal, durante el gobierno de Felipe Carrillo Puerto&#8221;.<\/p>\n<cite>Rosa Cruz Pech, activista<\/cite><\/blockquote>\n\n\n\n<p>La abogada Andrea Tamayo C\u00e1ceres tambi\u00e9n estar\u00e1 presente en este evento, hablando acerca de los <strong>avances jur\u00eddicos que han ocurrido en el pa\u00eds, haciendo un recorrido por las declaratorias de inconstitucionalidad que ha emitido la Suprema Corte de Justicia de la Naci\u00f3n (SCJN),<\/strong> logrando que varios estados del pa\u00eds ya reconocen el derecho a decidir.<\/p>\n\n\n\n<p>&#8220;La importancia de retirar de los c\u00f3digos penales el delito como tal respecto al aborto es lo que vamos a analizar y c\u00f3mo esto repercute en la vida de las mujeres y las personas con capacidad de gestar que, al d\u00eda de hoy, todav\u00eda ven repercusiones en Yucat\u00e1n por llevar a cabo este derecho humano&#8221;.<\/p>\n\n\n\n<p>Kelly Ram\u00edrez Alpuche, fundadora de ISY, inform\u00f3 que <strong>adem\u00e1s de las conferencias, habr\u00e1 un stand de salud sexual reproductiva y no reproductiva, infecciones de transmisi\u00f3n sexual y un stand para la prevenci\u00f3n del c\u00e1ncer de mama. <\/strong>Tambi\u00e9n realizar\u00e1n pruebas de VIH, hepatitis y s\u00edfilis y como cierre del evento, estar\u00e1 presente<a href=\"https:\/\/www.instagram.com\/danielaromeromusica\/\"> Daniela Romero<\/a>.<\/p>\n\n\n\n<p>Rosa Cruz destac\u00f3 que <strong>el foro no pretende &#8220;promover&#8221; el aborto, sino informar acerca de espacios seguros para las personas que necesiten<\/strong> realizar la interrupci\u00f3n de su embarazo, de manera que sea segura.<\/p>\n\n\n\n<blockquote class=\"wp-block-quote is-layout-flow wp-block-quote-is-layout-flow\">\n<p>&#8220;La salud sexual y reproductiva, no solo tiene que ver con el aborto o interrupci\u00f3n del embarazo, sino con una educaci\u00f3n sexual integral y prevenci\u00f3n de infecciones de transmisi\u00f3n sexual, as\u00ed como prevenci\u00f3n de los altos \u00edndices de c\u00e1ncer cervicouterino&#8221;.<\/p>\n<cite>Rosa Cruz Pech, activista<\/cite><\/blockquote>\n\n\n\n<p>Este es el tercer a\u00f1o que realizan este foro, sin embargo, no es la primera vez que enfrentan dificultades para encontrar espacios disponibles para llevarlo a cabo.<\/p>\n\n\n\n<blockquote class=\"wp-block-quote is-layout-flow wp-block-quote-is-layout-flow\">\n<p>&#8220;Cada a\u00f1o es muy dif\u00edcil conseguir un espacio para que se pueda realizar este foro, es una realidad, desde que ven que es un foro con el tema de aborto, se reducen bastante las posibilidades de conseguir un espacio que nos pueda proporcionar todas las herramientas para llevarlo a cabo&#8221;.<\/p>\n<cite>Kelly Ram\u00edrez Alpuche, fundadora de ISY<\/cite><\/blockquote>\n\n\n\n<p>La situaci\u00f3n es as\u00ed al punto de que este foro estaba planeado originalmente para el 20 de septiembre en el Centro de Investigaci\u00f3n y de Estudios Avanzados&nbsp;(Cinvestav) y, sin embargo, tuvieron que reprogramar por situaciones con el lugar.<\/p>\n\n\n\n<figure class=\"wp-block-image size-large\"><img loading=\"lazy\" decoding=\"async\" width=\"1024\" height=\"512\" src=\"http:\/\/habitacionpropia.mx\/wp-content\/uploads\/2024\/08\/Publicidad-1-1024x512.png\" alt=\"\" class=\"wp-image-358\" srcset=\"https:\/\/habitacionpropia.mx\/wp-content\/uploads\/2024\/08\/Publicidad-1-1024x512.png 1024w, https:\/\/habitacionpropia.mx\/wp-content\/uploads\/2024\/08\/Publicidad-1-300x150.png 300w, https:\/\/habitacionpropia.mx\/wp-content\/uploads\/2024\/08\/Publicidad-1-768x384.png 768w, https:\/\/habitacionpropia.mx\/wp-content\/uploads\/2024\/08\/Publicidad-1-1536x768.png 1536w, https:\/\/habitacionpropia.mx\/wp-content\/uploads\/2024\/08\/Publicidad-1-2048x1024.png 2048w, https:\/\/habitacionpropia.mx\/wp-content\/uploads\/2024\/08\/Publicidad-1-120x60.png 120w, https:\/\/habitacionpropia.mx\/wp-content\/uploads\/2024\/08\/Publicidad-1-1320x660.png 1320w, https:\/\/habitacionpropia.mx\/wp-content\/uploads\/2024\/08\/Publicidad-1-600x300.png 600w\" sizes=\"auto, (max-width: 1024px) 100vw, 1024px\" \/><\/figure>\n\n\n\n<p><\/p>\n","protected":false},"excerpt":{"rendered":"<p>El pr\u00f3ximo 28 de septiembre es el D\u00eda Global por la Despenalizaci\u00f3n del Aborto y este a\u00f1o en M\u00e9rida invitan a reflexionar al respecto, creando un espacio de conversaci\u00f3n para saber en qu\u00e9 va el estado con el tema, \u00bfes legal o no?, as\u00ed como responder: por qu\u00e9 no hay marcha de 28S. Igualdad Sustantiva &hellip; <\/p>\n","protected":false},"author":2,"featured_media":437,"comment_status":"open","ping_status":"open","sticky":false,"template":"","format":"standard","meta":{"om_disable_all_campaigns":false,"_monsterinsights_skip_tracking":false,"_monsterinsights_sitenote_active":false,"_monsterinsights_sitenote_note":"","_monsterinsights_sitenote_category":0,"jetpack_post_was_ever_published":false,"_jetpack_newsletter_access":"","_jetpack_dont_email_post_to_subs":false,"_jetpack_newsletter_tier_id":0,"_jetpack_memberships_contains_paywalled_content":false,"_jetpack_memberships_contains_paid_content":false,"footnotes":""},"categories":[7],"tags":[206,200,205,199,203,202,198,86],"class_list":["post-434","post","type-post","status-publish","format-standard","has-post-thumbnail","hentry","category-habitacion-lila","tag-28s","tag-embarazo-deseado","tag-foro","tag-interrupcion-del-embarazo","tag-legal","tag-legislacion","tag-mujere","tag-yucatan"],"yoast_head":"<!-- This site is optimized with the Yoast SEO plugin v25.7 - https:\/\/yoast.com\/wordpress\/plugins\/seo\/ -->\n<title>Un 28S para mirar el recorrido del aborto en Yucat\u00e1n - Habitaci\u00f3n Propia<\/title>\n<meta name=\"robots\" content=\"index, follow, max-snippet:-1, max-image-preview:large, max-video-preview:-1\" \/>\n<link rel=\"canonical\" href=\"https:\/\/habitacionpropia.mx\/index.php\/2024\/09\/26\/un-28s-para-mirar-el-recorrido-del-aborto-en-yucatan\/\" \/>\n<meta property=\"og:locale\" content=\"es_MX\" \/>\n<meta property=\"og:type\" content=\"article\" \/>\n<meta property=\"og:title\" content=\"Un 28S para mirar el recorrido del aborto en Yucat\u00e1n - Habitaci\u00f3n Propia\" \/>\n<meta property=\"og:description\" content=\"El pr\u00f3ximo 28 de septiembre es el D\u00eda Global por la Despenalizaci\u00f3n del Aborto y este a\u00f1o en M\u00e9rida invitan a reflexionar al respecto, creando un espacio de conversaci\u00f3n para saber en qu\u00e9 va el estado con el tema, \u00bfes legal o no?, as\u00ed como responder: por qu\u00e9 no hay marcha de 28S. Igualdad Sustantiva &hellip;\" \/>\n<meta property=\"og:url\" content=\"https:\/\/habitacionpropia.mx\/index.php\/2024\/09\/26\/un-28s-para-mirar-el-recorrido-del-aborto-en-yucatan\/\" \/>\n<meta property=\"og:site_name\" content=\"Habitaci\u00f3n Propia\" \/>\n<meta property=\"article:publisher\" content=\"https:\/\/www.facebook.com\/habitacionpropia.mx\" \/>\n<meta property=\"article:published_time\" content=\"2024-09-26T23:42:45+00:00\" \/>\n<meta property=\"article:modified_time\" content=\"2024-09-27T00:15:41+00:00\" \/>\n<meta property=\"og:image\" content=\"http:\/\/habitacionpropia.mx\/wp-content\/uploads\/2024\/09\/IMG_9021-1-scaled.jpg\" \/>\n\t<meta property=\"og:image:width\" content=\"2560\" \/>\n\t<meta property=\"og:image:height\" content=\"1707\" \/>\n\t<meta property=\"og:image:type\" content=\"image\/jpeg\" \/>\n<meta name=\"author\" content=\"Cecilia Abreu\" \/>\n<meta name=\"twitter:card\" content=\"summary_large_image\" \/>\n<meta name=\"twitter:label1\" content=\"Escrito por\" \/>\n\t<meta name=\"twitter:data1\" content=\"Cecilia Abreu\" \/>\n\t<meta name=\"twitter:label2\" content=\"Tiempo de lectura\" \/>\n\t<meta name=\"twitter:data2\" content=\"3 minutos\" \/>\n<script type=\"application\/ld+json\" class=\"yoast-schema-graph\">{\"@context\":\"https:\/\/schema.org\",\"@graph\":[{\"@type\":\"Article\",\"@id\":\"https:\/\/habitacionpropia.mx\/index.php\/2024\/09\/26\/un-28s-para-mirar-el-recorrido-del-aborto-en-yucatan\/#article\",\"isPartOf\":{\"@id\":\"https:\/\/habitacionpropia.mx\/index.php\/2024\/09\/26\/un-28s-para-mirar-el-recorrido-del-aborto-en-yucatan\/\"},\"author\":{\"name\":\"Cecilia Abreu\",\"@id\":\"https:\/\/habitacionpropia.mx\/#\/schema\/person\/dbf2583eec00e0d304aa34d686a467d3\"},\"headline\":\"Un 28S para mirar el recorrido del aborto en Yucat\u00e1n\",\"datePublished\":\"2024-09-26T23:42:45+00:00\",\"dateModified\":\"2024-09-27T00:15:41+00:00\",\"mainEntityOfPage\":{\"@id\":\"https:\/\/habitacionpropia.mx\/index.php\/2024\/09\/26\/un-28s-para-mirar-el-recorrido-del-aborto-en-yucatan\/\"},\"wordCount\":702,\"commentCount\":1,\"publisher\":{\"@id\":\"https:\/\/habitacionpropia.mx\/#organization\"},\"image\":{\"@id\":\"https:\/\/habitacionpropia.mx\/index.php\/2024\/09\/26\/un-28s-para-mirar-el-recorrido-del-aborto-en-yucatan\/#primaryimage\"},\"thumbnailUrl\":\"https:\/\/habitacionpropia.mx\/wp-content\/uploads\/2024\/09\/IMG_9021-1-scaled.jpg\",\"keywords\":[\"28S\",\"embarazo deseado\",\"Foro\",\"interrupci\u00f3n del embarazo\",\"legal\",\"legislaci\u00f3n\",\"mujere\",\"Yucat\u00e1n\"],\"articleSection\":[\"Habitaci\u00f3n Lila\"],\"inLanguage\":\"es\",\"potentialAction\":[{\"@type\":\"CommentAction\",\"name\":\"Comment\",\"target\":[\"https:\/\/habitacionpropia.mx\/index.php\/2024\/09\/26\/un-28s-para-mirar-el-recorrido-del-aborto-en-yucatan\/#respond\"]}]},{\"@type\":\"WebPage\",\"@id\":\"https:\/\/habitacionpropia.mx\/index.php\/2024\/09\/26\/un-28s-para-mirar-el-recorrido-del-aborto-en-yucatan\/\",\"url\":\"https:\/\/habitacionpropia.mx\/index.php\/2024\/09\/26\/un-28s-para-mirar-el-recorrido-del-aborto-en-yucatan\/\",\"name\":\"Un 28S para mirar el recorrido del aborto en Yucat\u00e1n - Habitaci\u00f3n Propia\",\"isPartOf\":{\"@id\":\"https:\/\/habitacionpropia.mx\/#website\"},\"primaryImageOfPage\":{\"@id\":\"https:\/\/habitacionpropia.mx\/index.php\/2024\/09\/26\/un-28s-para-mirar-el-recorrido-del-aborto-en-yucatan\/#primaryimage\"},\"image\":{\"@id\":\"https:\/\/habitacionpropia.mx\/index.php\/2024\/09\/26\/un-28s-para-mirar-el-recorrido-del-aborto-en-yucatan\/#primaryimage\"},\"thumbnailUrl\":\"https:\/\/habitacionpropia.mx\/wp-content\/uploads\/2024\/09\/IMG_9021-1-scaled.jpg\",\"datePublished\":\"2024-09-26T23:42:45+00:00\",\"dateModified\":\"2024-09-27T00:15:41+00:00\",\"breadcrumb\":{\"@id\":\"https:\/\/habitacionpropia.mx\/index.php\/2024\/09\/26\/un-28s-para-mirar-el-recorrido-del-aborto-en-yucatan\/#breadcrumb\"},\"inLanguage\":\"es\",\"potentialAction\":[{\"@type\":\"ReadAction\",\"target\":[\"https:\/\/habitacionpropia.mx\/index.php\/2024\/09\/26\/un-28s-para-mirar-el-recorrido-del-aborto-en-yucatan\/\"]}]},{\"@type\":\"ImageObject\",\"inLanguage\":\"es\",\"@id\":\"https:\/\/habitacionpropia.mx\/index.php\/2024\/09\/26\/un-28s-para-mirar-el-recorrido-del-aborto-en-yucatan\/#primaryimage\",\"url\":\"https:\/\/habitacionpropia.mx\/wp-content\/uploads\/2024\/09\/IMG_9021-1-scaled.jpg\",\"contentUrl\":\"https:\/\/habitacionpropia.mx\/wp-content\/uploads\/2024\/09\/IMG_9021-1-scaled.jpg\",\"width\":2560,\"height\":1707},{\"@type\":\"BreadcrumbList\",\"@id\":\"https:\/\/habitacionpropia.mx\/index.php\/2024\/09\/26\/un-28s-para-mirar-el-recorrido-del-aborto-en-yucatan\/#breadcrumb\",\"itemListElement\":[{\"@type\":\"ListItem\",\"position\":1,\"name\":\"Inicio\",\"item\":\"https:\/\/habitacionpropia.mx\/\"},{\"@type\":\"ListItem\",\"position\":2,\"name\":\"Un 28S para mirar el recorrido del aborto en Yucat\u00e1n\"}]},{\"@type\":\"WebSite\",\"@id\":\"https:\/\/habitacionpropia.mx\/#website\",\"url\":\"https:\/\/habitacionpropia.mx\/\",\"name\":\"Habitaci\u00f3n Propia\",\"description\":\"\",\"publisher\":{\"@id\":\"https:\/\/habitacionpropia.mx\/#organization\"},\"potentialAction\":[{\"@type\":\"SearchAction\",\"target\":{\"@type\":\"EntryPoint\",\"urlTemplate\":\"https:\/\/habitacionpropia.mx\/?s={search_term_string}\"},\"query-input\":{\"@type\":\"PropertyValueSpecification\",\"valueRequired\":true,\"valueName\":\"search_term_string\"}}],\"inLanguage\":\"es\"},{\"@type\":\"Organization\",\"@id\":\"https:\/\/habitacionpropia.mx\/#organization\",\"name\":\"Habitaci\u00f3n Propia\",\"url\":\"https:\/\/habitacionpropia.mx\/\",\"logo\":{\"@type\":\"ImageObject\",\"inLanguage\":\"es\",\"@id\":\"https:\/\/habitacionpropia.mx\/#\/schema\/logo\/image\/\",\"url\":\"https:\/\/habitacionpropia.mx\/wp-content\/uploads\/2024\/01\/cropped-Logo-Final-1.png\",\"contentUrl\":\"https:\/\/habitacionpropia.mx\/wp-content\/uploads\/2024\/01\/cropped-Logo-Final-1.png\",\"width\":846,\"height\":191,\"caption\":\"Habitaci\u00f3n Propia\"},\"image\":{\"@id\":\"https:\/\/habitacionpropia.mx\/#\/schema\/logo\/image\/\"},\"sameAs\":[\"https:\/\/www.facebook.com\/habitacionpropia.mx\",\"https:\/\/www.instagram.com\/habitacionpropia.mx\/\"]},{\"@type\":\"Person\",\"@id\":\"https:\/\/habitacionpropia.mx\/#\/schema\/person\/dbf2583eec00e0d304aa34d686a467d3\",\"name\":\"Cecilia Abreu\",\"image\":{\"@type\":\"ImageObject\",\"inLanguage\":\"es\",\"@id\":\"https:\/\/habitacionpropia.mx\/#\/schema\/person\/image\/\",\"url\":\"https:\/\/secure.gravatar.com\/avatar\/3bdeb664b7ee56f59698e37c381360d9754b5472bab7b47dbc5826b232abf970?s=96&d=mm&r=g\",\"contentUrl\":\"https:\/\/secure.gravatar.com\/avatar\/3bdeb664b7ee56f59698e37c381360d9754b5472bab7b47dbc5826b232abf970?s=96&d=mm&r=g\",\"caption\":\"Cecilia Abreu\"},\"url\":\"https:\/\/habitacionpropia.mx\/index.php\/author\/cecy-abric\/\"}]}<\/script>\n<!-- \/ Yoast SEO plugin. -->","yoast_head_json":{"title":"Un 28S para mirar el recorrido del aborto en Yucat\u00e1n - Habitaci\u00f3n Propia","robots":{"index":"index","follow":"follow","max-snippet":"max-snippet:-1","max-image-preview":"max-image-preview:large","max-video-preview":"max-video-preview:-1"},"canonical":"https:\/\/habitacionpropia.mx\/index.php\/2024\/09\/26\/un-28s-para-mirar-el-recorrido-del-aborto-en-yucatan\/","og_locale":"es_MX","og_type":"article","og_title":"Un 28S para mirar el recorrido del aborto en Yucat\u00e1n - Habitaci\u00f3n Propia","og_description":"El pr\u00f3ximo 28 de septiembre es el D\u00eda Global por la Despenalizaci\u00f3n del Aborto y este a\u00f1o en M\u00e9rida invitan a reflexionar al respecto, creando un espacio de conversaci\u00f3n para saber en qu\u00e9 va el estado con el tema, \u00bfes legal o no?, as\u00ed como responder: por qu\u00e9 no hay marcha de 28S. Igualdad Sustantiva &hellip;","og_url":"https:\/\/habitacionpropia.mx\/index.php\/2024\/09\/26\/un-28s-para-mirar-el-recorrido-del-aborto-en-yucatan\/","og_site_name":"Habitaci\u00f3n Propia","article_publisher":"https:\/\/www.facebook.com\/habitacionpropia.mx","article_published_time":"2024-09-26T23:42:45+00:00","article_modified_time":"2024-09-27T00:15:41+00:00","og_image":[{"width":2560,"height":1707,"url":"http:\/\/habitacionpropia.mx\/wp-content\/uploads\/2024\/09\/IMG_9021-1-scaled.jpg","type":"image\/jpeg"}],"author":"Cecilia Abreu","twitter_card":"summary_large_image","twitter_misc":{"Escrito por":"Cecilia Abreu","Tiempo de lectura":"3 minutos"},"schema":{"@context":"https:\/\/schema.org","@graph":[{"@type":"Article","@id":"https:\/\/habitacionpropia.mx\/index.php\/2024\/09\/26\/un-28s-para-mirar-el-recorrido-del-aborto-en-yucatan\/#article","isPartOf":{"@id":"https:\/\/habitacionpropia.mx\/index.php\/2024\/09\/26\/un-28s-para-mirar-el-recorrido-del-aborto-en-yucatan\/"},"author":{"name":"Cecilia Abreu","@id":"https:\/\/habitacionpropia.mx\/#\/schema\/person\/dbf2583eec00e0d304aa34d686a467d3"},"headline":"Un 28S para mirar el recorrido del aborto en Yucat\u00e1n","datePublished":"2024-09-26T23:42:45+00:00","dateModified":"2024-09-27T00:15:41+00:00","mainEntityOfPage":{"@id":"https:\/\/habitacionpropia.mx\/index.php\/2024\/09\/26\/un-28s-para-mirar-el-recorrido-del-aborto-en-yucatan\/"},"wordCount":702,"commentCount":1,"publisher":{"@id":"https:\/\/habitacionpropia.mx\/#organization"},"image":{"@id":"https:\/\/habitacionpropia.mx\/index.php\/2024\/09\/26\/un-28s-para-mirar-el-recorrido-del-aborto-en-yucatan\/#primaryimage"},"thumbnailUrl":"https:\/\/habitacionpropia.mx\/wp-content\/uploads\/2024\/09\/IMG_9021-1-scaled.jpg","keywords":["28S","embarazo deseado","Foro","interrupci\u00f3n del embarazo","legal","legislaci\u00f3n","mujere","Yucat\u00e1n"],"articleSection":["Habitaci\u00f3n Lila"],"inLanguage":"es","potentialAction":[{"@type":"CommentAction","name":"Comment","target":["https:\/\/habitacionpropia.mx\/index.php\/2024\/09\/26\/un-28s-para-mirar-el-recorrido-del-aborto-en-yucatan\/#respond"]}]},{"@type":"WebPage","@id":"https:\/\/habitacionpropia.mx\/index.php\/2024\/09\/26\/un-28s-para-mirar-el-recorrido-del-aborto-en-yucatan\/","url":"https:\/\/habitacionpropia.mx\/index.php\/2024\/09\/26\/un-28s-para-mirar-el-recorrido-del-aborto-en-yucatan\/","name":"Un 28S para mirar el recorrido del aborto en Yucat\u00e1n - Habitaci\u00f3n Propia","isPartOf":{"@id":"https:\/\/habitacionpropia.mx\/#website"},"primaryImageOfPage":{"@id":"https:\/\/habitacionpropia.mx\/index.php\/2024\/09\/26\/un-28s-para-mirar-el-recorrido-del-aborto-en-yucatan\/#primaryimage"},"image":{"@id":"https:\/\/habitacionpropia.mx\/index.php\/2024\/09\/26\/un-28s-para-mirar-el-recorrido-del-aborto-en-yucatan\/#primaryimage"},"thumbnailUrl":"https:\/\/habitacionpropia.mx\/wp-content\/uploads\/2024\/09\/IMG_9021-1-scaled.jpg","datePublished":"2024-09-26T23:42:45+00:00","dateModified":"2024-09-27T00:15:41+00:00","breadcrumb":{"@id":"https:\/\/habitacionpropia.mx\/index.php\/2024\/09\/26\/un-28s-para-mirar-el-recorrido-del-aborto-en-yucatan\/#breadcrumb"},"inLanguage":"es","potentialAction":[{"@type":"ReadAction","target":["https:\/\/habitacionpropia.mx\/index.php\/2024\/09\/26\/un-28s-para-mirar-el-recorrido-del-aborto-en-yucatan\/"]}]},{"@type":"ImageObject","inLanguage":"es","@id":"https:\/\/habitacionpropia.mx\/index.php\/2024\/09\/26\/un-28s-para-mirar-el-recorrido-del-aborto-en-yucatan\/#primaryimage","url":"https:\/\/habitacionpropia.mx\/wp-content\/uploads\/2024\/09\/IMG_9021-1-scaled.jpg","contentUrl":"https:\/\/habitacionpropia.mx\/wp-content\/uploads\/2024\/09\/IMG_9021-1-scaled.jpg","width":2560,"height":1707},{"@type":"BreadcrumbList","@id":"https:\/\/habitacionpropia.mx\/index.php\/2024\/09\/26\/un-28s-para-mirar-el-recorrido-del-aborto-en-yucatan\/#breadcrumb","itemListElement":[{"@type":"ListItem","position":1,"name":"Inicio","item":"https:\/\/habitacionpropia.mx\/"},{"@type":"ListItem","position":2,"name":"Un 28S para mirar el recorrido del aborto en Yucat\u00e1n"}]},{"@type":"WebSite","@id":"https:\/\/habitacionpropia.mx\/#website","url":"https:\/\/habitacionpropia.mx\/","name":"Habitaci\u00f3n Propia","description":"","publisher":{"@id":"https:\/\/habitacionpropia.mx\/#organization"},"potentialAction":[{"@type":"SearchAction","target":{"@type":"EntryPoint","urlTemplate":"https:\/\/habitacionpropia.mx\/?s={search_term_string}"},"query-input":{"@type":"PropertyValueSpecification","valueRequired":true,"valueName":"search_term_string"}}],"inLanguage":"es"},{"@type":"Organization","@id":"https:\/\/habitacionpropia.mx\/#organization","name":"Habitaci\u00f3n Propia","url":"https:\/\/habitacionpropia.mx\/","logo":{"@type":"ImageObject","inLanguage":"es","@id":"https:\/\/habitacionpropia.mx\/#\/schema\/logo\/image\/","url":"https:\/\/habitacionpropia.mx\/wp-content\/uploads\/2024\/01\/cropped-Logo-Final-1.png","contentUrl":"https:\/\/habitacionpropia.mx\/wp-content\/uploads\/2024\/01\/cropped-Logo-Final-1.png","width":846,"height":191,"caption":"Habitaci\u00f3n Propia"},"image":{"@id":"https:\/\/habitacionpropia.mx\/#\/schema\/logo\/image\/"},"sameAs":["https:\/\/www.facebook.com\/habitacionpropia.mx","https:\/\/www.instagram.com\/habitacionpropia.mx\/"]},{"@type":"Person","@id":"https:\/\/habitacionpropia.mx\/#\/schema\/person\/dbf2583eec00e0d304aa34d686a467d3","name":"Cecilia Abreu","image":{"@type":"ImageObject","inLanguage":"es","@id":"https:\/\/habitacionpropia.mx\/#\/schema\/person\/image\/","url":"https:\/\/secure.gravatar.com\/avatar\/3bdeb664b7ee56f59698e37c381360d9754b5472bab7b47dbc5826b232abf970?s=96&d=mm&r=g","contentUrl":"https:\/\/secure.gravatar.com\/avatar\/3bdeb664b7ee56f59698e37c381360d9754b5472bab7b47dbc5826b232abf970?s=96&d=mm&r=g","caption":"Cecilia Abreu"},"url":"https:\/\/habitacionpropia.mx\/index.php\/author\/cecy-abric\/"}]}},"jetpack_featured_media_url":"https:\/\/habitacionpropia.mx\/wp-content\/uploads\/2024\/09\/IMG_9021-1-scaled.jpg","jetpack_sharing_enabled":true,"_links":{"self":[{"href":"https:\/\/habitacionpropia.mx\/index.php\/wp-json\/wp\/v2\/posts\/434","targetHints":{"allow":["GET"]}}],"collection":[{"href":"https:\/\/habitacionpropia.mx\/index.php\/wp-json\/wp\/v2\/posts"}],"about":[{"href":"https:\/\/habitacionpropia.mx\/index.php\/wp-json\/wp\/v2\/types\/post"}],"author":[{"embeddable":true,"href":"https:\/\/habitacionpropia.mx\/index.php\/wp-json\/wp\/v2\/users\/2"}],"replies":[{"embeddable":true,"href":"https:\/\/habitacionpropia.mx\/index.php\/wp-json\/wp\/v2\/comments?post=434"}],"version-history":[{"count":3,"href":"https:\/\/habitacionpropia.mx\/index.php\/wp-json\/wp\/v2\/posts\/434\/revisions"}],"predecessor-version":[{"id":441,"href":"https:\/\/habitacionpropia.mx\/index.php\/wp-json\/wp\/v2\/posts\/434\/revisions\/441"}],"wp:featuredmedia":[{"embeddable":true,"href":"https:\/\/habitacionpropia.mx\/index.php\/wp-json\/wp\/v2\/media\/437"}],"wp:attachment":[{"href":"https:\/\/habitacionpropia.mx\/index.php\/wp-json\/wp\/v2\/media?parent=434"}],"wp:term":[{"taxonomy":"category","embeddable":true,"href":"https:\/\/habitacionpropia.mx\/index.php\/wp-json\/wp\/v2\/categories?post=434"},{"taxonomy":"post_tag","embeddable":true,"href":"https:\/\/habitacionpropia.mx\/index.php\/wp-json\/wp\/v2\/tags?post=434"}],"curies":[{"name":"wp","href":"https:\/\/api.w.org\/{rel}","templated":true}]}}