{"id":484,"date":"2024-10-18T00:33:04","date_gmt":"2024-10-18T00:33:04","guid":{"rendered":"https:\/\/habitacionpropia.mx\/?p=484"},"modified":"2024-10-18T00:33:06","modified_gmt":"2024-10-18T00:33:06","slug":"desayuno-con-causa-por-representacion-de-mexico-en-el-mundial-de-tap","status":"publish","type":"post","link":"https:\/\/habitacionpropia.mx\/index.php\/2024\/10\/18\/desayuno-con-causa-por-representacion-de-mexico-en-el-mundial-de-tap\/","title":{"rendered":"Desayuno con causa por representaci\u00f3n de M\u00e9xico en el Mundial de Tap"},"content":{"rendered":"\n<p> <p>Daniel Moo V\u00e1zquez es un adolescente de 12 a\u00f1os que fue invitado para representar a M\u00e9xico en el Mundial de Tap en Praga y para ello actualmente solicita apoyo para lograr esta meta, as\u00ed en Cassandra Comfort Food, M\u00e9rida realizan un desayuno con causa este viernes 18 de octubre<\/p><\/p>\n\n\n\n<p><span style=\"font-size: revert;\">\u201cPara m\u00ed ir a Praga es un desaf\u00edo personal, es un reto, quiero superar mis l\u00edmites, aprender sobre su historia y cultura y llevarme esos recuerdos invaluables a casa\u201d, comparti\u00f3 Daniel.<\/span><blockquote class=\"wp-block-quote\"><\/blockquote><span style=\"font-size: revert;\">Este viaje para el bailar\u00edn significa tambi\u00e9n compartir un poco de la cultura mexicana a trav\u00e9s de su arte y sobre todo una oportunidad para tener aprendizaje a nivel personal y profesional.<\/span>   <p>Daniel Moo es bailar\u00edn de tap y su constancia le ha llevado a obtener diversos reconocimientos en su ramo como obtener la medalla diamante, trofeo y primer lugar en el Sheer Elite International (Canc\u00fan), lo cual le llev\u00f3 a la clasificaci\u00f3n para el IDO world Tap Dance Championship 2024. Desde 2022 su amor por lo que hace le ha llevado a ganar medallas, trofeos, becas y otros premios.<\/p><span style=\"background-color: rgba(60, 67, 74, 0.2); font-size: revert;\">El hecho de ir a Praga y representar a todo M\u00e9xico para \u00e9l es como asistir a las olimpiadas de la danza y su familia tambi\u00e9n siente que es merecedor de esto porque desde que tiene 5 a\u00f1os baila ballet y jazz contempor\u00e1neo, pero lo que m\u00e1s le apasiona es el tap.<\/span>   <p>Para alcanzar este paso, en Cassandra han organizado un desayuno con causa que les permitir\u00e1 juntar dinero y as\u00ed realizar el viaje. Mau Revilla, due\u00f1o de Cassandra consider\u00f3 que es importante realizar este evento porque es una forma de retribuir lo que la vida le ha otorgado.<\/p><span style=\"background-color: rgba(60, 67, 74, 0.2); font-size: revert;\">\u201cNos unimos a diferentes causas y situaciones para darles visibilidad porque no podemos cargar el mundo solos y necesitamos apoyo, yo lo necesit\u00e9 en alg\u00fan momento y ahora tener mi espacio y tener el privilegio de abrir las puertas es como creamos espacios para todos\u201d, describi\u00f3.<\/span>   <p>Este desayuno con Causa es el viernes 18 de octubre de 8:00 a.m. a 2:00 p.m. y todo lo vendido ser\u00e1 donado el 25% a esta causa.<\/p> <\/p>\n\n\n\n<figure class=\"wp-block-image size-large\"><img loading=\"lazy\" decoding=\"async\" width=\"1024\" height=\"512\" src=\"http:\/\/habitacionpropia.mx\/wp-content\/uploads\/2024\/09\/Publicidad2-2-1024x512.jpg\" alt=\"\" class=\"wp-image-474\" srcset=\"https:\/\/habitacionpropia.mx\/wp-content\/uploads\/2024\/09\/Publicidad2-2-1024x512.jpg 1024w, https:\/\/habitacionpropia.mx\/wp-content\/uploads\/2024\/09\/Publicidad2-2-300x150.jpg 300w, https:\/\/habitacionpropia.mx\/wp-content\/uploads\/2024\/09\/Publicidad2-2-768x384.jpg 768w, https:\/\/habitacionpropia.mx\/wp-content\/uploads\/2024\/09\/Publicidad2-2-1536x768.jpg 1536w, https:\/\/habitacionpropia.mx\/wp-content\/uploads\/2024\/09\/Publicidad2-2-2048x1024.jpg 2048w, https:\/\/habitacionpropia.mx\/wp-content\/uploads\/2024\/09\/Publicidad2-2-120x60.jpg 120w, https:\/\/habitacionpropia.mx\/wp-content\/uploads\/2024\/09\/Publicidad2-2-1320x660.jpg 1320w, https:\/\/habitacionpropia.mx\/wp-content\/uploads\/2024\/09\/Publicidad2-2-600x300.jpg 600w\" sizes=\"auto, (max-width: 1024px) 100vw, 1024px\" \/><\/figure>\n","protected":false},"excerpt":{"rendered":"<p>Daniel Moo V\u00e1zquez es un adolescente de 12 a\u00f1os que fue invitado para representar a M\u00e9xico en el Mundial de Tap en Praga y para ello actualmente solicita apoyo para lograr esta meta, as\u00ed en Cassandra Comfort Food, M\u00e9rida realizan un desayuno con causa este viernes 18 de octubre \u201cPara m\u00ed ir a Praga es &hellip; <\/p>\n","protected":false},"author":1,"featured_media":485,"comment_status":"open","ping_status":"open","sticky":false,"template":"","format":"standard","meta":{"om_disable_all_campaigns":false,"_monsterinsights_skip_tracking":false,"_monsterinsights_sitenote_active":false,"_monsterinsights_sitenote_note":"","_monsterinsights_sitenote_category":0,"jetpack_post_was_ever_published":false,"_jetpack_newsletter_access":"","_jetpack_dont_email_post_to_subs":false,"_jetpack_newsletter_tier_id":0,"_jetpack_memberships_contains_paywalled_content":false,"_jetpack_memberships_contains_paid_content":false,"footnotes":""},"categories":[69],"tags":[214,90,213,86],"class_list":["post-484","post","type-post","status-publish","format-standard","has-post-thumbnail","hentry","category-gato-negro","tag-desayuno-con-causa","tag-mexico","tag-tap","tag-yucatan"],"yoast_head":"<!-- This site is optimized with the Yoast SEO plugin v25.7 - https:\/\/yoast.com\/wordpress\/plugins\/seo\/ -->\n<title>Desayuno con causa por representaci\u00f3n de M\u00e9xico en el Mundial de Tap - Habitaci\u00f3n Propia<\/title>\n<meta name=\"robots\" content=\"index, follow, max-snippet:-1, max-image-preview:large, max-video-preview:-1\" \/>\n<link rel=\"canonical\" href=\"https:\/\/habitacionpropia.mx\/index.php\/2024\/10\/18\/desayuno-con-causa-por-representacion-de-mexico-en-el-mundial-de-tap\/\" \/>\n<meta property=\"og:locale\" content=\"es_MX\" \/>\n<meta property=\"og:type\" content=\"article\" \/>\n<meta property=\"og:title\" content=\"Desayuno con causa por representaci\u00f3n de M\u00e9xico en el Mundial de Tap - Habitaci\u00f3n Propia\" \/>\n<meta property=\"og:description\" content=\"Daniel Moo V\u00e1zquez es un adolescente de 12 a\u00f1os que fue invitado para representar a M\u00e9xico en el Mundial de Tap en Praga y para ello actualmente solicita apoyo para lograr esta meta, as\u00ed en Cassandra Comfort Food, M\u00e9rida realizan un desayuno con causa este viernes 18 de octubre \u201cPara m\u00ed ir a Praga es &hellip;\" \/>\n<meta property=\"og:url\" content=\"https:\/\/habitacionpropia.mx\/index.php\/2024\/10\/18\/desayuno-con-causa-por-representacion-de-mexico-en-el-mundial-de-tap\/\" \/>\n<meta property=\"og:site_name\" content=\"Habitaci\u00f3n Propia\" \/>\n<meta property=\"article:publisher\" content=\"https:\/\/www.facebook.com\/habitacionpropia.mx\" \/>\n<meta property=\"article:published_time\" content=\"2024-10-18T00:33:04+00:00\" \/>\n<meta property=\"article:modified_time\" content=\"2024-10-18T00:33:06+00:00\" \/>\n<meta property=\"og:image\" content=\"http:\/\/habitacionpropia.mx\/wp-content\/uploads\/2024\/10\/image00002.jpeg\" \/>\n\t<meta property=\"og:image:width\" content=\"960\" \/>\n\t<meta property=\"og:image:height\" content=\"955\" \/>\n\t<meta property=\"og:image:type\" content=\"image\/jpeg\" \/>\n<meta name=\"author\" content=\"habitacionpropia.mx\" \/>\n<meta name=\"twitter:card\" content=\"summary_large_image\" \/>\n<meta name=\"twitter:label1\" content=\"Escrito por\" \/>\n\t<meta name=\"twitter:data1\" content=\"habitacionpropia.mx\" \/>\n\t<meta name=\"twitter:label2\" content=\"Tiempo de lectura\" \/>\n\t<meta name=\"twitter:data2\" content=\"3 minutos\" \/>\n<script type=\"application\/ld+json\" class=\"yoast-schema-graph\">{\"@context\":\"https:\/\/schema.org\",\"@graph\":[{\"@type\":\"Article\",\"@id\":\"https:\/\/habitacionpropia.mx\/index.php\/2024\/10\/18\/desayuno-con-causa-por-representacion-de-mexico-en-el-mundial-de-tap\/#article\",\"isPartOf\":{\"@id\":\"https:\/\/habitacionpropia.mx\/index.php\/2024\/10\/18\/desayuno-con-causa-por-representacion-de-mexico-en-el-mundial-de-tap\/\"},\"author\":{\"name\":\"habitacionpropia.mx\",\"@id\":\"https:\/\/habitacionpropia.mx\/#\/schema\/person\/e6f477ce61bfd09134d4ccd8b88fc12d\"},\"headline\":\"Desayuno con causa por representaci\u00f3n de M\u00e9xico en el Mundial de Tap\",\"datePublished\":\"2024-10-18T00:33:04+00:00\",\"dateModified\":\"2024-10-18T00:33:06+00:00\",\"mainEntityOfPage\":{\"@id\":\"https:\/\/habitacionpropia.mx\/index.php\/2024\/10\/18\/desayuno-con-causa-por-representacion-de-mexico-en-el-mundial-de-tap\/\"},\"wordCount\":378,\"commentCount\":0,\"publisher\":{\"@id\":\"https:\/\/habitacionpropia.mx\/#organization\"},\"image\":{\"@id\":\"https:\/\/habitacionpropia.mx\/index.php\/2024\/10\/18\/desayuno-con-causa-por-representacion-de-mexico-en-el-mundial-de-tap\/#primaryimage\"},\"thumbnailUrl\":\"https:\/\/habitacionpropia.mx\/wp-content\/uploads\/2024\/10\/image00002.jpeg\",\"keywords\":[\"desayuno con causa\",\"M\u00e9xico\",\"tap\",\"Yucat\u00e1n\"],\"articleSection\":[\"Gata Negra\"],\"inLanguage\":\"es\",\"potentialAction\":[{\"@type\":\"CommentAction\",\"name\":\"Comment\",\"target\":[\"https:\/\/habitacionpropia.mx\/index.php\/2024\/10\/18\/desayuno-con-causa-por-representacion-de-mexico-en-el-mundial-de-tap\/#respond\"]}]},{\"@type\":\"WebPage\",\"@id\":\"https:\/\/habitacionpropia.mx\/index.php\/2024\/10\/18\/desayuno-con-causa-por-representacion-de-mexico-en-el-mundial-de-tap\/\",\"url\":\"https:\/\/habitacionpropia.mx\/index.php\/2024\/10\/18\/desayuno-con-causa-por-representacion-de-mexico-en-el-mundial-de-tap\/\",\"name\":\"Desayuno con causa por representaci\u00f3n de M\u00e9xico en el Mundial de Tap - Habitaci\u00f3n Propia\",\"isPartOf\":{\"@id\":\"https:\/\/habitacionpropia.mx\/#website\"},\"primaryImageOfPage\":{\"@id\":\"https:\/\/habitacionpropia.mx\/index.php\/2024\/10\/18\/desayuno-con-causa-por-representacion-de-mexico-en-el-mundial-de-tap\/#primaryimage\"},\"image\":{\"@id\":\"https:\/\/habitacionpropia.mx\/index.php\/2024\/10\/18\/desayuno-con-causa-por-representacion-de-mexico-en-el-mundial-de-tap\/#primaryimage\"},\"thumbnailUrl\":\"https:\/\/habitacionpropia.mx\/wp-content\/uploads\/2024\/10\/image00002.jpeg\",\"datePublished\":\"2024-10-18T00:33:04+00:00\",\"dateModified\":\"2024-10-18T00:33:06+00:00\",\"breadcrumb\":{\"@id\":\"https:\/\/habitacionpropia.mx\/index.php\/2024\/10\/18\/desayuno-con-causa-por-representacion-de-mexico-en-el-mundial-de-tap\/#breadcrumb\"},\"inLanguage\":\"es\",\"potentialAction\":[{\"@type\":\"ReadAction\",\"target\":[\"https:\/\/habitacionpropia.mx\/index.php\/2024\/10\/18\/desayuno-con-causa-por-representacion-de-mexico-en-el-mundial-de-tap\/\"]}]},{\"@type\":\"ImageObject\",\"inLanguage\":\"es\",\"@id\":\"https:\/\/habitacionpropia.mx\/index.php\/2024\/10\/18\/desayuno-con-causa-por-representacion-de-mexico-en-el-mundial-de-tap\/#primaryimage\",\"url\":\"https:\/\/habitacionpropia.mx\/wp-content\/uploads\/2024\/10\/image00002.jpeg\",\"contentUrl\":\"https:\/\/habitacionpropia.mx\/wp-content\/uploads\/2024\/10\/image00002.jpeg\",\"width\":960,\"height\":955},{\"@type\":\"BreadcrumbList\",\"@id\":\"https:\/\/habitacionpropia.mx\/index.php\/2024\/10\/18\/desayuno-con-causa-por-representacion-de-mexico-en-el-mundial-de-tap\/#breadcrumb\",\"itemListElement\":[{\"@type\":\"ListItem\",\"position\":1,\"name\":\"Inicio\",\"item\":\"https:\/\/habitacionpropia.mx\/\"},{\"@type\":\"ListItem\",\"position\":2,\"name\":\"Desayuno con causa por representaci\u00f3n de M\u00e9xico en el Mundial de Tap\"}]},{\"@type\":\"WebSite\",\"@id\":\"https:\/\/habitacionpropia.mx\/#website\",\"url\":\"https:\/\/habitacionpropia.mx\/\",\"name\":\"Habitaci\u00f3n Propia\",\"description\":\"\",\"publisher\":{\"@id\":\"https:\/\/habitacionpropia.mx\/#organization\"},\"potentialAction\":[{\"@type\":\"SearchAction\",\"target\":{\"@type\":\"EntryPoint\",\"urlTemplate\":\"https:\/\/habitacionpropia.mx\/?s={search_term_string}\"},\"query-input\":{\"@type\":\"PropertyValueSpecification\",\"valueRequired\":true,\"valueName\":\"search_term_string\"}}],\"inLanguage\":\"es\"},{\"@type\":\"Organization\",\"@id\":\"https:\/\/habitacionpropia.mx\/#organization\",\"name\":\"Habitaci\u00f3n Propia\",\"url\":\"https:\/\/habitacionpropia.mx\/\",\"logo\":{\"@type\":\"ImageObject\",\"inLanguage\":\"es\",\"@id\":\"https:\/\/habitacionpropia.mx\/#\/schema\/logo\/image\/\",\"url\":\"https:\/\/habitacionpropia.mx\/wp-content\/uploads\/2024\/01\/cropped-Logo-Final-1.png\",\"contentUrl\":\"https:\/\/habitacionpropia.mx\/wp-content\/uploads\/2024\/01\/cropped-Logo-Final-1.png\",\"width\":846,\"height\":191,\"caption\":\"Habitaci\u00f3n Propia\"},\"image\":{\"@id\":\"https:\/\/habitacionpropia.mx\/#\/schema\/logo\/image\/\"},\"sameAs\":[\"https:\/\/www.facebook.com\/habitacionpropia.mx\",\"https:\/\/www.instagram.com\/habitacionpropia.mx\/\"]},{\"@type\":\"Person\",\"@id\":\"https:\/\/habitacionpropia.mx\/#\/schema\/person\/e6f477ce61bfd09134d4ccd8b88fc12d\",\"name\":\"habitacionpropia.mx\",\"image\":{\"@type\":\"ImageObject\",\"inLanguage\":\"es\",\"@id\":\"https:\/\/habitacionpropia.mx\/#\/schema\/person\/image\/\",\"url\":\"https:\/\/secure.gravatar.com\/avatar\/79b4832f252ed058c38bb8616cfa9b2132a8dbec835fd4571c39578e75f17237?s=96&d=mm&r=g\",\"contentUrl\":\"https:\/\/secure.gravatar.com\/avatar\/79b4832f252ed058c38bb8616cfa9b2132a8dbec835fd4571c39578e75f17237?s=96&d=mm&r=g\",\"caption\":\"habitacionpropia.mx\"},\"sameAs\":[\"http:\/\/habitacionpropia.mx\"],\"url\":\"https:\/\/habitacionpropia.mx\/index.php\/author\/habitacionpropia-mx\/\"}]}<\/script>\n<!-- \/ Yoast SEO plugin. -->","yoast_head_json":{"title":"Desayuno con causa por representaci\u00f3n de M\u00e9xico en el Mundial de Tap - Habitaci\u00f3n Propia","robots":{"index":"index","follow":"follow","max-snippet":"max-snippet:-1","max-image-preview":"max-image-preview:large","max-video-preview":"max-video-preview:-1"},"canonical":"https:\/\/habitacionpropia.mx\/index.php\/2024\/10\/18\/desayuno-con-causa-por-representacion-de-mexico-en-el-mundial-de-tap\/","og_locale":"es_MX","og_type":"article","og_title":"Desayuno con causa por representaci\u00f3n de M\u00e9xico en el Mundial de Tap - Habitaci\u00f3n Propia","og_description":"Daniel Moo V\u00e1zquez es un adolescente de 12 a\u00f1os que fue invitado para representar a M\u00e9xico en el Mundial de Tap en Praga y para ello actualmente solicita apoyo para lograr esta meta, as\u00ed en Cassandra Comfort Food, M\u00e9rida realizan un desayuno con causa este viernes 18 de octubre \u201cPara m\u00ed ir a Praga es &hellip;","og_url":"https:\/\/habitacionpropia.mx\/index.php\/2024\/10\/18\/desayuno-con-causa-por-representacion-de-mexico-en-el-mundial-de-tap\/","og_site_name":"Habitaci\u00f3n Propia","article_publisher":"https:\/\/www.facebook.com\/habitacionpropia.mx","article_published_time":"2024-10-18T00:33:04+00:00","article_modified_time":"2024-10-18T00:33:06+00:00","og_image":[{"width":960,"height":955,"url":"http:\/\/habitacionpropia.mx\/wp-content\/uploads\/2024\/10\/image00002.jpeg","type":"image\/jpeg"}],"author":"habitacionpropia.mx","twitter_card":"summary_large_image","twitter_misc":{"Escrito por":"habitacionpropia.mx","Tiempo de lectura":"3 minutos"},"schema":{"@context":"https:\/\/schema.org","@graph":[{"@type":"Article","@id":"https:\/\/habitacionpropia.mx\/index.php\/2024\/10\/18\/desayuno-con-causa-por-representacion-de-mexico-en-el-mundial-de-tap\/#article","isPartOf":{"@id":"https:\/\/habitacionpropia.mx\/index.php\/2024\/10\/18\/desayuno-con-causa-por-representacion-de-mexico-en-el-mundial-de-tap\/"},"author":{"name":"habitacionpropia.mx","@id":"https:\/\/habitacionpropia.mx\/#\/schema\/person\/e6f477ce61bfd09134d4ccd8b88fc12d"},"headline":"Desayuno con causa por representaci\u00f3n de M\u00e9xico en el Mundial de Tap","datePublished":"2024-10-18T00:33:04+00:00","dateModified":"2024-10-18T00:33:06+00:00","mainEntityOfPage":{"@id":"https:\/\/habitacionpropia.mx\/index.php\/2024\/10\/18\/desayuno-con-causa-por-representacion-de-mexico-en-el-mundial-de-tap\/"},"wordCount":378,"commentCount":0,"publisher":{"@id":"https:\/\/habitacionpropia.mx\/#organization"},"image":{"@id":"https:\/\/habitacionpropia.mx\/index.php\/2024\/10\/18\/desayuno-con-causa-por-representacion-de-mexico-en-el-mundial-de-tap\/#primaryimage"},"thumbnailUrl":"https:\/\/habitacionpropia.mx\/wp-content\/uploads\/2024\/10\/image00002.jpeg","keywords":["desayuno con causa","M\u00e9xico","tap","Yucat\u00e1n"],"articleSection":["Gata Negra"],"inLanguage":"es","potentialAction":[{"@type":"CommentAction","name":"Comment","target":["https:\/\/habitacionpropia.mx\/index.php\/2024\/10\/18\/desayuno-con-causa-por-representacion-de-mexico-en-el-mundial-de-tap\/#respond"]}]},{"@type":"WebPage","@id":"https:\/\/habitacionpropia.mx\/index.php\/2024\/10\/18\/desayuno-con-causa-por-representacion-de-mexico-en-el-mundial-de-tap\/","url":"https:\/\/habitacionpropia.mx\/index.php\/2024\/10\/18\/desayuno-con-causa-por-representacion-de-mexico-en-el-mundial-de-tap\/","name":"Desayuno con causa por representaci\u00f3n de M\u00e9xico en el Mundial de Tap - Habitaci\u00f3n Propia","isPartOf":{"@id":"https:\/\/habitacionpropia.mx\/#website"},"primaryImageOfPage":{"@id":"https:\/\/habitacionpropia.mx\/index.php\/2024\/10\/18\/desayuno-con-causa-por-representacion-de-mexico-en-el-mundial-de-tap\/#primaryimage"},"image":{"@id":"https:\/\/habitacionpropia.mx\/index.php\/2024\/10\/18\/desayuno-con-causa-por-representacion-de-mexico-en-el-mundial-de-tap\/#primaryimage"},"thumbnailUrl":"https:\/\/habitacionpropia.mx\/wp-content\/uploads\/2024\/10\/image00002.jpeg","datePublished":"2024-10-18T00:33:04+00:00","dateModified":"2024-10-18T00:33:06+00:00","breadcrumb":{"@id":"https:\/\/habitacionpropia.mx\/index.php\/2024\/10\/18\/desayuno-con-causa-por-representacion-de-mexico-en-el-mundial-de-tap\/#breadcrumb"},"inLanguage":"es","potentialAction":[{"@type":"ReadAction","target":["https:\/\/habitacionpropia.mx\/index.php\/2024\/10\/18\/desayuno-con-causa-por-representacion-de-mexico-en-el-mundial-de-tap\/"]}]},{"@type":"ImageObject","inLanguage":"es","@id":"https:\/\/habitacionpropia.mx\/index.php\/2024\/10\/18\/desayuno-con-causa-por-representacion-de-mexico-en-el-mundial-de-tap\/#primaryimage","url":"https:\/\/habitacionpropia.mx\/wp-content\/uploads\/2024\/10\/image00002.jpeg","contentUrl":"https:\/\/habitacionpropia.mx\/wp-content\/uploads\/2024\/10\/image00002.jpeg","width":960,"height":955},{"@type":"BreadcrumbList","@id":"https:\/\/habitacionpropia.mx\/index.php\/2024\/10\/18\/desayuno-con-causa-por-representacion-de-mexico-en-el-mundial-de-tap\/#breadcrumb","itemListElement":[{"@type":"ListItem","position":1,"name":"Inicio","item":"https:\/\/habitacionpropia.mx\/"},{"@type":"ListItem","position":2,"name":"Desayuno con causa por representaci\u00f3n de M\u00e9xico en el Mundial de Tap"}]},{"@type":"WebSite","@id":"https:\/\/habitacionpropia.mx\/#website","url":"https:\/\/habitacionpropia.mx\/","name":"Habitaci\u00f3n Propia","description":"","publisher":{"@id":"https:\/\/habitacionpropia.mx\/#organization"},"potentialAction":[{"@type":"SearchAction","target":{"@type":"EntryPoint","urlTemplate":"https:\/\/habitacionpropia.mx\/?s={search_term_string}"},"query-input":{"@type":"PropertyValueSpecification","valueRequired":true,"valueName":"search_term_string"}}],"inLanguage":"es"},{"@type":"Organization","@id":"https:\/\/habitacionpropia.mx\/#organization","name":"Habitaci\u00f3n Propia","url":"https:\/\/habitacionpropia.mx\/","logo":{"@type":"ImageObject","inLanguage":"es","@id":"https:\/\/habitacionpropia.mx\/#\/schema\/logo\/image\/","url":"https:\/\/habitacionpropia.mx\/wp-content\/uploads\/2024\/01\/cropped-Logo-Final-1.png","contentUrl":"https:\/\/habitacionpropia.mx\/wp-content\/uploads\/2024\/01\/cropped-Logo-Final-1.png","width":846,"height":191,"caption":"Habitaci\u00f3n Propia"},"image":{"@id":"https:\/\/habitacionpropia.mx\/#\/schema\/logo\/image\/"},"sameAs":["https:\/\/www.facebook.com\/habitacionpropia.mx","https:\/\/www.instagram.com\/habitacionpropia.mx\/"]},{"@type":"Person","@id":"https:\/\/habitacionpropia.mx\/#\/schema\/person\/e6f477ce61bfd09134d4ccd8b88fc12d","name":"habitacionpropia.mx","image":{"@type":"ImageObject","inLanguage":"es","@id":"https:\/\/habitacionpropia.mx\/#\/schema\/person\/image\/","url":"https:\/\/secure.gravatar.com\/avatar\/79b4832f252ed058c38bb8616cfa9b2132a8dbec835fd4571c39578e75f17237?s=96&d=mm&r=g","contentUrl":"https:\/\/secure.gravatar.com\/avatar\/79b4832f252ed058c38bb8616cfa9b2132a8dbec835fd4571c39578e75f17237?s=96&d=mm&r=g","caption":"habitacionpropia.mx"},"sameAs":["http:\/\/habitacionpropia.mx"],"url":"https:\/\/habitacionpropia.mx\/index.php\/author\/habitacionpropia-mx\/"}]}},"jetpack_featured_media_url":"https:\/\/habitacionpropia.mx\/wp-content\/uploads\/2024\/10\/image00002.jpeg","jetpack_sharing_enabled":true,"_links":{"self":[{"href":"https:\/\/habitacionpropia.mx\/index.php\/wp-json\/wp\/v2\/posts\/484","targetHints":{"allow":["GET"]}}],"collection":[{"href":"https:\/\/habitacionpropia.mx\/index.php\/wp-json\/wp\/v2\/posts"}],"about":[{"href":"https:\/\/habitacionpropia.mx\/index.php\/wp-json\/wp\/v2\/types\/post"}],"author":[{"embeddable":true,"href":"https:\/\/habitacionpropia.mx\/index.php\/wp-json\/wp\/v2\/users\/1"}],"replies":[{"embeddable":true,"href":"https:\/\/habitacionpropia.mx\/index.php\/wp-json\/wp\/v2\/comments?post=484"}],"version-history":[{"count":1,"href":"https:\/\/habitacionpropia.mx\/index.php\/wp-json\/wp\/v2\/posts\/484\/revisions"}],"predecessor-version":[{"id":486,"href":"https:\/\/habitacionpropia.mx\/index.php\/wp-json\/wp\/v2\/posts\/484\/revisions\/486"}],"wp:featuredmedia":[{"embeddable":true,"href":"https:\/\/habitacionpropia.mx\/index.php\/wp-json\/wp\/v2\/media\/485"}],"wp:attachment":[{"href":"https:\/\/habitacionpropia.mx\/index.php\/wp-json\/wp\/v2\/media?parent=484"}],"wp:term":[{"taxonomy":"category","embeddable":true,"href":"https:\/\/habitacionpropia.mx\/index.php\/wp-json\/wp\/v2\/categories?post=484"},{"taxonomy":"post_tag","embeddable":true,"href":"https:\/\/habitacionpropia.mx\/index.php\/wp-json\/wp\/v2\/tags?post=484"}],"curies":[{"name":"wp","href":"https:\/\/api.w.org\/{rel}","templated":true}]}}