{"id":544,"date":"2024-11-26T23:42:48","date_gmt":"2024-11-26T23:42:48","guid":{"rendered":"https:\/\/habitacionpropia.mx\/?p=544"},"modified":"2024-11-26T23:42:50","modified_gmt":"2024-11-26T23:42:50","slug":"urgen-priorizar-la-inversion-publica-para-infancias-menores-de-6-anos","status":"publish","type":"post","link":"https:\/\/habitacionpropia.mx\/index.php\/2024\/11\/26\/urgen-priorizar-la-inversion-publica-para-infancias-menores-de-6-anos\/","title":{"rendered":"Urgen priorizar la inversi\u00f3n p\u00fablica para infancias menores de 6 a\u00f1os"},"content":{"rendered":"\n<p>\u00b7&nbsp;&nbsp;&nbsp;&nbsp;&nbsp;&nbsp;&nbsp;<em>En la 5\u00aa Semana Nacional de Inversi\u00f3n en Primera Infancia (5SNIP<\/em><em>I)&nbsp;se buscar\u00e1 priorizar la inversi\u00f3n p\u00fablica para ni\u00f1as y ni\u00f1os menores de 6 a\u00f1os en M\u00e9xico.<\/em><\/p>\n\n\n\n<p>\u00b7&nbsp;&nbsp;&nbsp;&nbsp;&nbsp;&nbsp;&nbsp;<em>La Semana comenzar\u00e1 con el webinario \u201cInversi\u00f3n social en la primera infancia para un futuro sostenible\u201d, dise\u00f1ado para visibilizar el papel activo de las empresas en la promoci\u00f3n del desarrollo integral de las ni\u00f1as y los ni\u00f1os en primera infancia y su impacto positivo en la sociedad.<\/em><\/p>\n\n\n\n<p>\u00b7&nbsp;&nbsp;&nbsp;&nbsp;&nbsp;&nbsp;&nbsp;<em>Se presentar\u00e1n tambi\u00e9n dos estudios clave sobre el presupuesto destinado a la primera infancia<\/em><em>&nbsp;y finalizar\u00e1 con un taller a legisladores, asesores y aliados estrat\u00e9gicos.<\/em><\/p>\n\n\n\n<p>Con el objetivo de impulsar la reflexi\u00f3n y el debate sobre la importancia de destinar mayores recursos p\u00fablicos a programas orientados a las ni\u00f1as y los ni\u00f1os menores de 6 a\u00f1os en M\u00e9xico, el Pacto por la Primera Infancia, en coordinaci\u00f3n con la Comisi\u00f3n de Bienestar de la C\u00e1mara de Diputados, el Banco Mundial (BM), el Centro de Primera Infancia, el Centro de Investigaci\u00f3n Econ\u00f3mica y Presupuestaria (CIEP), la Fundaci\u00f3n para la Investigaci\u00f3n y Educaci\u00f3n en Salud P\u00fablica A.C. (FIESP), y el Banco Interamericano de Desarrollo (BID), llevan a cabo la 5\u00aa Semana Nacional de Inversi\u00f3n en Primera Infancia.<\/p>\n\n\n\n<p>La 5SNIPI se realiza en el contexto de la presentaci\u00f3n del Proyecto de Presupuesto de Egresos de la Federaci\u00f3n (PPEF) 2025, el cual incluye el Anexo 18 \u201cRecursos para la Atenci\u00f3n de Ni\u00f1as, Ni\u00f1os y Adolescentes\u201d. <strong>Aunque este anexo proyecta un aumento nominal del 4% en su presupuesto, equivalente a $38 mil 437 millones m\u00e1s, al ajustarse por inflaci\u00f3n, el incremento real es de solo 0.4%,<\/strong> evidenciando que resulta insuficiente para atender las necesidades de m\u00e1s de 12.4 millones de ni\u00f1as y ni\u00f1os menores de 6 a\u00f1os en M\u00e9xico.<\/p>\n\n\n\n<p>Por ello, durante la 5\u00aa Semana insistimos en que<strong> invertir en la primera infancia no es solo una cuesti\u00f3n de justicia social, sino una apuesta por el desarrollo del pa\u00eds, <\/strong>ya que cada peso destinado a esta etapa crucial se traduce en generaciones m\u00e1s preparadas y productivas, y haremos un llamado a los legisladores para garantizar un presupuesto justo y suficiente que asegure el bienestar y desarrollo de la primera infancia en M\u00e9xico..<\/p>\n\n\n\n<p>Respecto a la programaci\u00f3n, la 5SNIPI incluye\u00a0el Webinar: \u201cInversi\u00f3n social en la primera infancia para un futuro sostenible\u201d,<strong>\u00a0<\/strong>que se llev\u00f3 a cabo el lunes 25 de noviembre. Este fue\u00a0espacio dise\u00f1ado para visibilizar el papel activo de las empresas en la promoci\u00f3n del desarrollo integral de las ni\u00f1as y los ni\u00f1os en primera infancia y su impacto positivo en la sociedad. Entre los mensajes clave destacan: <strong>un llamado a la colaboraci\u00f3n de todos los sectores en favor de la ni\u00f1ez, <\/strong>una conferencia magistral sobre el impacto empresarial en esta etapa crucial, y un panel donde l\u00edderes empresariales compartir\u00e1n estrategias y experiencias para inspirar a otras organizaciones a invertir en el desarrollo infantil.<\/p>\n\n\n\n<p>El martes 26 de noviembre, la C\u00e1mara de Diputados fue la sede del evento\u00a0\u201cInversi\u00f3n p\u00fablica para la primera infancia\u201d, el cual cont\u00f3 con la participaci\u00f3n de representantes del \u00e1mbito pol\u00edtico, instituciones internacionales y sociedad civil, entre los que se encuentran la Diputada Ana Karina Rojo Pimentel, Presidenta de la Comisi\u00f3n de Bienestar; el Diputado Pedro Zenteno Santaella, Presidente de la Comisi\u00f3n de Salud; el Diputado Jes\u00fas Ibarra Ramos, Secretario de la Comisi\u00f3n de Presupuesto y Cuenta P\u00fablica; expertos como Truman Packard, L\u00edder del Programa de Desarrollo Humano para M\u00e9xico, Colombia y Venezuela del Banco Mundial; Gina Andrade, especialista en G\u00e9nero y Diversidad del Banco Interamericano de Desarrollo; Adriana Gidi, Directora Asociada del Centro de Primera Infancia; Sunny Villa, Cofundadora del Centro de Investigaci\u00f3n Econ\u00f3mica y Presupuestaria, A.C.; Paulina Rodr\u00edguez, Directora de la Fundaci\u00f3n para la Investigaci\u00f3n y Educaci\u00f3n en Salud P\u00fablica, A.C., y Aranzazu Alonso, Directora Ejecutiva y Coordinadora General del Pacto por la Primera Infancia, A.C.<\/p>\n\n\n\n<p>En el marco de este evento, se presentar\u00e1n tambi\u00e9n dos estudios clave: \u201c<strong>El ejercicio presupuestal para primera infancia en 2023: avances a\u00fan insuficientes\u201d<\/strong>&nbsp;y&nbsp;<strong>\u201cAn\u00e1lisis y evoluci\u00f3n del presupuesto para la primera infancia 2018-2024: un balance sexenal\u201d<\/strong>. Estos informes, realizados por el Pacto por la Primera Infancia, est\u00e1n dise\u00f1ados para enriquecer la discusi\u00f3n p\u00fablica sobre la importancia estrat\u00e9gica de invertir en la primera infancia en M\u00e9xico, en el contexto del proceso presupuestal 2025.<\/p>\n\n\n\n<p>Asimismo, en la C\u00e1mara de Diputados se llevar\u00e1 a cabo un taller presencial para legisladores, asesores y aliados estrat\u00e9gicos sobre el proceso presupuestario del poder legislativo, con el objetivo de sensibilizar a las y los legisladores federales que integran las comisiones relacionadas con los derechos de las ni\u00f1as y los ni\u00f1os en primera infancia, para que ellos, sus asesores legislativos y aliados estrat\u00e9gicos conozcan el proceso presupuestario del Poder Legislativo y lo utilicen en favor de la primera infancia y en sus propios proyectos prioritarios.<\/p>\n\n\n\n<p>La sociedad y los gobiernos deben asumir la responsabilidad de garantizar a las ni\u00f1as y los ni\u00f1os el acceso a servicios fundamentales como la atenci\u00f3n m\u00e9dica, prevenci\u00f3n de enfermedades, monitoreo del desarrollo infantil, nutrici\u00f3n adecuada, educaci\u00f3n y cuidados de calidad.&nbsp;<strong>Invertir en la primera infancia no solo es crucial para el bienestar individual de cada ni\u00f1a y ni\u00f1o menor de 6 a\u00f1os, sino para el futuro de M\u00e9xico.&nbsp;&nbsp;<\/strong><\/p>\n\n\n\n<p>Accede al contenido m\u00e1s relevante de la 5\u00aa Semana Nacional de Inversi\u00f3n en Primera Infancia en el <a href=\"https:\/\/www.pactoprimerainfancia.org.mx\/5snipi\/\">micrositio del evento<\/a>.<\/p>\n\n\n\n<figure class=\"wp-block-image size-full\"><img loading=\"lazy\" decoding=\"async\" width=\"748\" height=\"749\" src=\"https:\/\/habitacionpropia.mx\/wp-content\/uploads\/2024\/11\/image-7.png\" alt=\"\" class=\"wp-image-545\" srcset=\"https:\/\/habitacionpropia.mx\/wp-content\/uploads\/2024\/11\/image-7.png 748w, https:\/\/habitacionpropia.mx\/wp-content\/uploads\/2024\/11\/image-7-300x300.png 300w, https:\/\/habitacionpropia.mx\/wp-content\/uploads\/2024\/11\/image-7-150x150.png 150w, https:\/\/habitacionpropia.mx\/wp-content\/uploads\/2024\/11\/image-7-435x435.png 435w, https:\/\/habitacionpropia.mx\/wp-content\/uploads\/2024\/11\/image-7-60x60.png 60w, https:\/\/habitacionpropia.mx\/wp-content\/uploads\/2024\/11\/image-7-600x601.png 600w\" sizes=\"auto, (max-width: 748px) 100vw, 748px\" \/><\/figure>\n\n\n\n<figure class=\"wp-block-image size-large\"><img loading=\"lazy\" decoding=\"async\" width=\"1024\" height=\"512\" src=\"http:\/\/habitacionpropia.mx\/wp-content\/uploads\/2024\/11\/Publicidad3-1024x512.png\" alt=\"\" class=\"wp-image-515\" srcset=\"https:\/\/habitacionpropia.mx\/wp-content\/uploads\/2024\/11\/Publicidad3-1024x512.png 1024w, https:\/\/habitacionpropia.mx\/wp-content\/uploads\/2024\/11\/Publicidad3-300x150.png 300w, https:\/\/habitacionpropia.mx\/wp-content\/uploads\/2024\/11\/Publicidad3-768x384.png 768w, https:\/\/habitacionpropia.mx\/wp-content\/uploads\/2024\/11\/Publicidad3-1536x768.png 1536w, https:\/\/habitacionpropia.mx\/wp-content\/uploads\/2024\/11\/Publicidad3-2048x1024.png 2048w, https:\/\/habitacionpropia.mx\/wp-content\/uploads\/2024\/11\/Publicidad3-120x60.png 120w\" sizes=\"auto, (max-width: 1024px) 100vw, 1024px\" \/><\/figure>\n","protected":false},"excerpt":{"rendered":"<p>\u00b7&nbsp;&nbsp;&nbsp;&nbsp;&nbsp;&nbsp;&nbsp;En la 5\u00aa Semana Nacional de Inversi\u00f3n en Primera Infancia (5SNIPI)&nbsp;se buscar\u00e1 priorizar la inversi\u00f3n p\u00fablica para ni\u00f1as y ni\u00f1os menores de 6 a\u00f1os en M\u00e9xico. \u00b7&nbsp;&nbsp;&nbsp;&nbsp;&nbsp;&nbsp;&nbsp;La Semana comenzar\u00e1 con el webinario \u201cInversi\u00f3n social en la primera infancia para un futuro sostenible\u201d, dise\u00f1ado para visibilizar el papel activo de las empresas en la promoci\u00f3n del &hellip; <\/p>\n","protected":false},"author":4,"featured_media":546,"comment_status":"open","ping_status":"open","sticky":false,"template":"","format":"standard","meta":{"om_disable_all_campaigns":false,"_monsterinsights_skip_tracking":false,"_monsterinsights_sitenote_active":false,"_monsterinsights_sitenote_note":"","_monsterinsights_sitenote_category":0,"jetpack_post_was_ever_published":false,"_jetpack_newsletter_access":"","_jetpack_dont_email_post_to_subs":false,"_jetpack_newsletter_tier_id":0,"_jetpack_memberships_contains_paywalled_content":false,"_jetpack_memberships_contains_paid_content":false,"footnotes":""},"categories":[5],"tags":[88,239,90,21,238,240],"class_list":["post-544","post","type-post","status-publish","format-standard","has-post-thumbnail","hentry","category-casa-compartida","tag-infancias","tag-legislatura","tag-mexico","tag-presupuesto","tag-primera-infancia","tag-recursos-publicos"],"yoast_head":"<!-- This site is optimized with the Yoast SEO plugin v25.7 - https:\/\/yoast.com\/wordpress\/plugins\/seo\/ -->\n<title>Urgen priorizar la inversi\u00f3n p\u00fablica para infancias menores de 6 a\u00f1os - Habitaci\u00f3n Propia<\/title>\n<meta name=\"robots\" content=\"index, follow, max-snippet:-1, max-image-preview:large, max-video-preview:-1\" \/>\n<link rel=\"canonical\" href=\"https:\/\/habitacionpropia.mx\/index.php\/2024\/11\/26\/urgen-priorizar-la-inversion-publica-para-infancias-menores-de-6-anos\/\" \/>\n<meta property=\"og:locale\" content=\"es_MX\" \/>\n<meta property=\"og:type\" content=\"article\" \/>\n<meta property=\"og:title\" content=\"Urgen priorizar la inversi\u00f3n p\u00fablica para infancias menores de 6 a\u00f1os - Habitaci\u00f3n Propia\" \/>\n<meta property=\"og:description\" content=\"\u00b7&nbsp;&nbsp;&nbsp;&nbsp;&nbsp;&nbsp;&nbsp;En la 5\u00aa Semana Nacional de Inversi\u00f3n en Primera Infancia (5SNIPI)&nbsp;se buscar\u00e1 priorizar la inversi\u00f3n p\u00fablica para ni\u00f1as y ni\u00f1os menores de 6 a\u00f1os en M\u00e9xico. \u00b7&nbsp;&nbsp;&nbsp;&nbsp;&nbsp;&nbsp;&nbsp;La Semana comenzar\u00e1 con el webinario \u201cInversi\u00f3n social en la primera infancia para un futuro sostenible\u201d, dise\u00f1ado para visibilizar el papel activo de las empresas en la promoci\u00f3n del &hellip;\" \/>\n<meta property=\"og:url\" content=\"https:\/\/habitacionpropia.mx\/index.php\/2024\/11\/26\/urgen-priorizar-la-inversion-publica-para-infancias-menores-de-6-anos\/\" \/>\n<meta property=\"og:site_name\" content=\"Habitaci\u00f3n Propia\" \/>\n<meta property=\"article:publisher\" content=\"https:\/\/www.facebook.com\/habitacionpropia.mx\" \/>\n<meta property=\"article:published_time\" content=\"2024-11-26T23:42:48+00:00\" \/>\n<meta property=\"article:modified_time\" content=\"2024-11-26T23:42:50+00:00\" \/>\n<meta property=\"og:image\" content=\"http:\/\/habitacionpropia.mx\/wp-content\/uploads\/2024\/11\/image-8.png\" \/>\n\t<meta property=\"og:image:width\" content=\"900\" \/>\n\t<meta property=\"og:image:height\" content=\"479\" \/>\n\t<meta property=\"og:image:type\" content=\"image\/png\" \/>\n<meta name=\"author\" content=\"Redacci\u00f3n\" \/>\n<meta name=\"twitter:card\" content=\"summary_large_image\" \/>\n<meta name=\"twitter:label1\" content=\"Escrito por\" \/>\n\t<meta name=\"twitter:data1\" content=\"Redacci\u00f3n\" \/>\n\t<meta name=\"twitter:label2\" content=\"Tiempo de lectura\" \/>\n\t<meta name=\"twitter:data2\" content=\"5 minutos\" \/>\n<script type=\"application\/ld+json\" class=\"yoast-schema-graph\">{\"@context\":\"https:\/\/schema.org\",\"@graph\":[{\"@type\":\"Article\",\"@id\":\"https:\/\/habitacionpropia.mx\/index.php\/2024\/11\/26\/urgen-priorizar-la-inversion-publica-para-infancias-menores-de-6-anos\/#article\",\"isPartOf\":{\"@id\":\"https:\/\/habitacionpropia.mx\/index.php\/2024\/11\/26\/urgen-priorizar-la-inversion-publica-para-infancias-menores-de-6-anos\/\"},\"author\":{\"name\":\"Redacci\u00f3n\",\"@id\":\"https:\/\/habitacionpropia.mx\/#\/schema\/person\/a5d7d1860aaa98c0ffafe5e7c4a203d6\"},\"headline\":\"Urgen priorizar la inversi\u00f3n p\u00fablica para infancias menores de 6 a\u00f1os\",\"datePublished\":\"2024-11-26T23:42:48+00:00\",\"dateModified\":\"2024-11-26T23:42:50+00:00\",\"mainEntityOfPage\":{\"@id\":\"https:\/\/habitacionpropia.mx\/index.php\/2024\/11\/26\/urgen-priorizar-la-inversion-publica-para-infancias-menores-de-6-anos\/\"},\"wordCount\":1011,\"commentCount\":0,\"publisher\":{\"@id\":\"https:\/\/habitacionpropia.mx\/#organization\"},\"image\":{\"@id\":\"https:\/\/habitacionpropia.mx\/index.php\/2024\/11\/26\/urgen-priorizar-la-inversion-publica-para-infancias-menores-de-6-anos\/#primaryimage\"},\"thumbnailUrl\":\"https:\/\/habitacionpropia.mx\/wp-content\/uploads\/2024\/11\/image-8.png\",\"keywords\":[\"Infancias\",\"legislatura\",\"M\u00e9xico\",\"Presupuesto\",\"primera infancia\",\"recursos p\u00fablicos\"],\"articleSection\":[\"Casa Compartida\"],\"inLanguage\":\"es\",\"potentialAction\":[{\"@type\":\"CommentAction\",\"name\":\"Comment\",\"target\":[\"https:\/\/habitacionpropia.mx\/index.php\/2024\/11\/26\/urgen-priorizar-la-inversion-publica-para-infancias-menores-de-6-anos\/#respond\"]}]},{\"@type\":\"WebPage\",\"@id\":\"https:\/\/habitacionpropia.mx\/index.php\/2024\/11\/26\/urgen-priorizar-la-inversion-publica-para-infancias-menores-de-6-anos\/\",\"url\":\"https:\/\/habitacionpropia.mx\/index.php\/2024\/11\/26\/urgen-priorizar-la-inversion-publica-para-infancias-menores-de-6-anos\/\",\"name\":\"Urgen priorizar la inversi\u00f3n p\u00fablica para infancias menores de 6 a\u00f1os - Habitaci\u00f3n Propia\",\"isPartOf\":{\"@id\":\"https:\/\/habitacionpropia.mx\/#website\"},\"primaryImageOfPage\":{\"@id\":\"https:\/\/habitacionpropia.mx\/index.php\/2024\/11\/26\/urgen-priorizar-la-inversion-publica-para-infancias-menores-de-6-anos\/#primaryimage\"},\"image\":{\"@id\":\"https:\/\/habitacionpropia.mx\/index.php\/2024\/11\/26\/urgen-priorizar-la-inversion-publica-para-infancias-menores-de-6-anos\/#primaryimage\"},\"thumbnailUrl\":\"https:\/\/habitacionpropia.mx\/wp-content\/uploads\/2024\/11\/image-8.png\",\"datePublished\":\"2024-11-26T23:42:48+00:00\",\"dateModified\":\"2024-11-26T23:42:50+00:00\",\"breadcrumb\":{\"@id\":\"https:\/\/habitacionpropia.mx\/index.php\/2024\/11\/26\/urgen-priorizar-la-inversion-publica-para-infancias-menores-de-6-anos\/#breadcrumb\"},\"inLanguage\":\"es\",\"potentialAction\":[{\"@type\":\"ReadAction\",\"target\":[\"https:\/\/habitacionpropia.mx\/index.php\/2024\/11\/26\/urgen-priorizar-la-inversion-publica-para-infancias-menores-de-6-anos\/\"]}]},{\"@type\":\"ImageObject\",\"inLanguage\":\"es\",\"@id\":\"https:\/\/habitacionpropia.mx\/index.php\/2024\/11\/26\/urgen-priorizar-la-inversion-publica-para-infancias-menores-de-6-anos\/#primaryimage\",\"url\":\"https:\/\/habitacionpropia.mx\/wp-content\/uploads\/2024\/11\/image-8.png\",\"contentUrl\":\"https:\/\/habitacionpropia.mx\/wp-content\/uploads\/2024\/11\/image-8.png\",\"width\":900,\"height\":479},{\"@type\":\"BreadcrumbList\",\"@id\":\"https:\/\/habitacionpropia.mx\/index.php\/2024\/11\/26\/urgen-priorizar-la-inversion-publica-para-infancias-menores-de-6-anos\/#breadcrumb\",\"itemListElement\":[{\"@type\":\"ListItem\",\"position\":1,\"name\":\"Inicio\",\"item\":\"https:\/\/habitacionpropia.mx\/\"},{\"@type\":\"ListItem\",\"position\":2,\"name\":\"Urgen priorizar la inversi\u00f3n p\u00fablica para infancias menores de 6 a\u00f1os\"}]},{\"@type\":\"WebSite\",\"@id\":\"https:\/\/habitacionpropia.mx\/#website\",\"url\":\"https:\/\/habitacionpropia.mx\/\",\"name\":\"Habitaci\u00f3n Propia\",\"description\":\"\",\"publisher\":{\"@id\":\"https:\/\/habitacionpropia.mx\/#organization\"},\"potentialAction\":[{\"@type\":\"SearchAction\",\"target\":{\"@type\":\"EntryPoint\",\"urlTemplate\":\"https:\/\/habitacionpropia.mx\/?s={search_term_string}\"},\"query-input\":{\"@type\":\"PropertyValueSpecification\",\"valueRequired\":true,\"valueName\":\"search_term_string\"}}],\"inLanguage\":\"es\"},{\"@type\":\"Organization\",\"@id\":\"https:\/\/habitacionpropia.mx\/#organization\",\"name\":\"Habitaci\u00f3n Propia\",\"url\":\"https:\/\/habitacionpropia.mx\/\",\"logo\":{\"@type\":\"ImageObject\",\"inLanguage\":\"es\",\"@id\":\"https:\/\/habitacionpropia.mx\/#\/schema\/logo\/image\/\",\"url\":\"https:\/\/habitacionpropia.mx\/wp-content\/uploads\/2024\/01\/cropped-Logo-Final-1.png\",\"contentUrl\":\"https:\/\/habitacionpropia.mx\/wp-content\/uploads\/2024\/01\/cropped-Logo-Final-1.png\",\"width\":846,\"height\":191,\"caption\":\"Habitaci\u00f3n Propia\"},\"image\":{\"@id\":\"https:\/\/habitacionpropia.mx\/#\/schema\/logo\/image\/\"},\"sameAs\":[\"https:\/\/www.facebook.com\/habitacionpropia.mx\",\"https:\/\/www.instagram.com\/habitacionpropia.mx\/\"]},{\"@type\":\"Person\",\"@id\":\"https:\/\/habitacionpropia.mx\/#\/schema\/person\/a5d7d1860aaa98c0ffafe5e7c4a203d6\",\"name\":\"Redacci\u00f3n\",\"image\":{\"@type\":\"ImageObject\",\"inLanguage\":\"es\",\"@id\":\"https:\/\/habitacionpropia.mx\/#\/schema\/person\/image\/\",\"url\":\"https:\/\/secure.gravatar.com\/avatar\/bbd2d6dd1b1688ce810f4e8a7fb119404f27b95517081c9e3e05be9c8e82c0e2?s=96&d=mm&r=g\",\"contentUrl\":\"https:\/\/secure.gravatar.com\/avatar\/bbd2d6dd1b1688ce810f4e8a7fb119404f27b95517081c9e3e05be9c8e82c0e2?s=96&d=mm&r=g\",\"caption\":\"Redacci\u00f3n\"},\"url\":\"https:\/\/habitacionpropia.mx\/index.php\/author\/redaccion\/\"}]}<\/script>\n<!-- \/ Yoast SEO plugin. -->","yoast_head_json":{"title":"Urgen priorizar la inversi\u00f3n p\u00fablica para infancias menores de 6 a\u00f1os - Habitaci\u00f3n Propia","robots":{"index":"index","follow":"follow","max-snippet":"max-snippet:-1","max-image-preview":"max-image-preview:large","max-video-preview":"max-video-preview:-1"},"canonical":"https:\/\/habitacionpropia.mx\/index.php\/2024\/11\/26\/urgen-priorizar-la-inversion-publica-para-infancias-menores-de-6-anos\/","og_locale":"es_MX","og_type":"article","og_title":"Urgen priorizar la inversi\u00f3n p\u00fablica para infancias menores de 6 a\u00f1os - Habitaci\u00f3n Propia","og_description":"\u00b7&nbsp;&nbsp;&nbsp;&nbsp;&nbsp;&nbsp;&nbsp;En la 5\u00aa Semana Nacional de Inversi\u00f3n en Primera Infancia (5SNIPI)&nbsp;se buscar\u00e1 priorizar la inversi\u00f3n p\u00fablica para ni\u00f1as y ni\u00f1os menores de 6 a\u00f1os en M\u00e9xico. \u00b7&nbsp;&nbsp;&nbsp;&nbsp;&nbsp;&nbsp;&nbsp;La Semana comenzar\u00e1 con el webinario \u201cInversi\u00f3n social en la primera infancia para un futuro sostenible\u201d, dise\u00f1ado para visibilizar el papel activo de las empresas en la promoci\u00f3n del &hellip;","og_url":"https:\/\/habitacionpropia.mx\/index.php\/2024\/11\/26\/urgen-priorizar-la-inversion-publica-para-infancias-menores-de-6-anos\/","og_site_name":"Habitaci\u00f3n Propia","article_publisher":"https:\/\/www.facebook.com\/habitacionpropia.mx","article_published_time":"2024-11-26T23:42:48+00:00","article_modified_time":"2024-11-26T23:42:50+00:00","og_image":[{"width":900,"height":479,"url":"http:\/\/habitacionpropia.mx\/wp-content\/uploads\/2024\/11\/image-8.png","type":"image\/png"}],"author":"Redacci\u00f3n","twitter_card":"summary_large_image","twitter_misc":{"Escrito por":"Redacci\u00f3n","Tiempo de lectura":"5 minutos"},"schema":{"@context":"https:\/\/schema.org","@graph":[{"@type":"Article","@id":"https:\/\/habitacionpropia.mx\/index.php\/2024\/11\/26\/urgen-priorizar-la-inversion-publica-para-infancias-menores-de-6-anos\/#article","isPartOf":{"@id":"https:\/\/habitacionpropia.mx\/index.php\/2024\/11\/26\/urgen-priorizar-la-inversion-publica-para-infancias-menores-de-6-anos\/"},"author":{"name":"Redacci\u00f3n","@id":"https:\/\/habitacionpropia.mx\/#\/schema\/person\/a5d7d1860aaa98c0ffafe5e7c4a203d6"},"headline":"Urgen priorizar la inversi\u00f3n p\u00fablica para infancias menores de 6 a\u00f1os","datePublished":"2024-11-26T23:42:48+00:00","dateModified":"2024-11-26T23:42:50+00:00","mainEntityOfPage":{"@id":"https:\/\/habitacionpropia.mx\/index.php\/2024\/11\/26\/urgen-priorizar-la-inversion-publica-para-infancias-menores-de-6-anos\/"},"wordCount":1011,"commentCount":0,"publisher":{"@id":"https:\/\/habitacionpropia.mx\/#organization"},"image":{"@id":"https:\/\/habitacionpropia.mx\/index.php\/2024\/11\/26\/urgen-priorizar-la-inversion-publica-para-infancias-menores-de-6-anos\/#primaryimage"},"thumbnailUrl":"https:\/\/habitacionpropia.mx\/wp-content\/uploads\/2024\/11\/image-8.png","keywords":["Infancias","legislatura","M\u00e9xico","Presupuesto","primera infancia","recursos p\u00fablicos"],"articleSection":["Casa Compartida"],"inLanguage":"es","potentialAction":[{"@type":"CommentAction","name":"Comment","target":["https:\/\/habitacionpropia.mx\/index.php\/2024\/11\/26\/urgen-priorizar-la-inversion-publica-para-infancias-menores-de-6-anos\/#respond"]}]},{"@type":"WebPage","@id":"https:\/\/habitacionpropia.mx\/index.php\/2024\/11\/26\/urgen-priorizar-la-inversion-publica-para-infancias-menores-de-6-anos\/","url":"https:\/\/habitacionpropia.mx\/index.php\/2024\/11\/26\/urgen-priorizar-la-inversion-publica-para-infancias-menores-de-6-anos\/","name":"Urgen priorizar la inversi\u00f3n p\u00fablica para infancias menores de 6 a\u00f1os - Habitaci\u00f3n Propia","isPartOf":{"@id":"https:\/\/habitacionpropia.mx\/#website"},"primaryImageOfPage":{"@id":"https:\/\/habitacionpropia.mx\/index.php\/2024\/11\/26\/urgen-priorizar-la-inversion-publica-para-infancias-menores-de-6-anos\/#primaryimage"},"image":{"@id":"https:\/\/habitacionpropia.mx\/index.php\/2024\/11\/26\/urgen-priorizar-la-inversion-publica-para-infancias-menores-de-6-anos\/#primaryimage"},"thumbnailUrl":"https:\/\/habitacionpropia.mx\/wp-content\/uploads\/2024\/11\/image-8.png","datePublished":"2024-11-26T23:42:48+00:00","dateModified":"2024-11-26T23:42:50+00:00","breadcrumb":{"@id":"https:\/\/habitacionpropia.mx\/index.php\/2024\/11\/26\/urgen-priorizar-la-inversion-publica-para-infancias-menores-de-6-anos\/#breadcrumb"},"inLanguage":"es","potentialAction":[{"@type":"ReadAction","target":["https:\/\/habitacionpropia.mx\/index.php\/2024\/11\/26\/urgen-priorizar-la-inversion-publica-para-infancias-menores-de-6-anos\/"]}]},{"@type":"ImageObject","inLanguage":"es","@id":"https:\/\/habitacionpropia.mx\/index.php\/2024\/11\/26\/urgen-priorizar-la-inversion-publica-para-infancias-menores-de-6-anos\/#primaryimage","url":"https:\/\/habitacionpropia.mx\/wp-content\/uploads\/2024\/11\/image-8.png","contentUrl":"https:\/\/habitacionpropia.mx\/wp-content\/uploads\/2024\/11\/image-8.png","width":900,"height":479},{"@type":"BreadcrumbList","@id":"https:\/\/habitacionpropia.mx\/index.php\/2024\/11\/26\/urgen-priorizar-la-inversion-publica-para-infancias-menores-de-6-anos\/#breadcrumb","itemListElement":[{"@type":"ListItem","position":1,"name":"Inicio","item":"https:\/\/habitacionpropia.mx\/"},{"@type":"ListItem","position":2,"name":"Urgen priorizar la inversi\u00f3n p\u00fablica para infancias menores de 6 a\u00f1os"}]},{"@type":"WebSite","@id":"https:\/\/habitacionpropia.mx\/#website","url":"https:\/\/habitacionpropia.mx\/","name":"Habitaci\u00f3n Propia","description":"","publisher":{"@id":"https:\/\/habitacionpropia.mx\/#organization"},"potentialAction":[{"@type":"SearchAction","target":{"@type":"EntryPoint","urlTemplate":"https:\/\/habitacionpropia.mx\/?s={search_term_string}"},"query-input":{"@type":"PropertyValueSpecification","valueRequired":true,"valueName":"search_term_string"}}],"inLanguage":"es"},{"@type":"Organization","@id":"https:\/\/habitacionpropia.mx\/#organization","name":"Habitaci\u00f3n Propia","url":"https:\/\/habitacionpropia.mx\/","logo":{"@type":"ImageObject","inLanguage":"es","@id":"https:\/\/habitacionpropia.mx\/#\/schema\/logo\/image\/","url":"https:\/\/habitacionpropia.mx\/wp-content\/uploads\/2024\/01\/cropped-Logo-Final-1.png","contentUrl":"https:\/\/habitacionpropia.mx\/wp-content\/uploads\/2024\/01\/cropped-Logo-Final-1.png","width":846,"height":191,"caption":"Habitaci\u00f3n Propia"},"image":{"@id":"https:\/\/habitacionpropia.mx\/#\/schema\/logo\/image\/"},"sameAs":["https:\/\/www.facebook.com\/habitacionpropia.mx","https:\/\/www.instagram.com\/habitacionpropia.mx\/"]},{"@type":"Person","@id":"https:\/\/habitacionpropia.mx\/#\/schema\/person\/a5d7d1860aaa98c0ffafe5e7c4a203d6","name":"Redacci\u00f3n","image":{"@type":"ImageObject","inLanguage":"es","@id":"https:\/\/habitacionpropia.mx\/#\/schema\/person\/image\/","url":"https:\/\/secure.gravatar.com\/avatar\/bbd2d6dd1b1688ce810f4e8a7fb119404f27b95517081c9e3e05be9c8e82c0e2?s=96&d=mm&r=g","contentUrl":"https:\/\/secure.gravatar.com\/avatar\/bbd2d6dd1b1688ce810f4e8a7fb119404f27b95517081c9e3e05be9c8e82c0e2?s=96&d=mm&r=g","caption":"Redacci\u00f3n"},"url":"https:\/\/habitacionpropia.mx\/index.php\/author\/redaccion\/"}]}},"jetpack_featured_media_url":"https:\/\/habitacionpropia.mx\/wp-content\/uploads\/2024\/11\/image-8.png","jetpack_sharing_enabled":true,"_links":{"self":[{"href":"https:\/\/habitacionpropia.mx\/index.php\/wp-json\/wp\/v2\/posts\/544","targetHints":{"allow":["GET"]}}],"collection":[{"href":"https:\/\/habitacionpropia.mx\/index.php\/wp-json\/wp\/v2\/posts"}],"about":[{"href":"https:\/\/habitacionpropia.mx\/index.php\/wp-json\/wp\/v2\/types\/post"}],"author":[{"embeddable":true,"href":"https:\/\/habitacionpropia.mx\/index.php\/wp-json\/wp\/v2\/users\/4"}],"replies":[{"embeddable":true,"href":"https:\/\/habitacionpropia.mx\/index.php\/wp-json\/wp\/v2\/comments?post=544"}],"version-history":[{"count":1,"href":"https:\/\/habitacionpropia.mx\/index.php\/wp-json\/wp\/v2\/posts\/544\/revisions"}],"predecessor-version":[{"id":547,"href":"https:\/\/habitacionpropia.mx\/index.php\/wp-json\/wp\/v2\/posts\/544\/revisions\/547"}],"wp:featuredmedia":[{"embeddable":true,"href":"https:\/\/habitacionpropia.mx\/index.php\/wp-json\/wp\/v2\/media\/546"}],"wp:attachment":[{"href":"https:\/\/habitacionpropia.mx\/index.php\/wp-json\/wp\/v2\/media?parent=544"}],"wp:term":[{"taxonomy":"category","embeddable":true,"href":"https:\/\/habitacionpropia.mx\/index.php\/wp-json\/wp\/v2\/categories?post=544"},{"taxonomy":"post_tag","embeddable":true,"href":"https:\/\/habitacionpropia.mx\/index.php\/wp-json\/wp\/v2\/tags?post=544"}],"curies":[{"name":"wp","href":"https:\/\/api.w.org\/{rel}","templated":true}]}}