{"id":55,"date":"2024-01-03T19:23:31","date_gmt":"2024-01-03T19:23:31","guid":{"rendered":"https:\/\/habitacionpropia.mx\/?p=55"},"modified":"2024-05-13T15:03:52","modified_gmt":"2024-05-13T15:03:52","slug":"un-recorrido-del-desacato-y-lgbtfobia-en-el-congreso-de-yucatan","status":"publish","type":"post","link":"https:\/\/habitacionpropia.mx\/index.php\/2024\/01\/03\/un-recorrido-del-desacato-y-lgbtfobia-en-el-congreso-de-yucatan\/","title":{"rendered":"Un recorrido del desacato (y LGBTfobia) en el Congreso de Yucat\u00e1n"},"content":{"rendered":"\n<p>Por Cecilia Abreu<\/p>\n\n\n\n<p>\u00bfSab\u00edas que <strong>Yucat\u00e1n est\u00e1 asignando su presupuesto en desacato<\/strong> con una sentencia que dictamin\u00f3 dirigir recursos para crear pol\u00edticas p\u00fablicas integrales para atender, restituir y garantizar los derechos de las personas LGBTQ+ en Yucat\u00e1n?<\/p>\n\n\n\n<p>El 10 de febrero del a\u00f1o pasado, el Colectivo por la Protecci\u00f3n de Todas las Familias en Yucat\u00e1n (CPTFY), junto con Amicus, <strong>present\u00f3 un amparo contra el Congreso del Estado y el gobernador, Mauricio Vila Dosal, se\u00f1alando la falta de asignaci\u00f3n de un presupuesto dirigido hacia pol\u00edticas p\u00fablicas para atender a la comunidad LGBTTTIQA+.<\/strong><\/p>\n\n\n\n<blockquote class=\"wp-block-quote is-layout-flow wp-block-quote-is-layout-flow\">\n<p>&#8220;En lo que va de esta administraci\u00f3n (con Mauricio Vila) no se ha creado ni implementado ning\u00fan tipo de pol\u00edtica p\u00fablica que atienda las necesidades de la poblaci\u00f3n LGBT del estado&#8221;.<\/p>\n<cite>C\u00e9sar Brice\u00f1o, integrante del CPTFY<\/cite><\/blockquote>\n\n\n\n<p>El activista explic\u00f3 que la falta de esta asignaci\u00f3n en espec\u00edfico para la comunidad del arco\u00edris deja <strong>una deuda social porque la poblaci\u00f3n LGBTTTIQA+ contin\u00faa siendo vulnerada<\/strong> y, por ello, requiere de pol\u00edticas que equilibren la situaci\u00f3n; la falta de estas, dijo, <strong>es violencia institucional.<\/strong><\/p>\n\n\n\n<p>Esta exigencia la realizaron antes en Guanajuato, donde encabez\u00f3 la organizaci\u00f3n Amicus y su representante, Juan Pablo Delgado, vino hasta M\u00e9rida para orientar sobre los pasos a seguir para la lucha por este derecho, luego de que en su Estado tuvieran resultados favorables para la modificaci\u00f3n del presupuesto de egresos con una partida presupuestal para la garant\u00eda de los derechos de las personas de la diversidad sexual y de g\u00e9nero.<\/p>\n\n\n\n<blockquote class=\"wp-block-quote is-layout-flow wp-block-quote-is-layout-flow\">\n<p>&#8220;La asignaci\u00f3n de presupuesto se vuelve fundamental para la creaci\u00f3n de instancias de atenci\u00f3n de discriminaci\u00f3n, para la creaci\u00f3n de fiscal\u00edas especializadas y para todos los derechos sociales y econ\u00f3micos&#8221;.<\/p>\n<cite>Juan Pablo Delgado, representante de Amicus<\/cite><\/blockquote>\n\n\n\n<p>Tras esta demanda, <strong>el 13 de junio de 2023, la jueza de Quinto Distrito que atendi\u00f3 el amparo dictamin\u00f3 que ten\u00edan que asignar los recursos de la partida<\/strong> \u201cpara otros grupos vulnerables\u201d hacia la comunidad LGBTTTIQA+ para ese mismo 2023.<\/p>\n\n\n\n<p>Con este presupuesto, el CPTFY, indic\u00f3 que lo ideal ser\u00eda iniciar con un diagn\u00f3stico para conocer las necesidades de la comunidad; eso s\u00ed, Brice\u00f1o dej\u00f3 en claro que <strong>no quer\u00edan que se utilizara para festivales, espect\u00e1culos o autopromoci\u00f3n.<\/strong><\/p>\n\n\n\n<p>Sin embargo, nada de eso ocurri\u00f3 y <strong>la violencia institucional continu\u00f3 perpetu\u00e1ndose por el desacato a la sentencia<\/strong>; a pesar de que el presidente de la Junta de Gobierno y Coordinaci\u00f3n Pol\u00edtica del Congreso, V\u00edctor Hugo Lozano Poveda \u2014cuando interpusieron el amparo\u2014 asegur\u00f3 que el legislativo acatar\u00eda la sentencia del Juez.<\/p>\n\n\n\n<div class=\"flourish-embed flourish-cards\" data-src=\"visualisation\/16334094\"><script src=\"https:\/\/public.flourish.studio\/resources\/embed.js\"><\/script><\/div>\n\n\n\n<p>No conformes con esto, <strong>este 2024 siguen en desacato<\/strong>, pues el Congreso y el Gobierno del Estado, <strong>aprobaron el presupuesto sin esta asignaci\u00f3n<\/strong>\u2026 nuevamente.<\/p>\n\n\n\n<p>Desde la sentencia, qued\u00f3 asentado que <strong>tienen que asignar una partida presupuestal suficiente para crear pol\u00edticas p\u00fablicas integrales para atender, restituir y garantizar los derechos de las personas LGBTTTIQA+ en Yucat\u00e1n.<\/strong><\/p>\n\n\n\n<p>Y a pesar de eso el 6 de diciembre, el Congreso de Yucat\u00e1n aprob\u00f3, en desacato a la sentencia de amparo 226\/2023-VII, el paquete fiscal 2024 enviado por Mauricio Vila que no incluy\u00f3 la partida presupuestal correspondiente.<\/p>\n\n\n\n<p>En un bolet\u00edn publicado por el CPTFY, se\u00f1alaron que esta situaci\u00f3n:<\/p>\n\n\n\n<blockquote class=\"wp-block-quote is-layout-flow wp-block-quote-is-layout-flow\">\n<p>\u201cEs una confirmaci\u00f3n de la LGBTQfobia institucional de la LXIII Legislatura, su presidente V\u00edctor Hugo Lozano y del gobierno de Mauricio Vila que prefieren caer en el desacato y la ilegalidad a reconocer que las personas LGBTQ+ en Yucat\u00e1n merecemos pol\u00edticas p\u00fablicas que atiendan las urgentes necesidades que resultan de la homofobia y transfobia que se vive en Yucat\u00e1n\u201d.<\/p>\n<\/blockquote>\n\n\n\n<p>Todo esto, ocurre en<strong> el segundo Estado con mayor porcentaje de poblaci\u00f3n LGBTTTIQA+ en el pa\u00eds<\/strong>; con datos de la Encuesta Nacional sobre Diversidad Sexual y de G\u00e9nero (Endiseg) 2021, realizada por el Instituto Nacional de Estad\u00edstica y Geograf\u00eda (Inegi), 8.3 por ciento de las juventudes de 15 a\u00f1os o m\u00e1s se identifican como parte de la comunidad de la bandera de colores.<\/p>\n\n\n\n<blockquote class=\"wp-block-quote is-layout-flow wp-block-quote-is-layout-flow\">\n<p>\u201cSi quienes nos representan y gobiernan en Yucat\u00e1n se reh\u00fasan a reconocer los derechos y necesidades de las personas LGBTQ+ y sus familias, seguiremos nuestra lucha y litigio estrat\u00e9gico y continuaremos exhibiendo su LGBTQ-fobia institucional, su falta de empat\u00eda y desd\u00e9n por los Derechos Humanos\u201d.<\/p>\n<cite>Colectivo por la Protecci\u00f3n de Todas las Familias en Yucat\u00e1n<\/cite><\/blockquote>\n\n\n\n<p>Si quieres leer notas que fueron realizadas en el momento de los hechos, aqu\u00ed te compartimos algunos enlaces:<\/p>\n\n\n\n<p><a href=\"https:\/\/www.lajornadamaya.mx\/yucatan\/211347\/yucatan-exigen-presupuesto-para-politicas-publicas-enfocadas-en-la-comunidad-lgbttti-lgbt-derechos-humanos\" title=\"\">Yucat\u00e1n: Exigen presupuesto para pol\u00edticas p\u00fablicas enfocadas en comunidad LGBTTTI<\/a><\/p>\n\n\n\n<p><a href=\"https:\/\/lineasemergentes.mx\/yucatan-debera-rehacer-presupuesto-para-etiquetar-hacia-la-comunidad-lgbt\" title=\"\">Yucat\u00e1n deber\u00e1 rehacer presupuesto para etiquetar hacia la comunidad LGBT+<\/a><\/p>\n\n\n\n<p><a href=\"https:\/\/www.hazruido.mx\/reportes\/insistiran-hasta-que-se-acate-la-sentencia-para-el-presupuesto-lgbtq\/#:~:text=Ante%20las%20decisiones%20tomadas%20recientemente,y%20garantizar%20los%20derechos%20de\" title=\"Insistir\u00e1n hasta que se acate la sentencia para el presupuesto LGBTQ+\">Insistir\u00e1n hasta que se acate la sentencia para el presupuesto LGBTQ+<\/a><\/p>\n\n\n\n<p><a href=\"https:\/\/www.colectivoptfyuc.com\/blog\/boletin-presupuestos2024\" title=\"\">Congreso y Gobierno de Yucat\u00e1n en desacato por partida LGBTQ+<\/a><\/p>\n","protected":false},"excerpt":{"rendered":"<p>Por Cecilia Abreu \u00bfSab\u00edas que Yucat\u00e1n est\u00e1 asignando su presupuesto en desacato con una sentencia que dictamin\u00f3 dirigir recursos para crear pol\u00edticas p\u00fablicas integrales para atender, restituir y garantizar los derechos de las personas LGBTQ+ en Yucat\u00e1n? El 10 de febrero del a\u00f1o pasado, el Colectivo por la Protecci\u00f3n de Todas las Familias en Yucat\u00e1n &hellip; <\/p>\n","protected":false},"author":2,"featured_media":59,"comment_status":"open","ping_status":"open","sticky":false,"template":"","format":"standard","meta":{"om_disable_all_campaigns":false,"_monsterinsights_skip_tracking":false,"_monsterinsights_sitenote_active":false,"_monsterinsights_sitenote_note":"","_monsterinsights_sitenote_category":0,"jetpack_post_was_ever_published":false,"_jetpack_newsletter_access":"","_jetpack_dont_email_post_to_subs":false,"_jetpack_newsletter_tier_id":0,"_jetpack_memberships_contains_paywalled_content":false,"_jetpack_memberships_contains_paid_content":false,"footnotes":""},"categories":[154,6],"tags":[28,26,29,19,23,27,24,20,25,21,22],"class_list":["post-55","post","type-post","status-publish","format-standard","has-post-thumbnail","hentry","category-comunidadlgt","category-cuarto-arcoiris","tag-activistas","tag-amicus","tag-arcoiris","tag-comunidad-lgbt","tag-congreso-del-estado","tag-cptfy","tag-gobierno-del-estado","tag-lucha","tag-mauricio-vila","tag-presupuesto","tag-recursos"],"yoast_head":"<!-- This site is optimized with the Yoast SEO plugin v25.7 - https:\/\/yoast.com\/wordpress\/plugins\/seo\/ -->\n<title>Un recorrido del desacato (y LGBTfobia) en el Congreso de Yucat\u00e1n - Habitaci\u00f3n Propia<\/title>\n<meta name=\"robots\" content=\"index, follow, max-snippet:-1, max-image-preview:large, max-video-preview:-1\" \/>\n<link rel=\"canonical\" href=\"https:\/\/habitacionpropia.mx\/index.php\/2024\/01\/03\/un-recorrido-del-desacato-y-lgbtfobia-en-el-congreso-de-yucatan\/\" \/>\n<meta property=\"og:locale\" content=\"es_MX\" \/>\n<meta property=\"og:type\" content=\"article\" \/>\n<meta property=\"og:title\" content=\"Un recorrido del desacato (y LGBTfobia) en el Congreso de Yucat\u00e1n - Habitaci\u00f3n Propia\" \/>\n<meta property=\"og:description\" content=\"Por Cecilia Abreu \u00bfSab\u00edas que Yucat\u00e1n est\u00e1 asignando su presupuesto en desacato con una sentencia que dictamin\u00f3 dirigir recursos para crear pol\u00edticas p\u00fablicas integrales para atender, restituir y garantizar los derechos de las personas LGBTQ+ en Yucat\u00e1n? El 10 de febrero del a\u00f1o pasado, el Colectivo por la Protecci\u00f3n de Todas las Familias en Yucat\u00e1n &hellip;\" \/>\n<meta property=\"og:url\" content=\"https:\/\/habitacionpropia.mx\/index.php\/2024\/01\/03\/un-recorrido-del-desacato-y-lgbtfobia-en-el-congreso-de-yucatan\/\" \/>\n<meta property=\"og:site_name\" content=\"Habitaci\u00f3n Propia\" \/>\n<meta property=\"article:publisher\" content=\"https:\/\/www.facebook.com\/habitacionpropia.mx\" \/>\n<meta property=\"article:published_time\" content=\"2024-01-03T19:23:31+00:00\" \/>\n<meta property=\"article:modified_time\" content=\"2024-05-13T15:03:52+00:00\" \/>\n<meta property=\"og:image\" content=\"https:\/\/habitacionpropia.mx\/wp-content\/uploads\/2024\/01\/IMG_20230517_173941-scaled.jpg\" \/>\n\t<meta property=\"og:image:width\" content=\"2560\" \/>\n\t<meta property=\"og:image:height\" content=\"1920\" \/>\n\t<meta property=\"og:image:type\" content=\"image\/jpeg\" \/>\n<meta name=\"author\" content=\"Cecilia Abreu\" \/>\n<meta name=\"twitter:card\" content=\"summary_large_image\" \/>\n<meta name=\"twitter:label1\" content=\"Escrito por\" \/>\n\t<meta name=\"twitter:data1\" content=\"Cecilia Abreu\" \/>\n\t<meta name=\"twitter:label2\" content=\"Tiempo de lectura\" \/>\n\t<meta name=\"twitter:data2\" content=\"4 minutos\" \/>\n<script type=\"application\/ld+json\" class=\"yoast-schema-graph\">{\"@context\":\"https:\/\/schema.org\",\"@graph\":[{\"@type\":\"Article\",\"@id\":\"https:\/\/habitacionpropia.mx\/index.php\/2024\/01\/03\/un-recorrido-del-desacato-y-lgbtfobia-en-el-congreso-de-yucatan\/#article\",\"isPartOf\":{\"@id\":\"https:\/\/habitacionpropia.mx\/index.php\/2024\/01\/03\/un-recorrido-del-desacato-y-lgbtfobia-en-el-congreso-de-yucatan\/\"},\"author\":{\"name\":\"Cecilia Abreu\",\"@id\":\"https:\/\/habitacionpropia.mx\/#\/schema\/person\/dbf2583eec00e0d304aa34d686a467d3\"},\"headline\":\"Un recorrido del desacato (y LGBTfobia) en el Congreso de Yucat\u00e1n\",\"datePublished\":\"2024-01-03T19:23:31+00:00\",\"dateModified\":\"2024-05-13T15:03:52+00:00\",\"mainEntityOfPage\":{\"@id\":\"https:\/\/habitacionpropia.mx\/index.php\/2024\/01\/03\/un-recorrido-del-desacato-y-lgbtfobia-en-el-congreso-de-yucatan\/\"},\"wordCount\":832,\"commentCount\":0,\"publisher\":{\"@id\":\"https:\/\/habitacionpropia.mx\/#organization\"},\"image\":{\"@id\":\"https:\/\/habitacionpropia.mx\/index.php\/2024\/01\/03\/un-recorrido-del-desacato-y-lgbtfobia-en-el-congreso-de-yucatan\/#primaryimage\"},\"thumbnailUrl\":\"https:\/\/habitacionpropia.mx\/wp-content\/uploads\/2024\/01\/IMG_20230517_173941-scaled.jpg\",\"keywords\":[\"activistas\",\"Amicus\",\"arcoiris\",\"Comunidad LGBT\",\"Congreso del Estado\",\"CPTFY\",\"Gobierno del Estado\",\"Lucha\",\"Mauricio Vila\",\"Presupuesto\",\"recursos\"],\"articleSection\":[\"Comunidad LGBTTIQA+\",\"Cuarto Arco\u00edris\"],\"inLanguage\":\"es\",\"potentialAction\":[{\"@type\":\"CommentAction\",\"name\":\"Comment\",\"target\":[\"https:\/\/habitacionpropia.mx\/index.php\/2024\/01\/03\/un-recorrido-del-desacato-y-lgbtfobia-en-el-congreso-de-yucatan\/#respond\"]}]},{\"@type\":\"WebPage\",\"@id\":\"https:\/\/habitacionpropia.mx\/index.php\/2024\/01\/03\/un-recorrido-del-desacato-y-lgbtfobia-en-el-congreso-de-yucatan\/\",\"url\":\"https:\/\/habitacionpropia.mx\/index.php\/2024\/01\/03\/un-recorrido-del-desacato-y-lgbtfobia-en-el-congreso-de-yucatan\/\",\"name\":\"Un recorrido del desacato (y LGBTfobia) en el Congreso de Yucat\u00e1n - Habitaci\u00f3n Propia\",\"isPartOf\":{\"@id\":\"https:\/\/habitacionpropia.mx\/#website\"},\"primaryImageOfPage\":{\"@id\":\"https:\/\/habitacionpropia.mx\/index.php\/2024\/01\/03\/un-recorrido-del-desacato-y-lgbtfobia-en-el-congreso-de-yucatan\/#primaryimage\"},\"image\":{\"@id\":\"https:\/\/habitacionpropia.mx\/index.php\/2024\/01\/03\/un-recorrido-del-desacato-y-lgbtfobia-en-el-congreso-de-yucatan\/#primaryimage\"},\"thumbnailUrl\":\"https:\/\/habitacionpropia.mx\/wp-content\/uploads\/2024\/01\/IMG_20230517_173941-scaled.jpg\",\"datePublished\":\"2024-01-03T19:23:31+00:00\",\"dateModified\":\"2024-05-13T15:03:52+00:00\",\"breadcrumb\":{\"@id\":\"https:\/\/habitacionpropia.mx\/index.php\/2024\/01\/03\/un-recorrido-del-desacato-y-lgbtfobia-en-el-congreso-de-yucatan\/#breadcrumb\"},\"inLanguage\":\"es\",\"potentialAction\":[{\"@type\":\"ReadAction\",\"target\":[\"https:\/\/habitacionpropia.mx\/index.php\/2024\/01\/03\/un-recorrido-del-desacato-y-lgbtfobia-en-el-congreso-de-yucatan\/\"]}]},{\"@type\":\"ImageObject\",\"inLanguage\":\"es\",\"@id\":\"https:\/\/habitacionpropia.mx\/index.php\/2024\/01\/03\/un-recorrido-del-desacato-y-lgbtfobia-en-el-congreso-de-yucatan\/#primaryimage\",\"url\":\"https:\/\/habitacionpropia.mx\/wp-content\/uploads\/2024\/01\/IMG_20230517_173941-scaled.jpg\",\"contentUrl\":\"https:\/\/habitacionpropia.mx\/wp-content\/uploads\/2024\/01\/IMG_20230517_173941-scaled.jpg\",\"width\":2560,\"height\":1920},{\"@type\":\"BreadcrumbList\",\"@id\":\"https:\/\/habitacionpropia.mx\/index.php\/2024\/01\/03\/un-recorrido-del-desacato-y-lgbtfobia-en-el-congreso-de-yucatan\/#breadcrumb\",\"itemListElement\":[{\"@type\":\"ListItem\",\"position\":1,\"name\":\"Inicio\",\"item\":\"https:\/\/habitacionpropia.mx\/\"},{\"@type\":\"ListItem\",\"position\":2,\"name\":\"Un recorrido del desacato (y LGBTfobia) en el Congreso de Yucat\u00e1n\"}]},{\"@type\":\"WebSite\",\"@id\":\"https:\/\/habitacionpropia.mx\/#website\",\"url\":\"https:\/\/habitacionpropia.mx\/\",\"name\":\"Habitaci\u00f3n Propia\",\"description\":\"\",\"publisher\":{\"@id\":\"https:\/\/habitacionpropia.mx\/#organization\"},\"potentialAction\":[{\"@type\":\"SearchAction\",\"target\":{\"@type\":\"EntryPoint\",\"urlTemplate\":\"https:\/\/habitacionpropia.mx\/?s={search_term_string}\"},\"query-input\":{\"@type\":\"PropertyValueSpecification\",\"valueRequired\":true,\"valueName\":\"search_term_string\"}}],\"inLanguage\":\"es\"},{\"@type\":\"Organization\",\"@id\":\"https:\/\/habitacionpropia.mx\/#organization\",\"name\":\"Habitaci\u00f3n Propia\",\"url\":\"https:\/\/habitacionpropia.mx\/\",\"logo\":{\"@type\":\"ImageObject\",\"inLanguage\":\"es\",\"@id\":\"https:\/\/habitacionpropia.mx\/#\/schema\/logo\/image\/\",\"url\":\"https:\/\/habitacionpropia.mx\/wp-content\/uploads\/2024\/01\/cropped-Logo-Final-1.png\",\"contentUrl\":\"https:\/\/habitacionpropia.mx\/wp-content\/uploads\/2024\/01\/cropped-Logo-Final-1.png\",\"width\":846,\"height\":191,\"caption\":\"Habitaci\u00f3n Propia\"},\"image\":{\"@id\":\"https:\/\/habitacionpropia.mx\/#\/schema\/logo\/image\/\"},\"sameAs\":[\"https:\/\/www.facebook.com\/habitacionpropia.mx\",\"https:\/\/www.instagram.com\/habitacionpropia.mx\/\"]},{\"@type\":\"Person\",\"@id\":\"https:\/\/habitacionpropia.mx\/#\/schema\/person\/dbf2583eec00e0d304aa34d686a467d3\",\"name\":\"Cecilia Abreu\",\"image\":{\"@type\":\"ImageObject\",\"inLanguage\":\"es\",\"@id\":\"https:\/\/habitacionpropia.mx\/#\/schema\/person\/image\/\",\"url\":\"https:\/\/secure.gravatar.com\/avatar\/3bdeb664b7ee56f59698e37c381360d9754b5472bab7b47dbc5826b232abf970?s=96&d=mm&r=g\",\"contentUrl\":\"https:\/\/secure.gravatar.com\/avatar\/3bdeb664b7ee56f59698e37c381360d9754b5472bab7b47dbc5826b232abf970?s=96&d=mm&r=g\",\"caption\":\"Cecilia Abreu\"},\"url\":\"https:\/\/habitacionpropia.mx\/index.php\/author\/cecy-abric\/\"}]}<\/script>\n<!-- \/ Yoast SEO plugin. -->","yoast_head_json":{"title":"Un recorrido del desacato (y LGBTfobia) en el Congreso de Yucat\u00e1n - Habitaci\u00f3n Propia","robots":{"index":"index","follow":"follow","max-snippet":"max-snippet:-1","max-image-preview":"max-image-preview:large","max-video-preview":"max-video-preview:-1"},"canonical":"https:\/\/habitacionpropia.mx\/index.php\/2024\/01\/03\/un-recorrido-del-desacato-y-lgbtfobia-en-el-congreso-de-yucatan\/","og_locale":"es_MX","og_type":"article","og_title":"Un recorrido del desacato (y LGBTfobia) en el Congreso de Yucat\u00e1n - Habitaci\u00f3n Propia","og_description":"Por Cecilia Abreu \u00bfSab\u00edas que Yucat\u00e1n est\u00e1 asignando su presupuesto en desacato con una sentencia que dictamin\u00f3 dirigir recursos para crear pol\u00edticas p\u00fablicas integrales para atender, restituir y garantizar los derechos de las personas LGBTQ+ en Yucat\u00e1n? El 10 de febrero del a\u00f1o pasado, el Colectivo por la Protecci\u00f3n de Todas las Familias en Yucat\u00e1n &hellip;","og_url":"https:\/\/habitacionpropia.mx\/index.php\/2024\/01\/03\/un-recorrido-del-desacato-y-lgbtfobia-en-el-congreso-de-yucatan\/","og_site_name":"Habitaci\u00f3n Propia","article_publisher":"https:\/\/www.facebook.com\/habitacionpropia.mx","article_published_time":"2024-01-03T19:23:31+00:00","article_modified_time":"2024-05-13T15:03:52+00:00","og_image":[{"width":2560,"height":1920,"url":"https:\/\/habitacionpropia.mx\/wp-content\/uploads\/2024\/01\/IMG_20230517_173941-scaled.jpg","type":"image\/jpeg"}],"author":"Cecilia Abreu","twitter_card":"summary_large_image","twitter_misc":{"Escrito por":"Cecilia Abreu","Tiempo de lectura":"4 minutos"},"schema":{"@context":"https:\/\/schema.org","@graph":[{"@type":"Article","@id":"https:\/\/habitacionpropia.mx\/index.php\/2024\/01\/03\/un-recorrido-del-desacato-y-lgbtfobia-en-el-congreso-de-yucatan\/#article","isPartOf":{"@id":"https:\/\/habitacionpropia.mx\/index.php\/2024\/01\/03\/un-recorrido-del-desacato-y-lgbtfobia-en-el-congreso-de-yucatan\/"},"author":{"name":"Cecilia Abreu","@id":"https:\/\/habitacionpropia.mx\/#\/schema\/person\/dbf2583eec00e0d304aa34d686a467d3"},"headline":"Un recorrido del desacato (y LGBTfobia) en el Congreso de Yucat\u00e1n","datePublished":"2024-01-03T19:23:31+00:00","dateModified":"2024-05-13T15:03:52+00:00","mainEntityOfPage":{"@id":"https:\/\/habitacionpropia.mx\/index.php\/2024\/01\/03\/un-recorrido-del-desacato-y-lgbtfobia-en-el-congreso-de-yucatan\/"},"wordCount":832,"commentCount":0,"publisher":{"@id":"https:\/\/habitacionpropia.mx\/#organization"},"image":{"@id":"https:\/\/habitacionpropia.mx\/index.php\/2024\/01\/03\/un-recorrido-del-desacato-y-lgbtfobia-en-el-congreso-de-yucatan\/#primaryimage"},"thumbnailUrl":"https:\/\/habitacionpropia.mx\/wp-content\/uploads\/2024\/01\/IMG_20230517_173941-scaled.jpg","keywords":["activistas","Amicus","arcoiris","Comunidad LGBT","Congreso del Estado","CPTFY","Gobierno del Estado","Lucha","Mauricio Vila","Presupuesto","recursos"],"articleSection":["Comunidad LGBTTIQA+","Cuarto Arco\u00edris"],"inLanguage":"es","potentialAction":[{"@type":"CommentAction","name":"Comment","target":["https:\/\/habitacionpropia.mx\/index.php\/2024\/01\/03\/un-recorrido-del-desacato-y-lgbtfobia-en-el-congreso-de-yucatan\/#respond"]}]},{"@type":"WebPage","@id":"https:\/\/habitacionpropia.mx\/index.php\/2024\/01\/03\/un-recorrido-del-desacato-y-lgbtfobia-en-el-congreso-de-yucatan\/","url":"https:\/\/habitacionpropia.mx\/index.php\/2024\/01\/03\/un-recorrido-del-desacato-y-lgbtfobia-en-el-congreso-de-yucatan\/","name":"Un recorrido del desacato (y LGBTfobia) en el Congreso de Yucat\u00e1n - Habitaci\u00f3n Propia","isPartOf":{"@id":"https:\/\/habitacionpropia.mx\/#website"},"primaryImageOfPage":{"@id":"https:\/\/habitacionpropia.mx\/index.php\/2024\/01\/03\/un-recorrido-del-desacato-y-lgbtfobia-en-el-congreso-de-yucatan\/#primaryimage"},"image":{"@id":"https:\/\/habitacionpropia.mx\/index.php\/2024\/01\/03\/un-recorrido-del-desacato-y-lgbtfobia-en-el-congreso-de-yucatan\/#primaryimage"},"thumbnailUrl":"https:\/\/habitacionpropia.mx\/wp-content\/uploads\/2024\/01\/IMG_20230517_173941-scaled.jpg","datePublished":"2024-01-03T19:23:31+00:00","dateModified":"2024-05-13T15:03:52+00:00","breadcrumb":{"@id":"https:\/\/habitacionpropia.mx\/index.php\/2024\/01\/03\/un-recorrido-del-desacato-y-lgbtfobia-en-el-congreso-de-yucatan\/#breadcrumb"},"inLanguage":"es","potentialAction":[{"@type":"ReadAction","target":["https:\/\/habitacionpropia.mx\/index.php\/2024\/01\/03\/un-recorrido-del-desacato-y-lgbtfobia-en-el-congreso-de-yucatan\/"]}]},{"@type":"ImageObject","inLanguage":"es","@id":"https:\/\/habitacionpropia.mx\/index.php\/2024\/01\/03\/un-recorrido-del-desacato-y-lgbtfobia-en-el-congreso-de-yucatan\/#primaryimage","url":"https:\/\/habitacionpropia.mx\/wp-content\/uploads\/2024\/01\/IMG_20230517_173941-scaled.jpg","contentUrl":"https:\/\/habitacionpropia.mx\/wp-content\/uploads\/2024\/01\/IMG_20230517_173941-scaled.jpg","width":2560,"height":1920},{"@type":"BreadcrumbList","@id":"https:\/\/habitacionpropia.mx\/index.php\/2024\/01\/03\/un-recorrido-del-desacato-y-lgbtfobia-en-el-congreso-de-yucatan\/#breadcrumb","itemListElement":[{"@type":"ListItem","position":1,"name":"Inicio","item":"https:\/\/habitacionpropia.mx\/"},{"@type":"ListItem","position":2,"name":"Un recorrido del desacato (y LGBTfobia) en el Congreso de Yucat\u00e1n"}]},{"@type":"WebSite","@id":"https:\/\/habitacionpropia.mx\/#website","url":"https:\/\/habitacionpropia.mx\/","name":"Habitaci\u00f3n Propia","description":"","publisher":{"@id":"https:\/\/habitacionpropia.mx\/#organization"},"potentialAction":[{"@type":"SearchAction","target":{"@type":"EntryPoint","urlTemplate":"https:\/\/habitacionpropia.mx\/?s={search_term_string}"},"query-input":{"@type":"PropertyValueSpecification","valueRequired":true,"valueName":"search_term_string"}}],"inLanguage":"es"},{"@type":"Organization","@id":"https:\/\/habitacionpropia.mx\/#organization","name":"Habitaci\u00f3n Propia","url":"https:\/\/habitacionpropia.mx\/","logo":{"@type":"ImageObject","inLanguage":"es","@id":"https:\/\/habitacionpropia.mx\/#\/schema\/logo\/image\/","url":"https:\/\/habitacionpropia.mx\/wp-content\/uploads\/2024\/01\/cropped-Logo-Final-1.png","contentUrl":"https:\/\/habitacionpropia.mx\/wp-content\/uploads\/2024\/01\/cropped-Logo-Final-1.png","width":846,"height":191,"caption":"Habitaci\u00f3n Propia"},"image":{"@id":"https:\/\/habitacionpropia.mx\/#\/schema\/logo\/image\/"},"sameAs":["https:\/\/www.facebook.com\/habitacionpropia.mx","https:\/\/www.instagram.com\/habitacionpropia.mx\/"]},{"@type":"Person","@id":"https:\/\/habitacionpropia.mx\/#\/schema\/person\/dbf2583eec00e0d304aa34d686a467d3","name":"Cecilia Abreu","image":{"@type":"ImageObject","inLanguage":"es","@id":"https:\/\/habitacionpropia.mx\/#\/schema\/person\/image\/","url":"https:\/\/secure.gravatar.com\/avatar\/3bdeb664b7ee56f59698e37c381360d9754b5472bab7b47dbc5826b232abf970?s=96&d=mm&r=g","contentUrl":"https:\/\/secure.gravatar.com\/avatar\/3bdeb664b7ee56f59698e37c381360d9754b5472bab7b47dbc5826b232abf970?s=96&d=mm&r=g","caption":"Cecilia Abreu"},"url":"https:\/\/habitacionpropia.mx\/index.php\/author\/cecy-abric\/"}]}},"jetpack_featured_media_url":"https:\/\/habitacionpropia.mx\/wp-content\/uploads\/2024\/01\/IMG_20230517_173941-scaled.jpg","jetpack_sharing_enabled":true,"_links":{"self":[{"href":"https:\/\/habitacionpropia.mx\/index.php\/wp-json\/wp\/v2\/posts\/55","targetHints":{"allow":["GET"]}}],"collection":[{"href":"https:\/\/habitacionpropia.mx\/index.php\/wp-json\/wp\/v2\/posts"}],"about":[{"href":"https:\/\/habitacionpropia.mx\/index.php\/wp-json\/wp\/v2\/types\/post"}],"author":[{"embeddable":true,"href":"https:\/\/habitacionpropia.mx\/index.php\/wp-json\/wp\/v2\/users\/2"}],"replies":[{"embeddable":true,"href":"https:\/\/habitacionpropia.mx\/index.php\/wp-json\/wp\/v2\/comments?post=55"}],"version-history":[{"count":4,"href":"https:\/\/habitacionpropia.mx\/index.php\/wp-json\/wp\/v2\/posts\/55\/revisions"}],"predecessor-version":[{"id":119,"href":"https:\/\/habitacionpropia.mx\/index.php\/wp-json\/wp\/v2\/posts\/55\/revisions\/119"}],"wp:featuredmedia":[{"embeddable":true,"href":"https:\/\/habitacionpropia.mx\/index.php\/wp-json\/wp\/v2\/media\/59"}],"wp:attachment":[{"href":"https:\/\/habitacionpropia.mx\/index.php\/wp-json\/wp\/v2\/media?parent=55"}],"wp:term":[{"taxonomy":"category","embeddable":true,"href":"https:\/\/habitacionpropia.mx\/index.php\/wp-json\/wp\/v2\/categories?post=55"},{"taxonomy":"post_tag","embeddable":true,"href":"https:\/\/habitacionpropia.mx\/index.php\/wp-json\/wp\/v2\/tags?post=55"}],"curies":[{"name":"wp","href":"https:\/\/api.w.org\/{rel}","templated":true}]}}