{"id":71,"date":"2024-01-06T17:56:40","date_gmt":"2024-01-06T17:56:40","guid":{"rendered":"https:\/\/habitacionpropia.mx\/?p=71"},"modified":"2024-01-06T17:56:42","modified_gmt":"2024-01-06T17:56:42","slug":"la-deuda-ciudadana-de-lxs-gobernantes","status":"publish","type":"post","link":"https:\/\/habitacionpropia.mx\/index.php\/2024\/01\/06\/la-deuda-ciudadana-de-lxs-gobernantes\/","title":{"rendered":"La deuda ciudadana de lxs gobernantes"},"content":{"rendered":"\n<p>Por Lorena Gonz\u00e1lez-Bosc\u00f3<\/p>\n\n\n\n<p><strong>Los tiempos electorales conllevan al abandono de los cargos p\u00fablicos<\/strong>, sean estos producto de la elecci\u00f3n popular o por encargo, se sale de ellos <strong>para buscar la elecci\u00f3n o reelecci\u00f3n<\/strong> por parte del partido donde han encajado y <strong>se deja el trabajo confiado<\/strong> a un encargado de despacho u gobernante interinx, pero la\/le\/el candidatx debiera ser consciente que adquiere una deuda ciudadana en aras de seguir en el sistema.<\/p>\n\n\n\n<p><strong>\u00bfPor qu\u00e9 es una deuda ciudadana?<\/strong> Porque al abandonar cada cargo p\u00fablico, lxs candidatxs <strong>dejan a su paso obras de infraestructura o servicios que corren el riesgo de ser abandonados por la nueva gesti\u00f3n, <\/strong>de forma tal que no s\u00f3lo quedan boquetes en los presupuestos p\u00fablicos, tambi\u00e9n parques, escuelas u hospitales a medio construir o con falta de mantenimiento.<\/p>\n\n\n\n<p>Y es que esto llega a ocurrir incluso cuando no hay una licencia de por medio. Un claro ejemplo fue el Hospital de Ticul que, tras la administraci\u00f3n de la ex gobernadora Ivonne Ortega Pacheco que en ese entonces representaba al Partido Revolucionario Institucional (PRI), la obra fue cancelada por Rolando Zapata Bello, a pesar de que eran del mismo partido. Esta apenas fue retomada en los \u00faltimos a\u00f1os, m\u00e1s de 10 a\u00f1os depu\u00e9s de que se inici\u00f3.<\/p>\n\n\n\n<p>Pensar que se va regular esta situaci\u00f3n desde el Poder Legislativo o el INE, <strong>donde se prohibiera abandonar los cargos sin haber concluido el encargo, ser\u00eda tanto como ser un pueblo responsable con su democracia.<\/strong><\/p>\n\n\n\n<p><strong>Los ciudadanos votamos por per\u00edodos completos, no parciales.<\/strong> Sino imagine usted que un cuarto de voto se lo podamos dar otro partido, como eso no puede ser as\u00ed para los ciudadanos, tampoco debe ser de gobernantes que al hacer esta pr\u00e1ctica ciertamente no les importa, pero se quedan con una deuda ciudadana y los ciudadanos aguantando el fraude electoral de los elegidos.<\/p>\n\n\n\n<p><\/p>\n\n\n\n<p class=\"has-small-font-size\">*Esta nota fue entregada (y recibida) con mucho amor, sue\u00f1o con que alg\u00fan d\u00eda este trabajo no solo ser\u00e1 agradecido, sino tambi\u00e9n remunerado y ustedes ser\u00e1n aliadxs.<\/p>\n","protected":false},"excerpt":{"rendered":"<p>Por Lorena Gonz\u00e1lez-Bosc\u00f3 Los tiempos electorales conllevan al abandono de los cargos p\u00fablicos, sean estos producto de la elecci\u00f3n popular o por encargo, se sale de ellos para buscar la elecci\u00f3n o reelecci\u00f3n por parte del partido donde han encajado y se deja el trabajo confiado a un encargado de despacho u gobernante interinx, pero &hellip; <\/p>\n","protected":false},"author":1,"featured_media":79,"comment_status":"open","ping_status":"open","sticky":false,"template":"","format":"standard","meta":{"om_disable_all_campaigns":false,"_monsterinsights_skip_tracking":false,"_monsterinsights_sitenote_active":false,"_monsterinsights_sitenote_note":"","_monsterinsights_sitenote_category":0,"jetpack_post_was_ever_published":false,"_jetpack_newsletter_access":"","_jetpack_dont_email_post_to_subs":false,"_jetpack_newsletter_tier_id":0,"_jetpack_memberships_contains_paywalled_content":false,"_jetpack_memberships_contains_paid_content":false,"footnotes":""},"categories":[5],"tags":[36,38,37,39,33,35,32,31,34,30],"class_list":["post-71","post","type-post","status-publish","format-standard","has-post-thumbnail","hentry","category-casa-compartida","tag-administracion","tag-ciudadania","tag-deuda","tag-deuda-ciudadana","tag-elecciones","tag-gestion","tag-gobernantes","tag-gobierno","tag-licencias","tag-politica"],"yoast_head":"<!-- This site is optimized with the Yoast SEO plugin v25.7 - https:\/\/yoast.com\/wordpress\/plugins\/seo\/ -->\n<title>La deuda ciudadana de lxs gobernantes - Habitaci\u00f3n Propia<\/title>\n<meta name=\"robots\" content=\"index, follow, max-snippet:-1, max-image-preview:large, max-video-preview:-1\" \/>\n<link rel=\"canonical\" href=\"https:\/\/habitacionpropia.mx\/index.php\/2024\/01\/06\/la-deuda-ciudadana-de-lxs-gobernantes\/\" \/>\n<meta property=\"og:locale\" content=\"es_MX\" \/>\n<meta property=\"og:type\" content=\"article\" \/>\n<meta property=\"og:title\" content=\"La deuda ciudadana de lxs gobernantes - Habitaci\u00f3n Propia\" \/>\n<meta property=\"og:description\" content=\"Por Lorena Gonz\u00e1lez-Bosc\u00f3 Los tiempos electorales conllevan al abandono de los cargos p\u00fablicos, sean estos producto de la elecci\u00f3n popular o por encargo, se sale de ellos para buscar la elecci\u00f3n o reelecci\u00f3n por parte del partido donde han encajado y se deja el trabajo confiado a un encargado de despacho u gobernante interinx, pero &hellip;\" \/>\n<meta property=\"og:url\" content=\"https:\/\/habitacionpropia.mx\/index.php\/2024\/01\/06\/la-deuda-ciudadana-de-lxs-gobernantes\/\" \/>\n<meta property=\"og:site_name\" content=\"Habitaci\u00f3n Propia\" \/>\n<meta property=\"article:publisher\" content=\"https:\/\/www.facebook.com\/habitacionpropia.mx\" \/>\n<meta property=\"article:published_time\" content=\"2024-01-06T17:56:40+00:00\" \/>\n<meta property=\"article:modified_time\" content=\"2024-01-06T17:56:42+00:00\" \/>\n<meta property=\"og:image\" content=\"https:\/\/habitacionpropia.mx\/wp-content\/uploads\/2024\/01\/Deuda-ciudadana-scaled.jpg\" \/>\n\t<meta property=\"og:image:width\" content=\"2560\" \/>\n\t<meta property=\"og:image:height\" content=\"1707\" \/>\n\t<meta property=\"og:image:type\" content=\"image\/jpeg\" \/>\n<meta name=\"author\" content=\"habitacionpropia.mx\" \/>\n<meta name=\"twitter:card\" content=\"summary_large_image\" \/>\n<meta name=\"twitter:label1\" content=\"Escrito por\" \/>\n\t<meta name=\"twitter:data1\" content=\"habitacionpropia.mx\" \/>\n\t<meta name=\"twitter:label2\" content=\"Tiempo de lectura\" \/>\n\t<meta name=\"twitter:data2\" content=\"2 minutos\" \/>\n<script type=\"application\/ld+json\" class=\"yoast-schema-graph\">{\"@context\":\"https:\/\/schema.org\",\"@graph\":[{\"@type\":\"Article\",\"@id\":\"https:\/\/habitacionpropia.mx\/index.php\/2024\/01\/06\/la-deuda-ciudadana-de-lxs-gobernantes\/#article\",\"isPartOf\":{\"@id\":\"https:\/\/habitacionpropia.mx\/index.php\/2024\/01\/06\/la-deuda-ciudadana-de-lxs-gobernantes\/\"},\"author\":{\"name\":\"habitacionpropia.mx\",\"@id\":\"https:\/\/habitacionpropia.mx\/#\/schema\/person\/e6f477ce61bfd09134d4ccd8b88fc12d\"},\"headline\":\"La deuda ciudadana de lxs gobernantes\",\"datePublished\":\"2024-01-06T17:56:40+00:00\",\"dateModified\":\"2024-01-06T17:56:42+00:00\",\"mainEntityOfPage\":{\"@id\":\"https:\/\/habitacionpropia.mx\/index.php\/2024\/01\/06\/la-deuda-ciudadana-de-lxs-gobernantes\/\"},\"wordCount\":364,\"commentCount\":0,\"publisher\":{\"@id\":\"https:\/\/habitacionpropia.mx\/#organization\"},\"image\":{\"@id\":\"https:\/\/habitacionpropia.mx\/index.php\/2024\/01\/06\/la-deuda-ciudadana-de-lxs-gobernantes\/#primaryimage\"},\"thumbnailUrl\":\"https:\/\/habitacionpropia.mx\/wp-content\/uploads\/2024\/01\/Deuda-ciudadana-scaled.jpg\",\"keywords\":[\"administraci\u00f3n\",\"ciudadan\u00eda\",\"deuda\",\"deuda ciudadana\",\"elecciones\",\"gesti\u00f3n\",\"gobernantes\",\"gobierno\",\"licencias\",\"pol\u00edtica\"],\"articleSection\":[\"Casa Compartida\"],\"inLanguage\":\"es\",\"potentialAction\":[{\"@type\":\"CommentAction\",\"name\":\"Comment\",\"target\":[\"https:\/\/habitacionpropia.mx\/index.php\/2024\/01\/06\/la-deuda-ciudadana-de-lxs-gobernantes\/#respond\"]}]},{\"@type\":\"WebPage\",\"@id\":\"https:\/\/habitacionpropia.mx\/index.php\/2024\/01\/06\/la-deuda-ciudadana-de-lxs-gobernantes\/\",\"url\":\"https:\/\/habitacionpropia.mx\/index.php\/2024\/01\/06\/la-deuda-ciudadana-de-lxs-gobernantes\/\",\"name\":\"La deuda ciudadana de lxs gobernantes - Habitaci\u00f3n Propia\",\"isPartOf\":{\"@id\":\"https:\/\/habitacionpropia.mx\/#website\"},\"primaryImageOfPage\":{\"@id\":\"https:\/\/habitacionpropia.mx\/index.php\/2024\/01\/06\/la-deuda-ciudadana-de-lxs-gobernantes\/#primaryimage\"},\"image\":{\"@id\":\"https:\/\/habitacionpropia.mx\/index.php\/2024\/01\/06\/la-deuda-ciudadana-de-lxs-gobernantes\/#primaryimage\"},\"thumbnailUrl\":\"https:\/\/habitacionpropia.mx\/wp-content\/uploads\/2024\/01\/Deuda-ciudadana-scaled.jpg\",\"datePublished\":\"2024-01-06T17:56:40+00:00\",\"dateModified\":\"2024-01-06T17:56:42+00:00\",\"breadcrumb\":{\"@id\":\"https:\/\/habitacionpropia.mx\/index.php\/2024\/01\/06\/la-deuda-ciudadana-de-lxs-gobernantes\/#breadcrumb\"},\"inLanguage\":\"es\",\"potentialAction\":[{\"@type\":\"ReadAction\",\"target\":[\"https:\/\/habitacionpropia.mx\/index.php\/2024\/01\/06\/la-deuda-ciudadana-de-lxs-gobernantes\/\"]}]},{\"@type\":\"ImageObject\",\"inLanguage\":\"es\",\"@id\":\"https:\/\/habitacionpropia.mx\/index.php\/2024\/01\/06\/la-deuda-ciudadana-de-lxs-gobernantes\/#primaryimage\",\"url\":\"https:\/\/habitacionpropia.mx\/wp-content\/uploads\/2024\/01\/Deuda-ciudadana-scaled.jpg\",\"contentUrl\":\"https:\/\/habitacionpropia.mx\/wp-content\/uploads\/2024\/01\/Deuda-ciudadana-scaled.jpg\",\"width\":2560,\"height\":1707},{\"@type\":\"BreadcrumbList\",\"@id\":\"https:\/\/habitacionpropia.mx\/index.php\/2024\/01\/06\/la-deuda-ciudadana-de-lxs-gobernantes\/#breadcrumb\",\"itemListElement\":[{\"@type\":\"ListItem\",\"position\":1,\"name\":\"Inicio\",\"item\":\"https:\/\/habitacionpropia.mx\/\"},{\"@type\":\"ListItem\",\"position\":2,\"name\":\"La deuda ciudadana de lxs gobernantes\"}]},{\"@type\":\"WebSite\",\"@id\":\"https:\/\/habitacionpropia.mx\/#website\",\"url\":\"https:\/\/habitacionpropia.mx\/\",\"name\":\"Habitaci\u00f3n Propia\",\"description\":\"\",\"publisher\":{\"@id\":\"https:\/\/habitacionpropia.mx\/#organization\"},\"potentialAction\":[{\"@type\":\"SearchAction\",\"target\":{\"@type\":\"EntryPoint\",\"urlTemplate\":\"https:\/\/habitacionpropia.mx\/?s={search_term_string}\"},\"query-input\":{\"@type\":\"PropertyValueSpecification\",\"valueRequired\":true,\"valueName\":\"search_term_string\"}}],\"inLanguage\":\"es\"},{\"@type\":\"Organization\",\"@id\":\"https:\/\/habitacionpropia.mx\/#organization\",\"name\":\"Habitaci\u00f3n Propia\",\"url\":\"https:\/\/habitacionpropia.mx\/\",\"logo\":{\"@type\":\"ImageObject\",\"inLanguage\":\"es\",\"@id\":\"https:\/\/habitacionpropia.mx\/#\/schema\/logo\/image\/\",\"url\":\"https:\/\/habitacionpropia.mx\/wp-content\/uploads\/2024\/01\/cropped-Logo-Final-1.png\",\"contentUrl\":\"https:\/\/habitacionpropia.mx\/wp-content\/uploads\/2024\/01\/cropped-Logo-Final-1.png\",\"width\":846,\"height\":191,\"caption\":\"Habitaci\u00f3n Propia\"},\"image\":{\"@id\":\"https:\/\/habitacionpropia.mx\/#\/schema\/logo\/image\/\"},\"sameAs\":[\"https:\/\/www.facebook.com\/habitacionpropia.mx\",\"https:\/\/www.instagram.com\/habitacionpropia.mx\/\"]},{\"@type\":\"Person\",\"@id\":\"https:\/\/habitacionpropia.mx\/#\/schema\/person\/e6f477ce61bfd09134d4ccd8b88fc12d\",\"name\":\"habitacionpropia.mx\",\"image\":{\"@type\":\"ImageObject\",\"inLanguage\":\"es\",\"@id\":\"https:\/\/habitacionpropia.mx\/#\/schema\/person\/image\/\",\"url\":\"https:\/\/secure.gravatar.com\/avatar\/79b4832f252ed058c38bb8616cfa9b2132a8dbec835fd4571c39578e75f17237?s=96&d=mm&r=g\",\"contentUrl\":\"https:\/\/secure.gravatar.com\/avatar\/79b4832f252ed058c38bb8616cfa9b2132a8dbec835fd4571c39578e75f17237?s=96&d=mm&r=g\",\"caption\":\"habitacionpropia.mx\"},\"sameAs\":[\"http:\/\/habitacionpropia.mx\"],\"url\":\"https:\/\/habitacionpropia.mx\/index.php\/author\/habitacionpropia-mx\/\"}]}<\/script>\n<!-- \/ Yoast SEO plugin. -->","yoast_head_json":{"title":"La deuda ciudadana de lxs gobernantes - Habitaci\u00f3n Propia","robots":{"index":"index","follow":"follow","max-snippet":"max-snippet:-1","max-image-preview":"max-image-preview:large","max-video-preview":"max-video-preview:-1"},"canonical":"https:\/\/habitacionpropia.mx\/index.php\/2024\/01\/06\/la-deuda-ciudadana-de-lxs-gobernantes\/","og_locale":"es_MX","og_type":"article","og_title":"La deuda ciudadana de lxs gobernantes - Habitaci\u00f3n Propia","og_description":"Por Lorena Gonz\u00e1lez-Bosc\u00f3 Los tiempos electorales conllevan al abandono de los cargos p\u00fablicos, sean estos producto de la elecci\u00f3n popular o por encargo, se sale de ellos para buscar la elecci\u00f3n o reelecci\u00f3n por parte del partido donde han encajado y se deja el trabajo confiado a un encargado de despacho u gobernante interinx, pero &hellip;","og_url":"https:\/\/habitacionpropia.mx\/index.php\/2024\/01\/06\/la-deuda-ciudadana-de-lxs-gobernantes\/","og_site_name":"Habitaci\u00f3n Propia","article_publisher":"https:\/\/www.facebook.com\/habitacionpropia.mx","article_published_time":"2024-01-06T17:56:40+00:00","article_modified_time":"2024-01-06T17:56:42+00:00","og_image":[{"width":2560,"height":1707,"url":"https:\/\/habitacionpropia.mx\/wp-content\/uploads\/2024\/01\/Deuda-ciudadana-scaled.jpg","type":"image\/jpeg"}],"author":"habitacionpropia.mx","twitter_card":"summary_large_image","twitter_misc":{"Escrito por":"habitacionpropia.mx","Tiempo de lectura":"2 minutos"},"schema":{"@context":"https:\/\/schema.org","@graph":[{"@type":"Article","@id":"https:\/\/habitacionpropia.mx\/index.php\/2024\/01\/06\/la-deuda-ciudadana-de-lxs-gobernantes\/#article","isPartOf":{"@id":"https:\/\/habitacionpropia.mx\/index.php\/2024\/01\/06\/la-deuda-ciudadana-de-lxs-gobernantes\/"},"author":{"name":"habitacionpropia.mx","@id":"https:\/\/habitacionpropia.mx\/#\/schema\/person\/e6f477ce61bfd09134d4ccd8b88fc12d"},"headline":"La deuda ciudadana de lxs gobernantes","datePublished":"2024-01-06T17:56:40+00:00","dateModified":"2024-01-06T17:56:42+00:00","mainEntityOfPage":{"@id":"https:\/\/habitacionpropia.mx\/index.php\/2024\/01\/06\/la-deuda-ciudadana-de-lxs-gobernantes\/"},"wordCount":364,"commentCount":0,"publisher":{"@id":"https:\/\/habitacionpropia.mx\/#organization"},"image":{"@id":"https:\/\/habitacionpropia.mx\/index.php\/2024\/01\/06\/la-deuda-ciudadana-de-lxs-gobernantes\/#primaryimage"},"thumbnailUrl":"https:\/\/habitacionpropia.mx\/wp-content\/uploads\/2024\/01\/Deuda-ciudadana-scaled.jpg","keywords":["administraci\u00f3n","ciudadan\u00eda","deuda","deuda ciudadana","elecciones","gesti\u00f3n","gobernantes","gobierno","licencias","pol\u00edtica"],"articleSection":["Casa Compartida"],"inLanguage":"es","potentialAction":[{"@type":"CommentAction","name":"Comment","target":["https:\/\/habitacionpropia.mx\/index.php\/2024\/01\/06\/la-deuda-ciudadana-de-lxs-gobernantes\/#respond"]}]},{"@type":"WebPage","@id":"https:\/\/habitacionpropia.mx\/index.php\/2024\/01\/06\/la-deuda-ciudadana-de-lxs-gobernantes\/","url":"https:\/\/habitacionpropia.mx\/index.php\/2024\/01\/06\/la-deuda-ciudadana-de-lxs-gobernantes\/","name":"La deuda ciudadana de lxs gobernantes - Habitaci\u00f3n Propia","isPartOf":{"@id":"https:\/\/habitacionpropia.mx\/#website"},"primaryImageOfPage":{"@id":"https:\/\/habitacionpropia.mx\/index.php\/2024\/01\/06\/la-deuda-ciudadana-de-lxs-gobernantes\/#primaryimage"},"image":{"@id":"https:\/\/habitacionpropia.mx\/index.php\/2024\/01\/06\/la-deuda-ciudadana-de-lxs-gobernantes\/#primaryimage"},"thumbnailUrl":"https:\/\/habitacionpropia.mx\/wp-content\/uploads\/2024\/01\/Deuda-ciudadana-scaled.jpg","datePublished":"2024-01-06T17:56:40+00:00","dateModified":"2024-01-06T17:56:42+00:00","breadcrumb":{"@id":"https:\/\/habitacionpropia.mx\/index.php\/2024\/01\/06\/la-deuda-ciudadana-de-lxs-gobernantes\/#breadcrumb"},"inLanguage":"es","potentialAction":[{"@type":"ReadAction","target":["https:\/\/habitacionpropia.mx\/index.php\/2024\/01\/06\/la-deuda-ciudadana-de-lxs-gobernantes\/"]}]},{"@type":"ImageObject","inLanguage":"es","@id":"https:\/\/habitacionpropia.mx\/index.php\/2024\/01\/06\/la-deuda-ciudadana-de-lxs-gobernantes\/#primaryimage","url":"https:\/\/habitacionpropia.mx\/wp-content\/uploads\/2024\/01\/Deuda-ciudadana-scaled.jpg","contentUrl":"https:\/\/habitacionpropia.mx\/wp-content\/uploads\/2024\/01\/Deuda-ciudadana-scaled.jpg","width":2560,"height":1707},{"@type":"BreadcrumbList","@id":"https:\/\/habitacionpropia.mx\/index.php\/2024\/01\/06\/la-deuda-ciudadana-de-lxs-gobernantes\/#breadcrumb","itemListElement":[{"@type":"ListItem","position":1,"name":"Inicio","item":"https:\/\/habitacionpropia.mx\/"},{"@type":"ListItem","position":2,"name":"La deuda ciudadana de lxs gobernantes"}]},{"@type":"WebSite","@id":"https:\/\/habitacionpropia.mx\/#website","url":"https:\/\/habitacionpropia.mx\/","name":"Habitaci\u00f3n Propia","description":"","publisher":{"@id":"https:\/\/habitacionpropia.mx\/#organization"},"potentialAction":[{"@type":"SearchAction","target":{"@type":"EntryPoint","urlTemplate":"https:\/\/habitacionpropia.mx\/?s={search_term_string}"},"query-input":{"@type":"PropertyValueSpecification","valueRequired":true,"valueName":"search_term_string"}}],"inLanguage":"es"},{"@type":"Organization","@id":"https:\/\/habitacionpropia.mx\/#organization","name":"Habitaci\u00f3n Propia","url":"https:\/\/habitacionpropia.mx\/","logo":{"@type":"ImageObject","inLanguage":"es","@id":"https:\/\/habitacionpropia.mx\/#\/schema\/logo\/image\/","url":"https:\/\/habitacionpropia.mx\/wp-content\/uploads\/2024\/01\/cropped-Logo-Final-1.png","contentUrl":"https:\/\/habitacionpropia.mx\/wp-content\/uploads\/2024\/01\/cropped-Logo-Final-1.png","width":846,"height":191,"caption":"Habitaci\u00f3n Propia"},"image":{"@id":"https:\/\/habitacionpropia.mx\/#\/schema\/logo\/image\/"},"sameAs":["https:\/\/www.facebook.com\/habitacionpropia.mx","https:\/\/www.instagram.com\/habitacionpropia.mx\/"]},{"@type":"Person","@id":"https:\/\/habitacionpropia.mx\/#\/schema\/person\/e6f477ce61bfd09134d4ccd8b88fc12d","name":"habitacionpropia.mx","image":{"@type":"ImageObject","inLanguage":"es","@id":"https:\/\/habitacionpropia.mx\/#\/schema\/person\/image\/","url":"https:\/\/secure.gravatar.com\/avatar\/79b4832f252ed058c38bb8616cfa9b2132a8dbec835fd4571c39578e75f17237?s=96&d=mm&r=g","contentUrl":"https:\/\/secure.gravatar.com\/avatar\/79b4832f252ed058c38bb8616cfa9b2132a8dbec835fd4571c39578e75f17237?s=96&d=mm&r=g","caption":"habitacionpropia.mx"},"sameAs":["http:\/\/habitacionpropia.mx"],"url":"https:\/\/habitacionpropia.mx\/index.php\/author\/habitacionpropia-mx\/"}]}},"jetpack_featured_media_url":"https:\/\/habitacionpropia.mx\/wp-content\/uploads\/2024\/01\/Deuda-ciudadana-scaled.jpg","jetpack_sharing_enabled":true,"_links":{"self":[{"href":"https:\/\/habitacionpropia.mx\/index.php\/wp-json\/wp\/v2\/posts\/71","targetHints":{"allow":["GET"]}}],"collection":[{"href":"https:\/\/habitacionpropia.mx\/index.php\/wp-json\/wp\/v2\/posts"}],"about":[{"href":"https:\/\/habitacionpropia.mx\/index.php\/wp-json\/wp\/v2\/types\/post"}],"author":[{"embeddable":true,"href":"https:\/\/habitacionpropia.mx\/index.php\/wp-json\/wp\/v2\/users\/1"}],"replies":[{"embeddable":true,"href":"https:\/\/habitacionpropia.mx\/index.php\/wp-json\/wp\/v2\/comments?post=71"}],"version-history":[{"count":2,"href":"https:\/\/habitacionpropia.mx\/index.php\/wp-json\/wp\/v2\/posts\/71\/revisions"}],"predecessor-version":[{"id":74,"href":"https:\/\/habitacionpropia.mx\/index.php\/wp-json\/wp\/v2\/posts\/71\/revisions\/74"}],"wp:featuredmedia":[{"embeddable":true,"href":"https:\/\/habitacionpropia.mx\/index.php\/wp-json\/wp\/v2\/media\/79"}],"wp:attachment":[{"href":"https:\/\/habitacionpropia.mx\/index.php\/wp-json\/wp\/v2\/media?parent=71"}],"wp:term":[{"taxonomy":"category","embeddable":true,"href":"https:\/\/habitacionpropia.mx\/index.php\/wp-json\/wp\/v2\/categories?post=71"},{"taxonomy":"post_tag","embeddable":true,"href":"https:\/\/habitacionpropia.mx\/index.php\/wp-json\/wp\/v2\/tags?post=71"}],"curies":[{"name":"wp","href":"https:\/\/api.w.org\/{rel}","templated":true}]}}