{"id":806,"date":"2025-03-11T23:48:42","date_gmt":"2025-03-11T23:48:42","guid":{"rendered":"https:\/\/habitacionpropia.mx\/?p=806"},"modified":"2025-03-12T00:02:38","modified_gmt":"2025-03-12T00:02:38","slug":"estudiantes-de-la-enes-continuan-exigiendo-condiciones-dignas-para-su-educacion","status":"publish","type":"post","link":"https:\/\/habitacionpropia.mx\/index.php\/2025\/03\/11\/estudiantes-de-la-enes-continuan-exigiendo-condiciones-dignas-para-su-educacion\/","title":{"rendered":"Estudiantes de la ENES contin\u00faan exigiendo condiciones dignas para su educaci\u00f3n"},"content":{"rendered":"\n<p><em><strong>El paro en la ENES contin\u00faa, pues no ha habido disculpa p\u00fablica, medidas de reparaci\u00f3n, ni acuerdos para mejorar las condiciones que exigen las y los estudiantes.<\/strong><\/em><\/p>\n\n\n\n<p><strong>Con pancartas en mano y consignas de justicia,<\/strong> estudiantes de la Escuela Nacional de Estudios Superiores (ENES) Unidad M\u00e9rida tomaron pac\u00edficamente las instalaciones del CEPHCIS para <strong>visibilizar las problem\u00e1ticas que enfrentan en su instituci\u00f3n. <\/strong><\/p>\n\n\n\n<blockquote class=\"wp-block-quote is-layout-flow wp-block-quote-is-layout-flow\">\n<p>&#8220;Mi carrera es pr\u00e1ctica, \u00bfy mis pr\u00e1cticas?&#8221;<\/p>\n<cite>se le\u00eda en una de las pancartas<\/cite><\/blockquote>\n\n\n\n<p>Su lucha, aseguran, no es nueva: <strong>llevan a\u00f1os denunciando carencias en infraestructura, falta de espacios de convivencia y la ausencia de un servicio m\u00e9dico adecuado,<\/strong> una situaci\u00f3n especialmente grave considerando que su escuela se encuentra en una carretera, lejos de centros de salud y rodeada de selva.<\/p>\n\n\n\n<p>Sin embargo, <strong>lo que deton\u00f3 esta manifestaci\u00f3n fue un acto de violencia y abuso de poder contra sus propias compa\u00f1eras. <\/strong>Estudiantes que venden alimentos dentro de la escuela para costear sus estudios fueron agredidas,<strong> situaci\u00f3n que tambi\u00e9n vulnera su dignidad y seguridad. <\/strong>Frente a este hecho, <strong>exigen un reconocimiento p\u00fablico de la agresi\u00f3n, una disculpa y medidas claras para garantizar que no vuelva a ocurrir.<\/strong><\/p>\n\n\n\n<blockquote class=\"wp-block-quote is-layout-flow wp-block-quote-is-layout-flow\">\n<p>&#8220;En la ENES pasa desapercibida la violencia, sin sanciones a los que la ejercen&#8221;<\/p>\n<cite>visibiliz\u00f3 otro cartel<\/cite><\/blockquote>\n\n\n\n<p><strong>Las v\u00edas institucionales han sido insuficientes. <\/strong>En su \u00faltima mesa de di\u00e1logo con las autoridades acad\u00e9micas, recibieron propuestas vagas, sin plazos claros y que trasladaban la responsabilidad de solucionar estos problemas a los propios estudiantes. Para ellos, esto es inaceptable.<\/p>\n\n\n\n<p>Las exigencias de la comunidad estudiantil son b\u00e1sicas, pero fundamentales:<\/p>\n\n\n\n<ul class=\"wp-block-list\">\n<li><strong>Condiciones dignas para estudiar<\/strong>.<\/li>\n\n\n\n<li><strong>Espacios de convivencia y recreaci\u00f3n<\/strong>.<\/li>\n\n\n\n<li><strong>Un servicio m\u00e9dico de urgencia<\/strong>.<\/li>\n\n\n\n<li><strong>Compromisos claros para prevenir y atender actos de violencia<\/strong>.<\/li>\n<\/ul>\n\n\n\n<p>&#8220;No buscamos confrontaci\u00f3n, solo exigimos que se nos escuche, se nos respete y se garantice nuestro derecho a una educaci\u00f3n segura y de calidad&#8221;, expresaron los estudiantes. <\/p>\n\n\n\n<p><strong>La lucha por una educaci\u00f3n digna no deber\u00eda ser una batalla constante, sino un derecho garantizado.<\/strong> La comunidad de la ENES M\u00e9rida deja claro que ya no est\u00e1 dispuesta a esperar. <strong>Exigen soluciones reales y las exigen ahora.<\/strong><\/p>\n\n\n\n<p><em><strong>Tambi\u00e9n podr\u00eda interesarte&#8230;<\/strong><\/em><\/p>\n\n\n\n<figure class=\"wp-block-embed is-type-wp-embed is-provider-habitaci-n-propia wp-block-embed-habitaci-n-propia\"><div class=\"wp-block-embed__wrapper\">\n<blockquote class=\"wp-embedded-content\" data-secret=\"VkbBCmlbw0\"><a href=\"https:\/\/habitacionpropia.mx\/index.php\/2025\/02\/21\/estudiantes-se-unen-contra-la-violencia-en-la-enes\/\">Estudiantes se unen contra la violencia en la ENES<\/a><\/blockquote><iframe loading=\"lazy\" class=\"wp-embedded-content\" sandbox=\"allow-scripts\" security=\"restricted\" style=\"position: absolute; clip: rect(1px, 1px, 1px, 1px);\" title=\"&#8220;Estudiantes se unen contra la violencia en la ENES&#8221; &#8212; Habitaci\u00f3n Propia\" src=\"https:\/\/habitacionpropia.mx\/index.php\/2025\/02\/21\/estudiantes-se-unen-contra-la-violencia-en-la-enes\/embed\/#?secret=Mt4UN1eK0u#?secret=VkbBCmlbw0\" data-secret=\"VkbBCmlbw0\" width=\"600\" height=\"338\" frameborder=\"0\" marginwidth=\"0\" marginheight=\"0\" scrolling=\"no\"><\/iframe>\n<\/div><\/figure>\n\n\n\n<figure class=\"wp-block-image size-large\"><img loading=\"lazy\" decoding=\"async\" width=\"1024\" height=\"512\" src=\"http:\/\/habitacionpropia.mx\/wp-content\/uploads\/2024\/11\/Publicidad3-1024x512.png\" alt=\"\" class=\"wp-image-515\" srcset=\"https:\/\/habitacionpropia.mx\/wp-content\/uploads\/2024\/11\/Publicidad3-1024x512.png 1024w, https:\/\/habitacionpropia.mx\/wp-content\/uploads\/2024\/11\/Publicidad3-300x150.png 300w, https:\/\/habitacionpropia.mx\/wp-content\/uploads\/2024\/11\/Publicidad3-768x384.png 768w, https:\/\/habitacionpropia.mx\/wp-content\/uploads\/2024\/11\/Publicidad3-1536x768.png 1536w, https:\/\/habitacionpropia.mx\/wp-content\/uploads\/2024\/11\/Publicidad3-2048x1024.png 2048w, https:\/\/habitacionpropia.mx\/wp-content\/uploads\/2024\/11\/Publicidad3-120x60.png 120w\" sizes=\"auto, (max-width: 1024px) 100vw, 1024px\" \/><\/figure>\n","protected":false},"excerpt":{"rendered":"<p>El paro en la ENES contin\u00faa, pues no ha habido disculpa p\u00fablica, medidas de reparaci\u00f3n, ni acuerdos para mejorar las condiciones que exigen las y los estudiantes. Con pancartas en mano y consignas de justicia, estudiantes de la Escuela Nacional de Estudios Superiores (ENES) Unidad M\u00e9rida tomaron pac\u00edficamente las instalaciones del CEPHCIS para visibilizar las &hellip; <\/p>\n","protected":false},"author":4,"featured_media":743,"comment_status":"open","ping_status":"open","sticky":false,"template":"","format":"standard","meta":{"om_disable_all_campaigns":false,"_monsterinsights_skip_tracking":false,"_monsterinsights_sitenote_active":false,"_monsterinsights_sitenote_note":"","_monsterinsights_sitenote_category":0,"jetpack_post_was_ever_published":false,"_jetpack_newsletter_access":"","_jetpack_dont_email_post_to_subs":false,"_jetpack_newsletter_tier_id":0,"_jetpack_memberships_contains_paywalled_content":false,"_jetpack_memberships_contains_paid_content":false,"footnotes":""},"categories":[156],"tags":[271,269,87,20,259,270,86],"class_list":["post-806","post","type-post","status-publish","format-standard","has-post-thumbnail","hentry","category-denuncias","tag-cephcis","tag-enes","tag-estudiantes","tag-lucha","tag-manifestacion","tag-universidad","tag-yucatan"],"yoast_head":"<!-- This site is optimized with the Yoast SEO plugin v25.7 - https:\/\/yoast.com\/wordpress\/plugins\/seo\/ -->\n<title>Estudiantes de la ENES contin\u00faan exigiendo condiciones dignas para su educaci\u00f3n - Habitaci\u00f3n Propia<\/title>\n<meta name=\"robots\" content=\"index, follow, max-snippet:-1, max-image-preview:large, max-video-preview:-1\" \/>\n<link rel=\"canonical\" href=\"https:\/\/habitacionpropia.mx\/index.php\/2025\/03\/11\/estudiantes-de-la-enes-continuan-exigiendo-condiciones-dignas-para-su-educacion\/\" \/>\n<meta property=\"og:locale\" content=\"es_MX\" \/>\n<meta property=\"og:type\" content=\"article\" \/>\n<meta property=\"og:title\" content=\"Estudiantes de la ENES contin\u00faan exigiendo condiciones dignas para su educaci\u00f3n - Habitaci\u00f3n Propia\" \/>\n<meta property=\"og:description\" content=\"El paro en la ENES contin\u00faa, pues no ha habido disculpa p\u00fablica, medidas de reparaci\u00f3n, ni acuerdos para mejorar las condiciones que exigen las y los estudiantes. Con pancartas en mano y consignas de justicia, estudiantes de la Escuela Nacional de Estudios Superiores (ENES) Unidad M\u00e9rida tomaron pac\u00edficamente las instalaciones del CEPHCIS para visibilizar las &hellip;\" \/>\n<meta property=\"og:url\" content=\"https:\/\/habitacionpropia.mx\/index.php\/2025\/03\/11\/estudiantes-de-la-enes-continuan-exigiendo-condiciones-dignas-para-su-educacion\/\" \/>\n<meta property=\"og:site_name\" content=\"Habitaci\u00f3n Propia\" \/>\n<meta property=\"article:publisher\" content=\"https:\/\/www.facebook.com\/habitacionpropia.mx\" \/>\n<meta property=\"article:published_time\" content=\"2025-03-11T23:48:42+00:00\" \/>\n<meta property=\"article:modified_time\" content=\"2025-03-12T00:02:38+00:00\" \/>\n<meta property=\"og:image\" content=\"http:\/\/habitacionpropia.mx\/wp-content\/uploads\/2025\/02\/IMG_9240-scaled.jpg\" \/>\n\t<meta property=\"og:image:width\" content=\"2560\" \/>\n\t<meta property=\"og:image:height\" content=\"1707\" \/>\n\t<meta property=\"og:image:type\" content=\"image\/jpeg\" \/>\n<meta name=\"author\" content=\"Redacci\u00f3n\" \/>\n<meta name=\"twitter:card\" content=\"summary_large_image\" \/>\n<meta name=\"twitter:label1\" content=\"Escrito por\" \/>\n\t<meta name=\"twitter:data1\" content=\"Redacci\u00f3n\" \/>\n\t<meta name=\"twitter:label2\" content=\"Tiempo de lectura\" \/>\n\t<meta name=\"twitter:data2\" content=\"2 minutos\" \/>\n<script type=\"application\/ld+json\" class=\"yoast-schema-graph\">{\"@context\":\"https:\/\/schema.org\",\"@graph\":[{\"@type\":\"Article\",\"@id\":\"https:\/\/habitacionpropia.mx\/index.php\/2025\/03\/11\/estudiantes-de-la-enes-continuan-exigiendo-condiciones-dignas-para-su-educacion\/#article\",\"isPartOf\":{\"@id\":\"https:\/\/habitacionpropia.mx\/index.php\/2025\/03\/11\/estudiantes-de-la-enes-continuan-exigiendo-condiciones-dignas-para-su-educacion\/\"},\"author\":{\"name\":\"Redacci\u00f3n\",\"@id\":\"https:\/\/habitacionpropia.mx\/#\/schema\/person\/a5d7d1860aaa98c0ffafe5e7c4a203d6\"},\"headline\":\"Estudiantes de la ENES contin\u00faan exigiendo condiciones dignas para su educaci\u00f3n\",\"datePublished\":\"2025-03-11T23:48:42+00:00\",\"dateModified\":\"2025-03-12T00:02:38+00:00\",\"mainEntityOfPage\":{\"@id\":\"https:\/\/habitacionpropia.mx\/index.php\/2025\/03\/11\/estudiantes-de-la-enes-continuan-exigiendo-condiciones-dignas-para-su-educacion\/\"},\"wordCount\":396,\"commentCount\":0,\"publisher\":{\"@id\":\"https:\/\/habitacionpropia.mx\/#organization\"},\"image\":{\"@id\":\"https:\/\/habitacionpropia.mx\/index.php\/2025\/03\/11\/estudiantes-de-la-enes-continuan-exigiendo-condiciones-dignas-para-su-educacion\/#primaryimage\"},\"thumbnailUrl\":\"https:\/\/habitacionpropia.mx\/wp-content\/uploads\/2025\/02\/IMG_9240-scaled.jpg\",\"keywords\":[\"CEPHCIS\",\"ENES\",\"Estudiantes\",\"Lucha\",\"manifestaci\u00f3n\",\"universidad\",\"Yucat\u00e1n\"],\"articleSection\":[\"Denuncias\"],\"inLanguage\":\"es\",\"potentialAction\":[{\"@type\":\"CommentAction\",\"name\":\"Comment\",\"target\":[\"https:\/\/habitacionpropia.mx\/index.php\/2025\/03\/11\/estudiantes-de-la-enes-continuan-exigiendo-condiciones-dignas-para-su-educacion\/#respond\"]}]},{\"@type\":\"WebPage\",\"@id\":\"https:\/\/habitacionpropia.mx\/index.php\/2025\/03\/11\/estudiantes-de-la-enes-continuan-exigiendo-condiciones-dignas-para-su-educacion\/\",\"url\":\"https:\/\/habitacionpropia.mx\/index.php\/2025\/03\/11\/estudiantes-de-la-enes-continuan-exigiendo-condiciones-dignas-para-su-educacion\/\",\"name\":\"Estudiantes de la ENES contin\u00faan exigiendo condiciones dignas para su educaci\u00f3n - Habitaci\u00f3n Propia\",\"isPartOf\":{\"@id\":\"https:\/\/habitacionpropia.mx\/#website\"},\"primaryImageOfPage\":{\"@id\":\"https:\/\/habitacionpropia.mx\/index.php\/2025\/03\/11\/estudiantes-de-la-enes-continuan-exigiendo-condiciones-dignas-para-su-educacion\/#primaryimage\"},\"image\":{\"@id\":\"https:\/\/habitacionpropia.mx\/index.php\/2025\/03\/11\/estudiantes-de-la-enes-continuan-exigiendo-condiciones-dignas-para-su-educacion\/#primaryimage\"},\"thumbnailUrl\":\"https:\/\/habitacionpropia.mx\/wp-content\/uploads\/2025\/02\/IMG_9240-scaled.jpg\",\"datePublished\":\"2025-03-11T23:48:42+00:00\",\"dateModified\":\"2025-03-12T00:02:38+00:00\",\"breadcrumb\":{\"@id\":\"https:\/\/habitacionpropia.mx\/index.php\/2025\/03\/11\/estudiantes-de-la-enes-continuan-exigiendo-condiciones-dignas-para-su-educacion\/#breadcrumb\"},\"inLanguage\":\"es\",\"potentialAction\":[{\"@type\":\"ReadAction\",\"target\":[\"https:\/\/habitacionpropia.mx\/index.php\/2025\/03\/11\/estudiantes-de-la-enes-continuan-exigiendo-condiciones-dignas-para-su-educacion\/\"]}]},{\"@type\":\"ImageObject\",\"inLanguage\":\"es\",\"@id\":\"https:\/\/habitacionpropia.mx\/index.php\/2025\/03\/11\/estudiantes-de-la-enes-continuan-exigiendo-condiciones-dignas-para-su-educacion\/#primaryimage\",\"url\":\"https:\/\/habitacionpropia.mx\/wp-content\/uploads\/2025\/02\/IMG_9240-scaled.jpg\",\"contentUrl\":\"https:\/\/habitacionpropia.mx\/wp-content\/uploads\/2025\/02\/IMG_9240-scaled.jpg\",\"width\":2560,\"height\":1707},{\"@type\":\"BreadcrumbList\",\"@id\":\"https:\/\/habitacionpropia.mx\/index.php\/2025\/03\/11\/estudiantes-de-la-enes-continuan-exigiendo-condiciones-dignas-para-su-educacion\/#breadcrumb\",\"itemListElement\":[{\"@type\":\"ListItem\",\"position\":1,\"name\":\"Inicio\",\"item\":\"https:\/\/habitacionpropia.mx\/\"},{\"@type\":\"ListItem\",\"position\":2,\"name\":\"Estudiantes de la ENES contin\u00faan exigiendo condiciones dignas para su educaci\u00f3n\"}]},{\"@type\":\"WebSite\",\"@id\":\"https:\/\/habitacionpropia.mx\/#website\",\"url\":\"https:\/\/habitacionpropia.mx\/\",\"name\":\"Habitaci\u00f3n Propia\",\"description\":\"\",\"publisher\":{\"@id\":\"https:\/\/habitacionpropia.mx\/#organization\"},\"potentialAction\":[{\"@type\":\"SearchAction\",\"target\":{\"@type\":\"EntryPoint\",\"urlTemplate\":\"https:\/\/habitacionpropia.mx\/?s={search_term_string}\"},\"query-input\":{\"@type\":\"PropertyValueSpecification\",\"valueRequired\":true,\"valueName\":\"search_term_string\"}}],\"inLanguage\":\"es\"},{\"@type\":\"Organization\",\"@id\":\"https:\/\/habitacionpropia.mx\/#organization\",\"name\":\"Habitaci\u00f3n Propia\",\"url\":\"https:\/\/habitacionpropia.mx\/\",\"logo\":{\"@type\":\"ImageObject\",\"inLanguage\":\"es\",\"@id\":\"https:\/\/habitacionpropia.mx\/#\/schema\/logo\/image\/\",\"url\":\"https:\/\/habitacionpropia.mx\/wp-content\/uploads\/2024\/01\/cropped-Logo-Final-1.png\",\"contentUrl\":\"https:\/\/habitacionpropia.mx\/wp-content\/uploads\/2024\/01\/cropped-Logo-Final-1.png\",\"width\":846,\"height\":191,\"caption\":\"Habitaci\u00f3n Propia\"},\"image\":{\"@id\":\"https:\/\/habitacionpropia.mx\/#\/schema\/logo\/image\/\"},\"sameAs\":[\"https:\/\/www.facebook.com\/habitacionpropia.mx\",\"https:\/\/www.instagram.com\/habitacionpropia.mx\/\"]},{\"@type\":\"Person\",\"@id\":\"https:\/\/habitacionpropia.mx\/#\/schema\/person\/a5d7d1860aaa98c0ffafe5e7c4a203d6\",\"name\":\"Redacci\u00f3n\",\"image\":{\"@type\":\"ImageObject\",\"inLanguage\":\"es\",\"@id\":\"https:\/\/habitacionpropia.mx\/#\/schema\/person\/image\/\",\"url\":\"https:\/\/secure.gravatar.com\/avatar\/bbd2d6dd1b1688ce810f4e8a7fb119404f27b95517081c9e3e05be9c8e82c0e2?s=96&d=mm&r=g\",\"contentUrl\":\"https:\/\/secure.gravatar.com\/avatar\/bbd2d6dd1b1688ce810f4e8a7fb119404f27b95517081c9e3e05be9c8e82c0e2?s=96&d=mm&r=g\",\"caption\":\"Redacci\u00f3n\"},\"url\":\"https:\/\/habitacionpropia.mx\/index.php\/author\/redaccion\/\"}]}<\/script>\n<!-- \/ Yoast SEO plugin. -->","yoast_head_json":{"title":"Estudiantes de la ENES contin\u00faan exigiendo condiciones dignas para su educaci\u00f3n - Habitaci\u00f3n Propia","robots":{"index":"index","follow":"follow","max-snippet":"max-snippet:-1","max-image-preview":"max-image-preview:large","max-video-preview":"max-video-preview:-1"},"canonical":"https:\/\/habitacionpropia.mx\/index.php\/2025\/03\/11\/estudiantes-de-la-enes-continuan-exigiendo-condiciones-dignas-para-su-educacion\/","og_locale":"es_MX","og_type":"article","og_title":"Estudiantes de la ENES contin\u00faan exigiendo condiciones dignas para su educaci\u00f3n - Habitaci\u00f3n Propia","og_description":"El paro en la ENES contin\u00faa, pues no ha habido disculpa p\u00fablica, medidas de reparaci\u00f3n, ni acuerdos para mejorar las condiciones que exigen las y los estudiantes. Con pancartas en mano y consignas de justicia, estudiantes de la Escuela Nacional de Estudios Superiores (ENES) Unidad M\u00e9rida tomaron pac\u00edficamente las instalaciones del CEPHCIS para visibilizar las &hellip;","og_url":"https:\/\/habitacionpropia.mx\/index.php\/2025\/03\/11\/estudiantes-de-la-enes-continuan-exigiendo-condiciones-dignas-para-su-educacion\/","og_site_name":"Habitaci\u00f3n Propia","article_publisher":"https:\/\/www.facebook.com\/habitacionpropia.mx","article_published_time":"2025-03-11T23:48:42+00:00","article_modified_time":"2025-03-12T00:02:38+00:00","og_image":[{"width":2560,"height":1707,"url":"http:\/\/habitacionpropia.mx\/wp-content\/uploads\/2025\/02\/IMG_9240-scaled.jpg","type":"image\/jpeg"}],"author":"Redacci\u00f3n","twitter_card":"summary_large_image","twitter_misc":{"Escrito por":"Redacci\u00f3n","Tiempo de lectura":"2 minutos"},"schema":{"@context":"https:\/\/schema.org","@graph":[{"@type":"Article","@id":"https:\/\/habitacionpropia.mx\/index.php\/2025\/03\/11\/estudiantes-de-la-enes-continuan-exigiendo-condiciones-dignas-para-su-educacion\/#article","isPartOf":{"@id":"https:\/\/habitacionpropia.mx\/index.php\/2025\/03\/11\/estudiantes-de-la-enes-continuan-exigiendo-condiciones-dignas-para-su-educacion\/"},"author":{"name":"Redacci\u00f3n","@id":"https:\/\/habitacionpropia.mx\/#\/schema\/person\/a5d7d1860aaa98c0ffafe5e7c4a203d6"},"headline":"Estudiantes de la ENES contin\u00faan exigiendo condiciones dignas para su educaci\u00f3n","datePublished":"2025-03-11T23:48:42+00:00","dateModified":"2025-03-12T00:02:38+00:00","mainEntityOfPage":{"@id":"https:\/\/habitacionpropia.mx\/index.php\/2025\/03\/11\/estudiantes-de-la-enes-continuan-exigiendo-condiciones-dignas-para-su-educacion\/"},"wordCount":396,"commentCount":0,"publisher":{"@id":"https:\/\/habitacionpropia.mx\/#organization"},"image":{"@id":"https:\/\/habitacionpropia.mx\/index.php\/2025\/03\/11\/estudiantes-de-la-enes-continuan-exigiendo-condiciones-dignas-para-su-educacion\/#primaryimage"},"thumbnailUrl":"https:\/\/habitacionpropia.mx\/wp-content\/uploads\/2025\/02\/IMG_9240-scaled.jpg","keywords":["CEPHCIS","ENES","Estudiantes","Lucha","manifestaci\u00f3n","universidad","Yucat\u00e1n"],"articleSection":["Denuncias"],"inLanguage":"es","potentialAction":[{"@type":"CommentAction","name":"Comment","target":["https:\/\/habitacionpropia.mx\/index.php\/2025\/03\/11\/estudiantes-de-la-enes-continuan-exigiendo-condiciones-dignas-para-su-educacion\/#respond"]}]},{"@type":"WebPage","@id":"https:\/\/habitacionpropia.mx\/index.php\/2025\/03\/11\/estudiantes-de-la-enes-continuan-exigiendo-condiciones-dignas-para-su-educacion\/","url":"https:\/\/habitacionpropia.mx\/index.php\/2025\/03\/11\/estudiantes-de-la-enes-continuan-exigiendo-condiciones-dignas-para-su-educacion\/","name":"Estudiantes de la ENES contin\u00faan exigiendo condiciones dignas para su educaci\u00f3n - Habitaci\u00f3n Propia","isPartOf":{"@id":"https:\/\/habitacionpropia.mx\/#website"},"primaryImageOfPage":{"@id":"https:\/\/habitacionpropia.mx\/index.php\/2025\/03\/11\/estudiantes-de-la-enes-continuan-exigiendo-condiciones-dignas-para-su-educacion\/#primaryimage"},"image":{"@id":"https:\/\/habitacionpropia.mx\/index.php\/2025\/03\/11\/estudiantes-de-la-enes-continuan-exigiendo-condiciones-dignas-para-su-educacion\/#primaryimage"},"thumbnailUrl":"https:\/\/habitacionpropia.mx\/wp-content\/uploads\/2025\/02\/IMG_9240-scaled.jpg","datePublished":"2025-03-11T23:48:42+00:00","dateModified":"2025-03-12T00:02:38+00:00","breadcrumb":{"@id":"https:\/\/habitacionpropia.mx\/index.php\/2025\/03\/11\/estudiantes-de-la-enes-continuan-exigiendo-condiciones-dignas-para-su-educacion\/#breadcrumb"},"inLanguage":"es","potentialAction":[{"@type":"ReadAction","target":["https:\/\/habitacionpropia.mx\/index.php\/2025\/03\/11\/estudiantes-de-la-enes-continuan-exigiendo-condiciones-dignas-para-su-educacion\/"]}]},{"@type":"ImageObject","inLanguage":"es","@id":"https:\/\/habitacionpropia.mx\/index.php\/2025\/03\/11\/estudiantes-de-la-enes-continuan-exigiendo-condiciones-dignas-para-su-educacion\/#primaryimage","url":"https:\/\/habitacionpropia.mx\/wp-content\/uploads\/2025\/02\/IMG_9240-scaled.jpg","contentUrl":"https:\/\/habitacionpropia.mx\/wp-content\/uploads\/2025\/02\/IMG_9240-scaled.jpg","width":2560,"height":1707},{"@type":"BreadcrumbList","@id":"https:\/\/habitacionpropia.mx\/index.php\/2025\/03\/11\/estudiantes-de-la-enes-continuan-exigiendo-condiciones-dignas-para-su-educacion\/#breadcrumb","itemListElement":[{"@type":"ListItem","position":1,"name":"Inicio","item":"https:\/\/habitacionpropia.mx\/"},{"@type":"ListItem","position":2,"name":"Estudiantes de la ENES contin\u00faan exigiendo condiciones dignas para su educaci\u00f3n"}]},{"@type":"WebSite","@id":"https:\/\/habitacionpropia.mx\/#website","url":"https:\/\/habitacionpropia.mx\/","name":"Habitaci\u00f3n Propia","description":"","publisher":{"@id":"https:\/\/habitacionpropia.mx\/#organization"},"potentialAction":[{"@type":"SearchAction","target":{"@type":"EntryPoint","urlTemplate":"https:\/\/habitacionpropia.mx\/?s={search_term_string}"},"query-input":{"@type":"PropertyValueSpecification","valueRequired":true,"valueName":"search_term_string"}}],"inLanguage":"es"},{"@type":"Organization","@id":"https:\/\/habitacionpropia.mx\/#organization","name":"Habitaci\u00f3n Propia","url":"https:\/\/habitacionpropia.mx\/","logo":{"@type":"ImageObject","inLanguage":"es","@id":"https:\/\/habitacionpropia.mx\/#\/schema\/logo\/image\/","url":"https:\/\/habitacionpropia.mx\/wp-content\/uploads\/2024\/01\/cropped-Logo-Final-1.png","contentUrl":"https:\/\/habitacionpropia.mx\/wp-content\/uploads\/2024\/01\/cropped-Logo-Final-1.png","width":846,"height":191,"caption":"Habitaci\u00f3n Propia"},"image":{"@id":"https:\/\/habitacionpropia.mx\/#\/schema\/logo\/image\/"},"sameAs":["https:\/\/www.facebook.com\/habitacionpropia.mx","https:\/\/www.instagram.com\/habitacionpropia.mx\/"]},{"@type":"Person","@id":"https:\/\/habitacionpropia.mx\/#\/schema\/person\/a5d7d1860aaa98c0ffafe5e7c4a203d6","name":"Redacci\u00f3n","image":{"@type":"ImageObject","inLanguage":"es","@id":"https:\/\/habitacionpropia.mx\/#\/schema\/person\/image\/","url":"https:\/\/secure.gravatar.com\/avatar\/bbd2d6dd1b1688ce810f4e8a7fb119404f27b95517081c9e3e05be9c8e82c0e2?s=96&d=mm&r=g","contentUrl":"https:\/\/secure.gravatar.com\/avatar\/bbd2d6dd1b1688ce810f4e8a7fb119404f27b95517081c9e3e05be9c8e82c0e2?s=96&d=mm&r=g","caption":"Redacci\u00f3n"},"url":"https:\/\/habitacionpropia.mx\/index.php\/author\/redaccion\/"}]}},"jetpack_featured_media_url":"https:\/\/habitacionpropia.mx\/wp-content\/uploads\/2025\/02\/IMG_9240-scaled.jpg","jetpack_sharing_enabled":true,"_links":{"self":[{"href":"https:\/\/habitacionpropia.mx\/index.php\/wp-json\/wp\/v2\/posts\/806","targetHints":{"allow":["GET"]}}],"collection":[{"href":"https:\/\/habitacionpropia.mx\/index.php\/wp-json\/wp\/v2\/posts"}],"about":[{"href":"https:\/\/habitacionpropia.mx\/index.php\/wp-json\/wp\/v2\/types\/post"}],"author":[{"embeddable":true,"href":"https:\/\/habitacionpropia.mx\/index.php\/wp-json\/wp\/v2\/users\/4"}],"replies":[{"embeddable":true,"href":"https:\/\/habitacionpropia.mx\/index.php\/wp-json\/wp\/v2\/comments?post=806"}],"version-history":[{"count":2,"href":"https:\/\/habitacionpropia.mx\/index.php\/wp-json\/wp\/v2\/posts\/806\/revisions"}],"predecessor-version":[{"id":810,"href":"https:\/\/habitacionpropia.mx\/index.php\/wp-json\/wp\/v2\/posts\/806\/revisions\/810"}],"wp:featuredmedia":[{"embeddable":true,"href":"https:\/\/habitacionpropia.mx\/index.php\/wp-json\/wp\/v2\/media\/743"}],"wp:attachment":[{"href":"https:\/\/habitacionpropia.mx\/index.php\/wp-json\/wp\/v2\/media?parent=806"}],"wp:term":[{"taxonomy":"category","embeddable":true,"href":"https:\/\/habitacionpropia.mx\/index.php\/wp-json\/wp\/v2\/categories?post=806"},{"taxonomy":"post_tag","embeddable":true,"href":"https:\/\/habitacionpropia.mx\/index.php\/wp-json\/wp\/v2\/tags?post=806"}],"curies":[{"name":"wp","href":"https:\/\/api.w.org\/{rel}","templated":true}]}}