{"id":890,"date":"2025-05-06T17:56:07","date_gmt":"2025-05-06T17:56:07","guid":{"rendered":"https:\/\/habitacionpropia.mx\/?p=890"},"modified":"2025-05-06T18:04:29","modified_gmt":"2025-05-06T18:04:29","slug":"viviendo-la-vida-con-musica-suave","status":"publish","type":"post","link":"https:\/\/habitacionpropia.mx\/index.php\/2025\/05\/06\/viviendo-la-vida-con-musica-suave\/","title":{"rendered":"Viviendo la vida con m\u00fasica suave"},"content":{"rendered":"\n<p class=\"wp-block-paragraph\"><strong>Dos a\u00f1os y medio fueron complicad\u00edsimos emocional y econ\u00f3micamente, porque parece que de repente va un poco ligada una cosa con la otra.<\/strong><\/p>\n\n\n\n<p class=\"wp-block-paragraph\">Entre todo el esfuerzo diario, hab\u00eda periodos en los que me volv\u00eda completamente pesimista. Quiz\u00e1 por el hast\u00edo y el cansancio de luchar en medio de la exigencia de la vida adulta con toques de super productividad.<\/p>\n\n\n\n<p class=\"wp-block-paragraph\">Antes de iniciar este 2025 tuve la intenci\u00f3n, como prop\u00f3sito principal:<strong> ser m\u00e1s agradecida.<\/strong><\/p>\n\n\n\n<p class=\"wp-block-paragraph\">Decid\u00ed que mis d\u00edas iniciar\u00edan y terminar\u00edan con un agradecimiento al universo y a lxs diosxs (desde mis creencias).<\/p>\n\n\n\n<p class=\"wp-block-paragraph\">Casualmente para esos d\u00edas lleg\u00f3 a mi repertorio musical la canci\u00f3n <a href=\"https:\/\/open.spotify.com\/track\/1xgEvJ6oPN3mTd99tY6RQ5?si=LxMW2h39QC2CAuD79lvSFg\"><strong>&#8220;Igual no debo&#8221; de Erich.<\/strong><\/a> Me explot\u00f3 la emoci\u00f3n.<\/p>\n\n\n\n<pre class=\"wp-block-verse\"><em><strong>\u201cIgual no debo de quejarme de la vida\n\nPorque la vida me sorprende cada d\u00eda\n\nY aunque la vida me ha sacado mil heridas\n\nNunca ha borrado por completo mi sonrisa\u201d<\/strong><\/em><\/pre>\n\n\n\n<p class=\"wp-block-paragraph\">Esas primeras l\u00edneas me hicieron click porque pens\u00e9: eso, justo eso quiz\u00e1 debo hacer. <strong>No quejarme tanto de la vida.<\/strong><\/p>\n\n\n\n<p class=\"wp-block-paragraph\">No es el tipo de m\u00fasica que suelo escuchar, pero me agrad\u00f3. <strong>Sent\u00ed un acompa\u00f1amiento tremendo, cre\u00ed que alguien de verdad hab\u00eda entendido lo que sent\u00eda <\/strong>y a\u00fan mejor, lo que necesitaba. Sentir que no todo est\u00e1 tan perdido y que<strong> hay motivos para vivir, sonre\u00edr, abrazar, querer y querer seguir aqu\u00ed.<\/strong><\/p>\n\n\n\n<h5 class=\"wp-block-heading\">Dije: esta ser\u00e1 mi canci\u00f3n de 2025.<\/h5>\n\n\n\n<p class=\"wp-block-paragraph\">Al poco tiempo, una amiga me recomend\u00f3 otra canci\u00f3n llamada <a href=\"https:\/\/open.spotify.com\/track\/1dXfyBNV1Dv6Qj73bCtdrk?si=S9_9mcdEQiakOmKAJA0mPg\">\u201cQuerida yo\u201d<\/a>&nbsp;de Yami Safdie en compa\u00f1\u00eda de Camilo y aunque este \u00faltimo no me cae muy bien por prejuicios personales, me atrev\u00ed a escucharla.<\/p>\n\n\n\n<p class=\"wp-block-paragraph\">Llor\u00e9, llor\u00e9 porque sent\u00ed que muchas veces falta hacer \u00e9nfasis en el autorreconocimiento, m\u00e1s que esperarlo de fuera.<\/p>\n\n\n\n<pre class=\"wp-block-verse\"><em><strong>\u201cQuerida yo, conf\u00edo en nosotras\n\nLo est\u00e1s haciendo bien\n\nTe espero del otro lado\n\nAc\u00e1 hay tanto para ver\n\nQuerida yo, la vida es rara\n\nY le gusta dar mil vueltas\n\nHay que caminar un poco\n\nGolpear un par de puertas\u201d<\/strong><\/em><\/pre>\n\n\n\n<p class=\"wp-block-paragraph\">Despu\u00e9s de escuchar la letra completa, mi fin siguiente fue <strong>enviar la sugerencia a todas mis amigas, porque estoy casi segura que muchas pasamos por la necesidad de aprobaci\u00f3n y cuando no la conseguimos, pensamos que nada de lo que hacemos vale la pena.<\/strong><\/p>\n\n\n\n<p class=\"wp-block-paragraph\">Fue ah\u00ed cuando coincid\u00ed con una de ellas, Cecy Abreu y compartimos otras canciones que al un\u00edsono denominamos como \u201cm\u00fasica suave\u201d.<\/p>\n\n\n\n<p class=\"wp-block-paragraph\">\u00bfPor qu\u00e9 es suave? Por eso, <strong>porque es la que te acaricia el alma,<\/strong> <strong>la que te da un abracito, la que te acompa\u00f1a en momentos de incertidumbre y al mismo tiempo te provoca esperanzas.<\/strong><\/p>\n\n\n\n<h5 class=\"wp-block-heading\">Pensar que, en medio de todo este mundo con muchos problemas, todo estar\u00e1 bien, calma poquito las dudas, la ansiedad.<\/h5>\n\n\n\n<p class=\"wp-block-paragraph\">D\u00edganos \u201crom\u00e1nticas\u201d, n\u00f3mbrenos \u201cilusas\u201d, pero justo eso, <strong>sentir un mundo suavecito es una necesidad, es una urgencia.<\/strong><\/p>\n\n\n\n<p class=\"wp-block-paragraph\"><\/p>\n\n\n\n<p class=\"has-medium-font-size wp-block-paragraph\">Puedes unirte a este mundo musical suavecito en la <strong><a href=\"https:\/\/open.spotify.com\/playlist\/3LMkea1mgcYd9SLvfI6uqN?si=UU7VMF8LT-WoDCuH6yweWQ&amp;pt=eb0659e550b2a23c82dcb8116e14da6c&amp;pi=IMKbZ6qdTQuBZ\">playlist<\/a> <\/strong>que creamos para <strong>compartirnos esperanza, apapachos, calma&#8230; en comunidad.<\/strong><\/p>\n\n\n\n<p class=\"wp-block-paragraph\"><\/p>\n\n\n\n<hr class=\"wp-block-separator has-alpha-channel-opacity\"\/>\n\n\n\n<p class=\"has-medium-font-size wp-block-paragraph\"><strong>Nuestras \u00faltimas noticias<\/strong><\/p>\n\n\n\n<div class=\"wp-block-query is-layout-flow wp-block-query-is-layout-flow\"><ul class=\"wp-block-post-template is-layout-flow wp-block-post-template-is-layout-flow\"><li class=\"wp-block-post post-2115 post type-post status-publish format-standard has-post-thumbnail hentry category-casa-compartida\">\n\n<div class=\"wp-block-columns alignwide is-layout-flex wp-container-core-columns-is-layout-8f761849 wp-block-columns-is-layout-flex\">\n<div class=\"wp-block-column is-layout-flow wp-block-column-is-layout-flow\" style=\"flex-basis:66.66%\"><figure class=\"wp-block-post-featured-image\"><a href=\"https:\/\/habitacionpropia.mx\/index.php\/2026\/08\/17\/los-derechos-a-las-audiencias-incluye-lista-de-cotejo-para-criticos-del-sistema\/\" target=\"_self\"  ><img loading=\"lazy\" decoding=\"async\" width=\"1738\" height=\"1160\" src=\"https:\/\/habitacionpropia.mx\/wp-content\/uploads\/2026\/08\/image.png\" class=\"attachment-post-thumbnail size-post-thumbnail wp-post-image\" alt=\"Los derechos a las audiencias incluye lista de cotejo para cr\u00edticos del sistema\" style=\"object-fit:cover;\" srcset=\"https:\/\/habitacionpropia.mx\/wp-content\/uploads\/2026\/08\/image.png 1738w, https:\/\/habitacionpropia.mx\/wp-content\/uploads\/2026\/08\/image-300x200.png 300w, https:\/\/habitacionpropia.mx\/wp-content\/uploads\/2026\/08\/image-1024x683.png 1024w, https:\/\/habitacionpropia.mx\/wp-content\/uploads\/2026\/08\/image-768x513.png 768w, https:\/\/habitacionpropia.mx\/wp-content\/uploads\/2026\/08\/image-1536x1025.png 1536w, https:\/\/habitacionpropia.mx\/wp-content\/uploads\/2026\/08\/image-450x300.png 450w, https:\/\/habitacionpropia.mx\/wp-content\/uploads\/2026\/08\/image-1320x881.png 1320w, https:\/\/habitacionpropia.mx\/wp-content\/uploads\/2026\/08\/image-600x400.png 600w\" sizes=\"auto, (max-width: 1738px) 100vw, 1738px\" \/><\/a><\/figure><\/div>\n\n\n\n<div class=\"wp-block-column is-layout-flow wp-block-column-is-layout-flow\" style=\"flex-basis:33.33%\"><h2 class=\"wp-block-post-title\"><a href=\"https:\/\/habitacionpropia.mx\/index.php\/2026\/08\/17\/los-derechos-a-las-audiencias-incluye-lista-de-cotejo-para-criticos-del-sistema\/\" target=\"_self\" >Los derechos a las audiencias incluye lista de cotejo para cr\u00edticos del sistema<\/a><\/h2>\n\n<div class=\"wp-block-post-excerpt\"><p class=\"wp-block-post-excerpt__excerpt\">El derecho de las audiencias precisa de un sentido cr\u00edtico, no de una gu\u00eda paternalista <\/p><\/div><\/div>\n<\/div>\n\n<\/li><li class=\"wp-block-post post-2110 post type-post status-publish format-standard has-post-thumbnail hentry category-denuncias category-habitacion-lila tag-activistas tag-adolescentes tag-derechos tag-embarazo tag-embarazo-infantil tag-lucha tag-madres tag-mexico tag-mujeres tag-ninas tag-ninas-no-madres\">\n\n<div class=\"wp-block-columns alignwide is-layout-flex wp-container-core-columns-is-layout-8f761849 wp-block-columns-is-layout-flex\">\n<div class=\"wp-block-column is-layout-flow wp-block-column-is-layout-flow\" style=\"flex-basis:66.66%\"><figure class=\"wp-block-post-featured-image\"><a href=\"https:\/\/habitacionpropia.mx\/index.php\/2026\/08\/12\/el-embarazo-infantil-no-es-orgullo-es-delito\/\" target=\"_self\"  ><img loading=\"lazy\" decoding=\"async\" width=\"2048\" height=\"1365\" src=\"https:\/\/habitacionpropia.mx\/wp-content\/uploads\/2026\/03\/IMG_9243.jpeg\" class=\"attachment-post-thumbnail size-post-thumbnail wp-post-image\" alt=\"El embarazo infantil no es orgullo, es delito\" style=\"object-fit:cover;\" srcset=\"https:\/\/habitacionpropia.mx\/wp-content\/uploads\/2026\/03\/IMG_9243.jpeg 2048w, https:\/\/habitacionpropia.mx\/wp-content\/uploads\/2026\/03\/IMG_9243-300x200.jpeg 300w, https:\/\/habitacionpropia.mx\/wp-content\/uploads\/2026\/03\/IMG_9243-1024x683.jpeg 1024w, https:\/\/habitacionpropia.mx\/wp-content\/uploads\/2026\/03\/IMG_9243-768x512.jpeg 768w, https:\/\/habitacionpropia.mx\/wp-content\/uploads\/2026\/03\/IMG_9243-1536x1024.jpeg 1536w, https:\/\/habitacionpropia.mx\/wp-content\/uploads\/2026\/03\/IMG_9243-450x300.jpeg 450w, https:\/\/habitacionpropia.mx\/wp-content\/uploads\/2026\/03\/IMG_9243-1320x880.jpeg 1320w, https:\/\/habitacionpropia.mx\/wp-content\/uploads\/2026\/03\/IMG_9243-600x400.jpeg 600w\" sizes=\"auto, (max-width: 2048px) 100vw, 2048px\" \/><\/a><\/figure><\/div>\n\n\n\n<div class=\"wp-block-column is-layout-flow wp-block-column-is-layout-flow\" style=\"flex-basis:33.33%\"><h2 class=\"wp-block-post-title\"><a href=\"https:\/\/habitacionpropia.mx\/index.php\/2026\/08\/12\/el-embarazo-infantil-no-es-orgullo-es-delito\/\" target=\"_self\" >El embarazo infantil no es orgullo, es delito<\/a><\/h2>\n\n<div class=\"wp-block-post-excerpt\"><p class=\"wp-block-post-excerpt__excerpt\">Visibilizan que el embarazo de una ni\u00f1a no es una estad\u00edstica institucional: es la huella de un delito y una decisi\u00f3n que le pertenece a ella <\/p><\/div><\/div>\n<\/div>\n\n<\/li><li class=\"wp-block-post post-2106 post type-post status-publish format-standard has-post-thumbnail hentry category-literatura category-museo tag-colectivo tag-libros tag-mexico tag-periodismo tag-periodismo-en-voz-alta tag-tierra-de-sol tag-yucatan\">\n\n<div class=\"wp-block-columns alignwide is-layout-flex wp-container-core-columns-is-layout-8f761849 wp-block-columns-is-layout-flex\">\n<div class=\"wp-block-column is-layout-flow wp-block-column-is-layout-flow\" style=\"flex-basis:66.66%\"><figure class=\"wp-block-post-featured-image\"><a href=\"https:\/\/habitacionpropia.mx\/index.php\/2026\/07\/30\/un-encuentro-para-escuchar-periodismo-en-voz-alta\/\" target=\"_self\"  ><img loading=\"lazy\" decoding=\"async\" width=\"822\" height=\"522\" src=\"https:\/\/habitacionpropia.mx\/wp-content\/uploads\/2026\/07\/image-1.png\" class=\"attachment-post-thumbnail size-post-thumbnail wp-post-image\" alt=\"Un encuentro para escuchar Periodismo en Voz Alta\" style=\"object-fit:cover;\" srcset=\"https:\/\/habitacionpropia.mx\/wp-content\/uploads\/2026\/07\/image-1.png 822w, https:\/\/habitacionpropia.mx\/wp-content\/uploads\/2026\/07\/image-1-300x191.png 300w, https:\/\/habitacionpropia.mx\/wp-content\/uploads\/2026\/07\/image-1-768x488.png 768w, https:\/\/habitacionpropia.mx\/wp-content\/uploads\/2026\/07\/image-1-600x381.png 600w\" sizes=\"auto, (max-width: 822px) 100vw, 822px\" \/><\/a><\/figure><\/div>\n\n\n\n<div class=\"wp-block-column is-layout-flow wp-block-column-is-layout-flow\" style=\"flex-basis:33.33%\"><h2 class=\"wp-block-post-title\"><a href=\"https:\/\/habitacionpropia.mx\/index.php\/2026\/07\/30\/un-encuentro-para-escuchar-periodismo-en-voz-alta\/\" target=\"_self\" >Un encuentro para escuchar Periodismo en Voz Alta<\/a><\/h2>\n\n<div class=\"wp-block-post-excerpt\"><p class=\"wp-block-post-excerpt__excerpt\">Este viernes, podr\u00e1s informarte escuchando al colectivo Periodismo en Voz Alta. Aqu\u00ed toda la informaci\u00f3n para que puedas llegar <\/p><\/div><\/div>\n<\/div>\n\n<\/li><\/ul><\/div>\n","protected":false},"excerpt":{"rendered":"<p>Dos a\u00f1os y medio fueron complicad\u00edsimos emocional y econ\u00f3micamente, porque parece que de repente va un poco ligada una cosa con la otra. Entre todo el esfuerzo diario, hab\u00eda periodos en los que me volv\u00eda completamente pesimista. Quiz\u00e1 por el hast\u00edo y el cansancio de luchar en medio de la exigencia de la vida adulta &hellip; <\/p>\n","protected":false},"author":6,"featured_media":925,"comment_status":"open","ping_status":"open","sticky":false,"template":"","format":"standard","meta":{"om_disable_all_campaigns":false,"_monsterinsights_skip_tracking":false,"jetpack_post_was_ever_published":false,"_jetpack_newsletter_access":"","_jetpack_dont_email_post_to_subs":false,"_jetpack_newsletter_tier_id":0,"_jetpack_memberships_contains_paywalled_content":false,"_jetpack_memberships_contains_paid_content":false,"footnotes":""},"categories":[283,272],"tags":[267,128,286,285,144],"class_list":["post-890","post","type-post","status-publish","format-standard","has-post-thumbnail","hentry","category-literatura","category-museo","tag-gratitud","tag-musica","tag-playlist","tag-suave","tag-ternura"],"yoast_head":"<!-- This site is optimized with the Yoast SEO plugin v25.7 - https:\/\/yoast.com\/wordpress\/plugins\/seo\/ -->\n<title>Viviendo la vida con m\u00fasica suave - Habitaci\u00f3n Propia<\/title>\n<meta name=\"robots\" content=\"index, follow, max-snippet:-1, max-image-preview:large, max-video-preview:-1\" \/>\n<link rel=\"canonical\" href=\"https:\/\/habitacionpropia.mx\/index.php\/2025\/05\/06\/viviendo-la-vida-con-musica-suave\/\" \/>\n<meta property=\"og:locale\" content=\"es_MX\" \/>\n<meta property=\"og:type\" content=\"article\" \/>\n<meta property=\"og:title\" content=\"Viviendo la vida con m\u00fasica suave - Habitaci\u00f3n Propia\" \/>\n<meta property=\"og:description\" content=\"Dos a\u00f1os y medio fueron complicad\u00edsimos emocional y econ\u00f3micamente, porque parece que de repente va un poco ligada una cosa con la otra. Entre todo el esfuerzo diario, hab\u00eda periodos en los que me volv\u00eda completamente pesimista. Quiz\u00e1 por el hast\u00edo y el cansancio de luchar en medio de la exigencia de la vida adulta &hellip;\" \/>\n<meta property=\"og:url\" content=\"https:\/\/habitacionpropia.mx\/index.php\/2025\/05\/06\/viviendo-la-vida-con-musica-suave\/\" \/>\n<meta property=\"og:site_name\" content=\"Habitaci\u00f3n Propia\" \/>\n<meta property=\"article:publisher\" content=\"https:\/\/www.facebook.com\/habitacionpropia.mx\" \/>\n<meta property=\"article:published_time\" content=\"2025-05-06T17:56:07+00:00\" \/>\n<meta property=\"article:modified_time\" content=\"2025-05-06T18:04:29+00:00\" \/>\n<meta property=\"og:image\" content=\"http:\/\/habitacionpropia.mx\/wp-content\/uploads\/2025\/05\/image-1.png\" \/>\n\t<meta property=\"og:image:width\" content=\"1280\" \/>\n\t<meta property=\"og:image:height\" content=\"544\" \/>\n\t<meta property=\"og:image:type\" content=\"image\/png\" \/>\n<meta name=\"author\" content=\"Itzel Chan\" \/>\n<meta name=\"twitter:card\" content=\"summary_large_image\" \/>\n<meta name=\"twitter:label1\" content=\"Escrito por\" \/>\n\t<meta name=\"twitter:data1\" content=\"Itzel Chan\" \/>\n\t<meta name=\"twitter:label2\" content=\"Tiempo de lectura\" \/>\n\t<meta name=\"twitter:data2\" content=\"3 minutos\" \/>\n<script type=\"application\/ld+json\" class=\"yoast-schema-graph\">{\"@context\":\"https:\/\/schema.org\",\"@graph\":[{\"@type\":\"Article\",\"@id\":\"https:\/\/habitacionpropia.mx\/index.php\/2025\/05\/06\/viviendo-la-vida-con-musica-suave\/#article\",\"isPartOf\":{\"@id\":\"https:\/\/habitacionpropia.mx\/index.php\/2025\/05\/06\/viviendo-la-vida-con-musica-suave\/\"},\"author\":{\"name\":\"Itzel Chan\",\"@id\":\"https:\/\/habitacionpropia.mx\/#\/schema\/person\/f101f62637eb61561c8324d0a6987dd9\"},\"headline\":\"Viviendo la vida con m\u00fasica suave\",\"datePublished\":\"2025-05-06T17:56:07+00:00\",\"dateModified\":\"2025-05-06T18:04:29+00:00\",\"mainEntityOfPage\":{\"@id\":\"https:\/\/habitacionpropia.mx\/index.php\/2025\/05\/06\/viviendo-la-vida-con-musica-suave\/\"},\"wordCount\":444,\"commentCount\":0,\"publisher\":{\"@id\":\"https:\/\/habitacionpropia.mx\/#organization\"},\"image\":{\"@id\":\"https:\/\/habitacionpropia.mx\/index.php\/2025\/05\/06\/viviendo-la-vida-con-musica-suave\/#primaryimage\"},\"thumbnailUrl\":\"https:\/\/habitacionpropia.mx\/wp-content\/uploads\/2025\/05\/image-1.png\",\"keywords\":[\"Gratitud\",\"M\u00fasica\",\"playlist\",\"suave\",\"Ternura\"],\"articleSection\":[\"Literarura\",\"Museo\"],\"inLanguage\":\"es\",\"potentialAction\":[{\"@type\":\"CommentAction\",\"name\":\"Comment\",\"target\":[\"https:\/\/habitacionpropia.mx\/index.php\/2025\/05\/06\/viviendo-la-vida-con-musica-suave\/#respond\"]}]},{\"@type\":\"WebPage\",\"@id\":\"https:\/\/habitacionpropia.mx\/index.php\/2025\/05\/06\/viviendo-la-vida-con-musica-suave\/\",\"url\":\"https:\/\/habitacionpropia.mx\/index.php\/2025\/05\/06\/viviendo-la-vida-con-musica-suave\/\",\"name\":\"Viviendo la vida con m\u00fasica suave - Habitaci\u00f3n Propia\",\"isPartOf\":{\"@id\":\"https:\/\/habitacionpropia.mx\/#website\"},\"primaryImageOfPage\":{\"@id\":\"https:\/\/habitacionpropia.mx\/index.php\/2025\/05\/06\/viviendo-la-vida-con-musica-suave\/#primaryimage\"},\"image\":{\"@id\":\"https:\/\/habitacionpropia.mx\/index.php\/2025\/05\/06\/viviendo-la-vida-con-musica-suave\/#primaryimage\"},\"thumbnailUrl\":\"https:\/\/habitacionpropia.mx\/wp-content\/uploads\/2025\/05\/image-1.png\",\"datePublished\":\"2025-05-06T17:56:07+00:00\",\"dateModified\":\"2025-05-06T18:04:29+00:00\",\"breadcrumb\":{\"@id\":\"https:\/\/habitacionpropia.mx\/index.php\/2025\/05\/06\/viviendo-la-vida-con-musica-suave\/#breadcrumb\"},\"inLanguage\":\"es\",\"potentialAction\":[{\"@type\":\"ReadAction\",\"target\":[\"https:\/\/habitacionpropia.mx\/index.php\/2025\/05\/06\/viviendo-la-vida-con-musica-suave\/\"]}]},{\"@type\":\"ImageObject\",\"inLanguage\":\"es\",\"@id\":\"https:\/\/habitacionpropia.mx\/index.php\/2025\/05\/06\/viviendo-la-vida-con-musica-suave\/#primaryimage\",\"url\":\"https:\/\/habitacionpropia.mx\/wp-content\/uploads\/2025\/05\/image-1.png\",\"contentUrl\":\"https:\/\/habitacionpropia.mx\/wp-content\/uploads\/2025\/05\/image-1.png\",\"width\":1280,\"height\":544},{\"@type\":\"BreadcrumbList\",\"@id\":\"https:\/\/habitacionpropia.mx\/index.php\/2025\/05\/06\/viviendo-la-vida-con-musica-suave\/#breadcrumb\",\"itemListElement\":[{\"@type\":\"ListItem\",\"position\":1,\"name\":\"Inicio\",\"item\":\"https:\/\/habitacionpropia.mx\/\"},{\"@type\":\"ListItem\",\"position\":2,\"name\":\"Viviendo la vida con m\u00fasica suave\"}]},{\"@type\":\"WebSite\",\"@id\":\"https:\/\/habitacionpropia.mx\/#website\",\"url\":\"https:\/\/habitacionpropia.mx\/\",\"name\":\"Habitaci\u00f3n Propia\",\"description\":\"\",\"publisher\":{\"@id\":\"https:\/\/habitacionpropia.mx\/#organization\"},\"potentialAction\":[{\"@type\":\"SearchAction\",\"target\":{\"@type\":\"EntryPoint\",\"urlTemplate\":\"https:\/\/habitacionpropia.mx\/?s={search_term_string}\"},\"query-input\":{\"@type\":\"PropertyValueSpecification\",\"valueRequired\":true,\"valueName\":\"search_term_string\"}}],\"inLanguage\":\"es\"},{\"@type\":\"Organization\",\"@id\":\"https:\/\/habitacionpropia.mx\/#organization\",\"name\":\"Habitaci\u00f3n Propia\",\"url\":\"https:\/\/habitacionpropia.mx\/\",\"logo\":{\"@type\":\"ImageObject\",\"inLanguage\":\"es\",\"@id\":\"https:\/\/habitacionpropia.mx\/#\/schema\/logo\/image\/\",\"url\":\"https:\/\/habitacionpropia.mx\/wp-content\/uploads\/2024\/01\/cropped-Logo-Final-1.png\",\"contentUrl\":\"https:\/\/habitacionpropia.mx\/wp-content\/uploads\/2024\/01\/cropped-Logo-Final-1.png\",\"width\":846,\"height\":191,\"caption\":\"Habitaci\u00f3n Propia\"},\"image\":{\"@id\":\"https:\/\/habitacionpropia.mx\/#\/schema\/logo\/image\/\"},\"sameAs\":[\"https:\/\/www.facebook.com\/habitacionpropia.mx\",\"https:\/\/www.instagram.com\/habitacionpropia.mx\/\"]},{\"@type\":\"Person\",\"@id\":\"https:\/\/habitacionpropia.mx\/#\/schema\/person\/f101f62637eb61561c8324d0a6987dd9\",\"name\":\"Itzel Chan\",\"image\":{\"@type\":\"ImageObject\",\"inLanguage\":\"es\",\"@id\":\"https:\/\/habitacionpropia.mx\/#\/schema\/person\/image\/\",\"url\":\"https:\/\/secure.gravatar.com\/avatar\/5c5cbaf8b5a8672cb3b249aa153eb96d8ba933ee578e6c4c71f5c32e7f31d556?s=96&d=mm&r=g\",\"contentUrl\":\"https:\/\/secure.gravatar.com\/avatar\/5c5cbaf8b5a8672cb3b249aa153eb96d8ba933ee578e6c4c71f5c32e7f31d556?s=96&d=mm&r=g\",\"caption\":\"Itzel Chan\"},\"sameAs\":[\"https:\/\/ventanasrotas.com\/\"],\"url\":\"https:\/\/habitacionpropia.mx\/index.php\/author\/itzel-chan\/\"}]}<\/script>\n<!-- \/ Yoast SEO plugin. -->","yoast_head_json":{"title":"Viviendo la vida con m\u00fasica suave - Habitaci\u00f3n Propia","robots":{"index":"index","follow":"follow","max-snippet":"max-snippet:-1","max-image-preview":"max-image-preview:large","max-video-preview":"max-video-preview:-1"},"canonical":"https:\/\/habitacionpropia.mx\/index.php\/2025\/05\/06\/viviendo-la-vida-con-musica-suave\/","og_locale":"es_MX","og_type":"article","og_title":"Viviendo la vida con m\u00fasica suave - Habitaci\u00f3n Propia","og_description":"Dos a\u00f1os y medio fueron complicad\u00edsimos emocional y econ\u00f3micamente, porque parece que de repente va un poco ligada una cosa con la otra. Entre todo el esfuerzo diario, hab\u00eda periodos en los que me volv\u00eda completamente pesimista. Quiz\u00e1 por el hast\u00edo y el cansancio de luchar en medio de la exigencia de la vida adulta &hellip;","og_url":"https:\/\/habitacionpropia.mx\/index.php\/2025\/05\/06\/viviendo-la-vida-con-musica-suave\/","og_site_name":"Habitaci\u00f3n Propia","article_publisher":"https:\/\/www.facebook.com\/habitacionpropia.mx","article_published_time":"2025-05-06T17:56:07+00:00","article_modified_time":"2025-05-06T18:04:29+00:00","og_image":[{"width":1280,"height":544,"url":"http:\/\/habitacionpropia.mx\/wp-content\/uploads\/2025\/05\/image-1.png","type":"image\/png"}],"author":"Itzel Chan","twitter_card":"summary_large_image","twitter_misc":{"Escrito por":"Itzel Chan","Tiempo de lectura":"3 minutos"},"schema":{"@context":"https:\/\/schema.org","@graph":[{"@type":"Article","@id":"https:\/\/habitacionpropia.mx\/index.php\/2025\/05\/06\/viviendo-la-vida-con-musica-suave\/#article","isPartOf":{"@id":"https:\/\/habitacionpropia.mx\/index.php\/2025\/05\/06\/viviendo-la-vida-con-musica-suave\/"},"author":{"name":"Itzel Chan","@id":"https:\/\/habitacionpropia.mx\/#\/schema\/person\/f101f62637eb61561c8324d0a6987dd9"},"headline":"Viviendo la vida con m\u00fasica suave","datePublished":"2025-05-06T17:56:07+00:00","dateModified":"2025-05-06T18:04:29+00:00","mainEntityOfPage":{"@id":"https:\/\/habitacionpropia.mx\/index.php\/2025\/05\/06\/viviendo-la-vida-con-musica-suave\/"},"wordCount":444,"commentCount":0,"publisher":{"@id":"https:\/\/habitacionpropia.mx\/#organization"},"image":{"@id":"https:\/\/habitacionpropia.mx\/index.php\/2025\/05\/06\/viviendo-la-vida-con-musica-suave\/#primaryimage"},"thumbnailUrl":"https:\/\/habitacionpropia.mx\/wp-content\/uploads\/2025\/05\/image-1.png","keywords":["Gratitud","M\u00fasica","playlist","suave","Ternura"],"articleSection":["Literarura","Museo"],"inLanguage":"es","potentialAction":[{"@type":"CommentAction","name":"Comment","target":["https:\/\/habitacionpropia.mx\/index.php\/2025\/05\/06\/viviendo-la-vida-con-musica-suave\/#respond"]}]},{"@type":"WebPage","@id":"https:\/\/habitacionpropia.mx\/index.php\/2025\/05\/06\/viviendo-la-vida-con-musica-suave\/","url":"https:\/\/habitacionpropia.mx\/index.php\/2025\/05\/06\/viviendo-la-vida-con-musica-suave\/","name":"Viviendo la vida con m\u00fasica suave - Habitaci\u00f3n Propia","isPartOf":{"@id":"https:\/\/habitacionpropia.mx\/#website"},"primaryImageOfPage":{"@id":"https:\/\/habitacionpropia.mx\/index.php\/2025\/05\/06\/viviendo-la-vida-con-musica-suave\/#primaryimage"},"image":{"@id":"https:\/\/habitacionpropia.mx\/index.php\/2025\/05\/06\/viviendo-la-vida-con-musica-suave\/#primaryimage"},"thumbnailUrl":"https:\/\/habitacionpropia.mx\/wp-content\/uploads\/2025\/05\/image-1.png","datePublished":"2025-05-06T17:56:07+00:00","dateModified":"2025-05-06T18:04:29+00:00","breadcrumb":{"@id":"https:\/\/habitacionpropia.mx\/index.php\/2025\/05\/06\/viviendo-la-vida-con-musica-suave\/#breadcrumb"},"inLanguage":"es","potentialAction":[{"@type":"ReadAction","target":["https:\/\/habitacionpropia.mx\/index.php\/2025\/05\/06\/viviendo-la-vida-con-musica-suave\/"]}]},{"@type":"ImageObject","inLanguage":"es","@id":"https:\/\/habitacionpropia.mx\/index.php\/2025\/05\/06\/viviendo-la-vida-con-musica-suave\/#primaryimage","url":"https:\/\/habitacionpropia.mx\/wp-content\/uploads\/2025\/05\/image-1.png","contentUrl":"https:\/\/habitacionpropia.mx\/wp-content\/uploads\/2025\/05\/image-1.png","width":1280,"height":544},{"@type":"BreadcrumbList","@id":"https:\/\/habitacionpropia.mx\/index.php\/2025\/05\/06\/viviendo-la-vida-con-musica-suave\/#breadcrumb","itemListElement":[{"@type":"ListItem","position":1,"name":"Inicio","item":"https:\/\/habitacionpropia.mx\/"},{"@type":"ListItem","position":2,"name":"Viviendo la vida con m\u00fasica suave"}]},{"@type":"WebSite","@id":"https:\/\/habitacionpropia.mx\/#website","url":"https:\/\/habitacionpropia.mx\/","name":"Habitaci\u00f3n Propia","description":"","publisher":{"@id":"https:\/\/habitacionpropia.mx\/#organization"},"potentialAction":[{"@type":"SearchAction","target":{"@type":"EntryPoint","urlTemplate":"https:\/\/habitacionpropia.mx\/?s={search_term_string}"},"query-input":{"@type":"PropertyValueSpecification","valueRequired":true,"valueName":"search_term_string"}}],"inLanguage":"es"},{"@type":"Organization","@id":"https:\/\/habitacionpropia.mx\/#organization","name":"Habitaci\u00f3n Propia","url":"https:\/\/habitacionpropia.mx\/","logo":{"@type":"ImageObject","inLanguage":"es","@id":"https:\/\/habitacionpropia.mx\/#\/schema\/logo\/image\/","url":"https:\/\/habitacionpropia.mx\/wp-content\/uploads\/2024\/01\/cropped-Logo-Final-1.png","contentUrl":"https:\/\/habitacionpropia.mx\/wp-content\/uploads\/2024\/01\/cropped-Logo-Final-1.png","width":846,"height":191,"caption":"Habitaci\u00f3n Propia"},"image":{"@id":"https:\/\/habitacionpropia.mx\/#\/schema\/logo\/image\/"},"sameAs":["https:\/\/www.facebook.com\/habitacionpropia.mx","https:\/\/www.instagram.com\/habitacionpropia.mx\/"]},{"@type":"Person","@id":"https:\/\/habitacionpropia.mx\/#\/schema\/person\/f101f62637eb61561c8324d0a6987dd9","name":"Itzel Chan","image":{"@type":"ImageObject","inLanguage":"es","@id":"https:\/\/habitacionpropia.mx\/#\/schema\/person\/image\/","url":"https:\/\/secure.gravatar.com\/avatar\/5c5cbaf8b5a8672cb3b249aa153eb96d8ba933ee578e6c4c71f5c32e7f31d556?s=96&d=mm&r=g","contentUrl":"https:\/\/secure.gravatar.com\/avatar\/5c5cbaf8b5a8672cb3b249aa153eb96d8ba933ee578e6c4c71f5c32e7f31d556?s=96&d=mm&r=g","caption":"Itzel Chan"},"sameAs":["https:\/\/ventanasrotas.com\/"],"url":"https:\/\/habitacionpropia.mx\/index.php\/author\/itzel-chan\/"}]}},"jetpack_featured_media_url":"https:\/\/habitacionpropia.mx\/wp-content\/uploads\/2025\/05\/image-1.png","jetpack_sharing_enabled":true,"_links":{"self":[{"href":"https:\/\/habitacionpropia.mx\/index.php\/wp-json\/wp\/v2\/posts\/890","targetHints":{"allow":["GET"]}}],"collection":[{"href":"https:\/\/habitacionpropia.mx\/index.php\/wp-json\/wp\/v2\/posts"}],"about":[{"href":"https:\/\/habitacionpropia.mx\/index.php\/wp-json\/wp\/v2\/types\/post"}],"author":[{"embeddable":true,"href":"https:\/\/habitacionpropia.mx\/index.php\/wp-json\/wp\/v2\/users\/6"}],"replies":[{"embeddable":true,"href":"https:\/\/habitacionpropia.mx\/index.php\/wp-json\/wp\/v2\/comments?post=890"}],"version-history":[{"count":9,"href":"https:\/\/habitacionpropia.mx\/index.php\/wp-json\/wp\/v2\/posts\/890\/revisions"}],"predecessor-version":[{"id":920,"href":"https:\/\/habitacionpropia.mx\/index.php\/wp-json\/wp\/v2\/posts\/890\/revisions\/920"}],"wp:featuredmedia":[{"embeddable":true,"href":"https:\/\/habitacionpropia.mx\/index.php\/wp-json\/wp\/v2\/media\/925"}],"wp:attachment":[{"href":"https:\/\/habitacionpropia.mx\/index.php\/wp-json\/wp\/v2\/media?parent=890"}],"wp:term":[{"taxonomy":"category","embeddable":true,"href":"https:\/\/habitacionpropia.mx\/index.php\/wp-json\/wp\/v2\/categories?post=890"},{"taxonomy":"post_tag","embeddable":true,"href":"https:\/\/habitacionpropia.mx\/index.php\/wp-json\/wp\/v2\/tags?post=890"}],"curies":[{"name":"wp","href":"https:\/\/api.w.org\/{rel}","templated":true}]}}