{"id":927,"date":"2025-05-07T12:00:00","date_gmt":"2025-05-07T12:00:00","guid":{"rendered":"https:\/\/habitacionpropia.mx\/?p=927"},"modified":"2025-05-06T20:29:11","modified_gmt":"2025-05-06T20:29:11","slug":"la-ruta-de-mis-libros","status":"publish","type":"post","link":"https:\/\/habitacionpropia.mx\/index.php\/2025\/05\/07\/la-ruta-de-mis-libros\/","title":{"rendered":"La ruta de mis libros"},"content":{"rendered":"\n<pre class=\"wp-block-verse\">Quienes tienen el h\u00e1bito de la lectura, <strong>\u00bfse han detenido a pensar c\u00f3mo llega cada libro a sus manos? <\/strong>Esa fue una de las reflexiones que surgieron en una sesi\u00f3n del <strong><mark style=\"background-color:rgba(0, 0, 0, 0)\" class=\"has-inline-color has-vivid-cyan-blue-color\">C\u00edrculo de Lectura de <a href=\"https:\/\/lunabrilee.com\/\">Lunabr\u00ed,<\/a><\/mark><\/strong> al que pertenezco. A partir de ella, hice un recorrido por la forma en que algunos libros llegaron a mi vida, y c\u00f3mo cada uno marc\u00f3 una etapa.<\/pre>\n\n\n<div class=\"wp-block-image is-style-rounded\">\n<figure class=\"aligncenter size-large\"><img decoding=\"async\" src=\"https:\/\/vivemerida.live\/wp-content\/uploads\/2025\/05\/Captura-de-pantalla-2025-05-04-a-las-17.50.51-748x512.png\" alt=\"\" class=\"wp-image-20119\"\/><figcaption class=\"wp-element-caption\"><em><strong>Integrantes del C\u00edrculo de Lectura Lunabr\u00ed<\/strong><\/em><\/figcaption><\/figure><\/div>\n\n\n<p><strong>Mi gusto por ojear, oler y leer libros comenz\u00f3 con uno que ten\u00eda mi abuela sobre Walt Disney.<\/strong> Ten\u00eda apenas cuatro a\u00f1os cuando descubr\u00ed sus p\u00e1ginas llenas de fotograf\u00edas del parque de diversiones y bocetos de los dibujantes de La Bella Durmiente y Alicia en el Pa\u00eds de las Maravillas.<\/p>\n\n\n\n<p>En casa, mis padres nos regalaron a mis hermanos y a m\u00ed unos peque\u00f1os libros: Las aventuras de Tom Sawyer y Las aventuras de Huckleberry Finn, ambos de Mark Twain. A eso habr\u00eda que sumar <strong>las tiras c\u00f3micas dominicales del peri\u00f3dico Exc\u00e9lsior, donde conoc\u00ed y le jur\u00e9 amor eterno a Mafalda.<\/strong><\/p>\n\n\n\n<p>Los cuentos de Hans Christian Andersen \u2014Pulgarcita, La caja de yesca, Los zapatos rojos y La peque\u00f1a vendedora de f\u00f3sforos\u2014 los recuerdo vagamente, aunque s\u00e9 que los le\u00ed en segundo de primaria, en un volumen de la colecci\u00f3n \u201cSepan Cuantos\u201d de Porr\u00faa, con letra diminuta y sin ilustraciones.<\/p>\n\n\n\n<p>M\u00e1s adelante, en la escuela, llegaron La isla del tesoro y Secuestrado, de Robert Louis Stevenson. Tambi\u00e9n conoc\u00ed a las hermanas Bront\u00eb: a Charlotte con Jane Eyre y a Emily con Cumbres borrascosas, junto con Triptofanito y su viaje fant\u00e1stico por el cuerpo humano, de Julio Frenk.<\/p>\n\n\n\n<p>Ten\u00eda unos diez a\u00f1os cuando encontr\u00e9 una biograf\u00eda de Juana de Castilla, mejor conocida como Juana la Loca, <strong>en una caja de zapatos dentro del ropero de mi abuela paterna. <\/strong>Me impactaron dos cosas: que Juana consideraba pecado el placer de ba\u00f1arse con agua caliente, y que era madre del Rey Carlos V, quien \u2014para mi sorpresa\u2014 no era solo el nombre de un chocolate.<\/p>\n\n\n\n<p><strong>En la secundaria lleg\u00f3 la literatura mexicana.<\/strong> Con Los rel\u00e1mpagos de agosto, Jorge Ibarg\u00fcengoitia se convirti\u00f3 en uno de mis autores favoritos. Le\u00ed casi toda su obra: Las muertas, Instrucciones para vivir en M\u00e9xico, La ley de Herodes, entre otras. A la par, descubr\u00ed la poes\u00eda de Margarita Paz Paredes. <strong>Mi favorita: Es viernes y pienso en ti, del libro Litoral del tiempo.<\/strong><\/p>\n\n\n\n<p>Por esos a\u00f1os tambi\u00e9n le\u00ed La Il\u00edada y La Odisea, de Homero, obras que m\u00e1s adelante me ayudar\u00edan a comprender a Plat\u00f3n y Arist\u00f3teles.<\/p>\n\n\n\n<p><strong>La preparatoria trajo a\u00fan m\u00e1s literatura. <\/strong>Le\u00ed Cien a\u00f1os de soledad, de Gabriel Garc\u00eda M\u00e1rquez; el G\u00e9nesis de la Biblia; y Arr\u00e1ncame la vida, de \u00c1ngeles Mastretta, reci\u00e9n publicado y puesto en nuestras manos por el profesor de literatura mexicana.<\/p>\n\n\n\n<p><strong>Ese fue el primer libro que no solt\u00e9 hasta terminarlo. <\/strong>Desde entonces, leer se volvi\u00f3 m\u00e1s que un h\u00e1bito: una forma de vida. Siempre ando con un libro en la bolsa, visitando librer\u00edas y fascin\u00e1ndome en las bibliotecas.<\/p>\n\n\n\n<p>El cine me llev\u00f3 a Milan Kundera. <strong>La insoportable levedad del ser me atrap\u00f3 en pantalla, y luego me llev\u00f3 al libro. <\/strong>Aunque la pel\u00edcula ya hab\u00eda puesto rostros a los personajes, el texto me entreg\u00f3 otros nuevos.<strong> Desde entonces, leo y releo su obra.<\/strong><\/p>\n\n\n\n<p>Durante mucho tiempo dej\u00e9 de lado los libros de superaci\u00f3n personal y aquellos que prometen atajos para entender la vida sin vivirla. Sin embargo, hubo dos t\u00edtulos que, si los hubiera le\u00eddo a principios de mis veinte, me habr\u00edan dado cierta claridad: \u00bfQui\u00e9n se ha llevado mi queso?, de Spencer Johnson, y Padre rico, padre pobre, de Robert Kiyosaki y Sharon Lechter. <strong>Llegaron tarde, pero llegaron.<\/strong><\/p>\n\n\n\n<h5 class=\"wp-block-heading\">Tambi\u00e9n he hallado joyas en librer\u00edas de viejo o en libros desechados por otras bibliotecas, especialmente si se trata de filosof\u00eda o biograf\u00edas. Esos, los atesoro como reliquias.<\/h5>\n\n\n\n<p>Otro libro que marc\u00f3 mis caminos \u2014los vividos y los que vendr\u00e1n\u2014 fue El manual del ciudadano contempor\u00e1neo, de Ikram Antaki. Lo tom\u00e9 prestado de la biblioteca de mi madre, aunque confieso que nunca lo devolv\u00ed. Bast\u00f3 leer la introducci\u00f3n para saber que ese libro ten\u00eda que ser m\u00edo.<\/p>\n\n\n\n<p>Podr\u00eda seguir escribiendo sobre los muchos \u2014o pocos\u2014 libros que he le\u00eddo, pero el espacio es limitado. <strong>Este ejercicio, sin embargo, me ha permitido atesorar las lecturas pasadas y entusiasmarme por las que est\u00e1n por venir.<\/strong><\/p>\n\n\n\n<h5 class=\"wp-block-heading\"><strong>Y si algo puedo afirmar con certeza es que pertenecer a un c\u00edrculo de lectura permite releer un libro varias veces\u2026 sin volver a pasar los ojos por sus p\u00e1ginas.<\/strong><\/h5>\n\n\n\n<pre class=\"wp-block-preformatted has-background\" style=\"background-color:#f5fbfb\"><strong>Lorena Gonz\u00e1lez Bosc\u00f3,<\/strong> es integrante del C\u00edrculo de Lectura de Lunabr\u00ed que se re\u00fane cada 15 d\u00edas en alguna cafeter\u00eda de M\u00e9rida o de manera virtual con lectoras de M\u00e9xico y otras partes del mundo.<\/pre>\n\n\n\n<p>Puedes conocer m\u00e1s sobre Lunabr\u00ed en esta nota que hizo <a href=\"http:\/\/www.vivemerida.live\">Vive M\u00e9rida, periodismo ciudadano<\/a>:<\/p>\n\n\n\n<div class=\"wp-block-columns is-layout-flex wp-container-core-columns-is-layout-9d6595d7 wp-block-columns-is-layout-flex\">\n<div class=\"wp-block-column is-layout-flow wp-block-column-is-layout-flow\">\n<figure class=\"wp-block-embed aligncenter is-type-wp-embed is-provider-vive-m-rida wp-block-embed-vive-m-rida\"><div class=\"wp-block-embed__wrapper\">\n<blockquote class=\"wp-embedded-content\" data-secret=\"YQylyogUk1\"><a href=\"https:\/\/vivemerida.live\/articulos\/lunabri-la-magia-de-presentar-libros-desde-un-circulo-de-lectura\/\">Lunabr\u00ed: la magia de presentar libros desde un c\u00edrculo de lectura<\/a><\/blockquote><iframe loading=\"lazy\" class=\"wp-embedded-content\" sandbox=\"allow-scripts\" security=\"restricted\" style=\"position: absolute; clip: rect(1px, 1px, 1px, 1px);\" title=\"\u00abLunabr\u00ed: la magia de presentar libros desde un c\u00edrculo de lectura\u00bb \u2014 Vive M\u00e9rida\" src=\"https:\/\/vivemerida.live\/articulos\/lunabri-la-magia-de-presentar-libros-desde-un-circulo-de-lectura\/embed\/#?secret=PW95HMLH5c#?secret=YQylyogUk1\" data-secret=\"YQylyogUk1\" width=\"600\" height=\"338\" frameborder=\"0\" marginwidth=\"0\" marginheight=\"0\" scrolling=\"no\"><\/iframe>\n<\/div><\/figure>\n<\/div>\n<\/div>\n","protected":false},"excerpt":{"rendered":"<p>Quienes tienen el h\u00e1bito de la lectura, \u00bfse han detenido a pensar c\u00f3mo llega cada libro a sus manos? Esa fue una de las reflexiones que surgieron en una sesi\u00f3n del C\u00edrculo de Lectura de Lunabr\u00ed, al que pertenezco. A partir de ella, hice un recorrido por la forma en que algunos libros llegaron a &hellip; <\/p>\n","protected":false},"author":3,"featured_media":929,"comment_status":"open","ping_status":"open","sticky":false,"template":"","format":"standard","meta":{"om_disable_all_campaigns":false,"_monsterinsights_skip_tracking":false,"_monsterinsights_sitenote_active":false,"_monsterinsights_sitenote_note":"","_monsterinsights_sitenote_category":0,"jetpack_post_was_ever_published":false,"_jetpack_newsletter_access":"","_jetpack_dont_email_post_to_subs":false,"_jetpack_newsletter_tier_id":0,"_jetpack_memberships_contains_paywalled_content":false,"_jetpack_memberships_contains_paid_content":false,"footnotes":""},"categories":[283,272],"tags":[288,290,289,44,86],"class_list":["post-927","post","type-post","status-publish","format-standard","has-post-thumbnail","hentry","category-literatura","category-museo","tag-circulo-de-lectura","tag-lectura","tag-libros","tag-mujeres","tag-yucatan"],"yoast_head":"<!-- This site is optimized with the Yoast SEO plugin v25.7 - https:\/\/yoast.com\/wordpress\/plugins\/seo\/ -->\n<title>La ruta de mis libros - Habitaci\u00f3n Propia<\/title>\n<meta name=\"robots\" content=\"index, follow, max-snippet:-1, max-image-preview:large, max-video-preview:-1\" \/>\n<link rel=\"canonical\" href=\"https:\/\/habitacionpropia.mx\/index.php\/2025\/05\/07\/la-ruta-de-mis-libros\/\" \/>\n<meta property=\"og:locale\" content=\"es_MX\" \/>\n<meta property=\"og:type\" content=\"article\" \/>\n<meta property=\"og:title\" content=\"La ruta de mis libros - Habitaci\u00f3n Propia\" \/>\n<meta property=\"og:description\" content=\"Quienes tienen el h\u00e1bito de la lectura, \u00bfse han detenido a pensar c\u00f3mo llega cada libro a sus manos? Esa fue una de las reflexiones que surgieron en una sesi\u00f3n del C\u00edrculo de Lectura de Lunabr\u00ed, al que pertenezco. A partir de ella, hice un recorrido por la forma en que algunos libros llegaron a &hellip;\" \/>\n<meta property=\"og:url\" content=\"https:\/\/habitacionpropia.mx\/index.php\/2025\/05\/07\/la-ruta-de-mis-libros\/\" \/>\n<meta property=\"og:site_name\" content=\"Habitaci\u00f3n Propia\" \/>\n<meta property=\"article:publisher\" content=\"https:\/\/www.facebook.com\/habitacionpropia.mx\" \/>\n<meta property=\"article:published_time\" content=\"2025-05-07T12:00:00+00:00\" \/>\n<meta property=\"og:image\" content=\"https:\/\/habitacionpropia.mx\/wp-content\/uploads\/2025\/05\/image-2.png\" \/>\n\t<meta property=\"og:image:width\" content=\"851\" \/>\n\t<meta property=\"og:image:height\" content=\"315\" \/>\n\t<meta property=\"og:image:type\" content=\"image\/png\" \/>\n<meta name=\"author\" content=\"Lorena Gonz\u00e1lez Bosc\u00f3\" \/>\n<meta name=\"twitter:card\" content=\"summary_large_image\" \/>\n<meta name=\"twitter:label1\" content=\"Escrito por\" \/>\n\t<meta name=\"twitter:data1\" content=\"Lorena Gonz\u00e1lez Bosc\u00f3\" \/>\n\t<meta name=\"twitter:label2\" content=\"Tiempo de lectura\" \/>\n\t<meta name=\"twitter:data2\" content=\"4 minutos\" \/>\n<script type=\"application\/ld+json\" class=\"yoast-schema-graph\">{\"@context\":\"https:\/\/schema.org\",\"@graph\":[{\"@type\":\"Article\",\"@id\":\"https:\/\/habitacionpropia.mx\/index.php\/2025\/05\/07\/la-ruta-de-mis-libros\/#article\",\"isPartOf\":{\"@id\":\"https:\/\/habitacionpropia.mx\/index.php\/2025\/05\/07\/la-ruta-de-mis-libros\/\"},\"author\":{\"name\":\"Lorena Gonz\u00e1lez Bosc\u00f3\",\"@id\":\"https:\/\/habitacionpropia.mx\/#\/schema\/person\/f6c994e2664711fc5fa58a5a0bd516ff\"},\"headline\":\"La ruta de mis libros\",\"datePublished\":\"2025-05-07T12:00:00+00:00\",\"mainEntityOfPage\":{\"@id\":\"https:\/\/habitacionpropia.mx\/index.php\/2025\/05\/07\/la-ruta-de-mis-libros\/\"},\"wordCount\":779,\"commentCount\":0,\"publisher\":{\"@id\":\"https:\/\/habitacionpropia.mx\/#organization\"},\"image\":{\"@id\":\"https:\/\/habitacionpropia.mx\/index.php\/2025\/05\/07\/la-ruta-de-mis-libros\/#primaryimage\"},\"thumbnailUrl\":\"https:\/\/habitacionpropia.mx\/wp-content\/uploads\/2025\/05\/image-2.png\",\"keywords\":[\"c\u00edrculo de lectura\",\"lectura\",\"libros\",\"mujeres\",\"Yucat\u00e1n\"],\"articleSection\":[\"Literarura\",\"Museo\"],\"inLanguage\":\"es\",\"potentialAction\":[{\"@type\":\"CommentAction\",\"name\":\"Comment\",\"target\":[\"https:\/\/habitacionpropia.mx\/index.php\/2025\/05\/07\/la-ruta-de-mis-libros\/#respond\"]}]},{\"@type\":\"WebPage\",\"@id\":\"https:\/\/habitacionpropia.mx\/index.php\/2025\/05\/07\/la-ruta-de-mis-libros\/\",\"url\":\"https:\/\/habitacionpropia.mx\/index.php\/2025\/05\/07\/la-ruta-de-mis-libros\/\",\"name\":\"La ruta de mis libros - Habitaci\u00f3n Propia\",\"isPartOf\":{\"@id\":\"https:\/\/habitacionpropia.mx\/#website\"},\"primaryImageOfPage\":{\"@id\":\"https:\/\/habitacionpropia.mx\/index.php\/2025\/05\/07\/la-ruta-de-mis-libros\/#primaryimage\"},\"image\":{\"@id\":\"https:\/\/habitacionpropia.mx\/index.php\/2025\/05\/07\/la-ruta-de-mis-libros\/#primaryimage\"},\"thumbnailUrl\":\"https:\/\/habitacionpropia.mx\/wp-content\/uploads\/2025\/05\/image-2.png\",\"datePublished\":\"2025-05-07T12:00:00+00:00\",\"breadcrumb\":{\"@id\":\"https:\/\/habitacionpropia.mx\/index.php\/2025\/05\/07\/la-ruta-de-mis-libros\/#breadcrumb\"},\"inLanguage\":\"es\",\"potentialAction\":[{\"@type\":\"ReadAction\",\"target\":[\"https:\/\/habitacionpropia.mx\/index.php\/2025\/05\/07\/la-ruta-de-mis-libros\/\"]}]},{\"@type\":\"ImageObject\",\"inLanguage\":\"es\",\"@id\":\"https:\/\/habitacionpropia.mx\/index.php\/2025\/05\/07\/la-ruta-de-mis-libros\/#primaryimage\",\"url\":\"https:\/\/habitacionpropia.mx\/wp-content\/uploads\/2025\/05\/image-2.png\",\"contentUrl\":\"https:\/\/habitacionpropia.mx\/wp-content\/uploads\/2025\/05\/image-2.png\",\"width\":851,\"height\":315},{\"@type\":\"BreadcrumbList\",\"@id\":\"https:\/\/habitacionpropia.mx\/index.php\/2025\/05\/07\/la-ruta-de-mis-libros\/#breadcrumb\",\"itemListElement\":[{\"@type\":\"ListItem\",\"position\":1,\"name\":\"Inicio\",\"item\":\"https:\/\/habitacionpropia.mx\/\"},{\"@type\":\"ListItem\",\"position\":2,\"name\":\"La ruta de mis libros\"}]},{\"@type\":\"WebSite\",\"@id\":\"https:\/\/habitacionpropia.mx\/#website\",\"url\":\"https:\/\/habitacionpropia.mx\/\",\"name\":\"Habitaci\u00f3n Propia\",\"description\":\"\",\"publisher\":{\"@id\":\"https:\/\/habitacionpropia.mx\/#organization\"},\"potentialAction\":[{\"@type\":\"SearchAction\",\"target\":{\"@type\":\"EntryPoint\",\"urlTemplate\":\"https:\/\/habitacionpropia.mx\/?s={search_term_string}\"},\"query-input\":{\"@type\":\"PropertyValueSpecification\",\"valueRequired\":true,\"valueName\":\"search_term_string\"}}],\"inLanguage\":\"es\"},{\"@type\":\"Organization\",\"@id\":\"https:\/\/habitacionpropia.mx\/#organization\",\"name\":\"Habitaci\u00f3n Propia\",\"url\":\"https:\/\/habitacionpropia.mx\/\",\"logo\":{\"@type\":\"ImageObject\",\"inLanguage\":\"es\",\"@id\":\"https:\/\/habitacionpropia.mx\/#\/schema\/logo\/image\/\",\"url\":\"https:\/\/habitacionpropia.mx\/wp-content\/uploads\/2024\/01\/cropped-Logo-Final-1.png\",\"contentUrl\":\"https:\/\/habitacionpropia.mx\/wp-content\/uploads\/2024\/01\/cropped-Logo-Final-1.png\",\"width\":846,\"height\":191,\"caption\":\"Habitaci\u00f3n Propia\"},\"image\":{\"@id\":\"https:\/\/habitacionpropia.mx\/#\/schema\/logo\/image\/\"},\"sameAs\":[\"https:\/\/www.facebook.com\/habitacionpropia.mx\",\"https:\/\/www.instagram.com\/habitacionpropia.mx\/\"]},{\"@type\":\"Person\",\"@id\":\"https:\/\/habitacionpropia.mx\/#\/schema\/person\/f6c994e2664711fc5fa58a5a0bd516ff\",\"name\":\"Lorena Gonz\u00e1lez Bosc\u00f3\",\"image\":{\"@type\":\"ImageObject\",\"inLanguage\":\"es\",\"@id\":\"https:\/\/habitacionpropia.mx\/#\/schema\/person\/image\/\",\"url\":\"https:\/\/secure.gravatar.com\/avatar\/3efae72f06b5b592d3607438079c8787ed2bc8f57d54b659b7fb4333e5099d68?s=96&d=mm&r=g\",\"contentUrl\":\"https:\/\/secure.gravatar.com\/avatar\/3efae72f06b5b592d3607438079c8787ed2bc8f57d54b659b7fb4333e5099d68?s=96&d=mm&r=g\",\"caption\":\"Lorena Gonz\u00e1lez Bosc\u00f3\"},\"sameAs\":[\"http:\/\/www.vivemerida.live\"],\"url\":\"https:\/\/habitacionpropia.mx\/index.php\/author\/lorenagonzalez\/\"}]}<\/script>\n<!-- \/ Yoast SEO plugin. -->","yoast_head_json":{"title":"La ruta de mis libros - Habitaci\u00f3n Propia","robots":{"index":"index","follow":"follow","max-snippet":"max-snippet:-1","max-image-preview":"max-image-preview:large","max-video-preview":"max-video-preview:-1"},"canonical":"https:\/\/habitacionpropia.mx\/index.php\/2025\/05\/07\/la-ruta-de-mis-libros\/","og_locale":"es_MX","og_type":"article","og_title":"La ruta de mis libros - Habitaci\u00f3n Propia","og_description":"Quienes tienen el h\u00e1bito de la lectura, \u00bfse han detenido a pensar c\u00f3mo llega cada libro a sus manos? Esa fue una de las reflexiones que surgieron en una sesi\u00f3n del C\u00edrculo de Lectura de Lunabr\u00ed, al que pertenezco. A partir de ella, hice un recorrido por la forma en que algunos libros llegaron a &hellip;","og_url":"https:\/\/habitacionpropia.mx\/index.php\/2025\/05\/07\/la-ruta-de-mis-libros\/","og_site_name":"Habitaci\u00f3n Propia","article_publisher":"https:\/\/www.facebook.com\/habitacionpropia.mx","article_published_time":"2025-05-07T12:00:00+00:00","og_image":[{"width":851,"height":315,"url":"https:\/\/habitacionpropia.mx\/wp-content\/uploads\/2025\/05\/image-2.png","type":"image\/png"}],"author":"Lorena Gonz\u00e1lez Bosc\u00f3","twitter_card":"summary_large_image","twitter_misc":{"Escrito por":"Lorena Gonz\u00e1lez Bosc\u00f3","Tiempo de lectura":"4 minutos"},"schema":{"@context":"https:\/\/schema.org","@graph":[{"@type":"Article","@id":"https:\/\/habitacionpropia.mx\/index.php\/2025\/05\/07\/la-ruta-de-mis-libros\/#article","isPartOf":{"@id":"https:\/\/habitacionpropia.mx\/index.php\/2025\/05\/07\/la-ruta-de-mis-libros\/"},"author":{"name":"Lorena Gonz\u00e1lez Bosc\u00f3","@id":"https:\/\/habitacionpropia.mx\/#\/schema\/person\/f6c994e2664711fc5fa58a5a0bd516ff"},"headline":"La ruta de mis libros","datePublished":"2025-05-07T12:00:00+00:00","mainEntityOfPage":{"@id":"https:\/\/habitacionpropia.mx\/index.php\/2025\/05\/07\/la-ruta-de-mis-libros\/"},"wordCount":779,"commentCount":0,"publisher":{"@id":"https:\/\/habitacionpropia.mx\/#organization"},"image":{"@id":"https:\/\/habitacionpropia.mx\/index.php\/2025\/05\/07\/la-ruta-de-mis-libros\/#primaryimage"},"thumbnailUrl":"https:\/\/habitacionpropia.mx\/wp-content\/uploads\/2025\/05\/image-2.png","keywords":["c\u00edrculo de lectura","lectura","libros","mujeres","Yucat\u00e1n"],"articleSection":["Literarura","Museo"],"inLanguage":"es","potentialAction":[{"@type":"CommentAction","name":"Comment","target":["https:\/\/habitacionpropia.mx\/index.php\/2025\/05\/07\/la-ruta-de-mis-libros\/#respond"]}]},{"@type":"WebPage","@id":"https:\/\/habitacionpropia.mx\/index.php\/2025\/05\/07\/la-ruta-de-mis-libros\/","url":"https:\/\/habitacionpropia.mx\/index.php\/2025\/05\/07\/la-ruta-de-mis-libros\/","name":"La ruta de mis libros - Habitaci\u00f3n Propia","isPartOf":{"@id":"https:\/\/habitacionpropia.mx\/#website"},"primaryImageOfPage":{"@id":"https:\/\/habitacionpropia.mx\/index.php\/2025\/05\/07\/la-ruta-de-mis-libros\/#primaryimage"},"image":{"@id":"https:\/\/habitacionpropia.mx\/index.php\/2025\/05\/07\/la-ruta-de-mis-libros\/#primaryimage"},"thumbnailUrl":"https:\/\/habitacionpropia.mx\/wp-content\/uploads\/2025\/05\/image-2.png","datePublished":"2025-05-07T12:00:00+00:00","breadcrumb":{"@id":"https:\/\/habitacionpropia.mx\/index.php\/2025\/05\/07\/la-ruta-de-mis-libros\/#breadcrumb"},"inLanguage":"es","potentialAction":[{"@type":"ReadAction","target":["https:\/\/habitacionpropia.mx\/index.php\/2025\/05\/07\/la-ruta-de-mis-libros\/"]}]},{"@type":"ImageObject","inLanguage":"es","@id":"https:\/\/habitacionpropia.mx\/index.php\/2025\/05\/07\/la-ruta-de-mis-libros\/#primaryimage","url":"https:\/\/habitacionpropia.mx\/wp-content\/uploads\/2025\/05\/image-2.png","contentUrl":"https:\/\/habitacionpropia.mx\/wp-content\/uploads\/2025\/05\/image-2.png","width":851,"height":315},{"@type":"BreadcrumbList","@id":"https:\/\/habitacionpropia.mx\/index.php\/2025\/05\/07\/la-ruta-de-mis-libros\/#breadcrumb","itemListElement":[{"@type":"ListItem","position":1,"name":"Inicio","item":"https:\/\/habitacionpropia.mx\/"},{"@type":"ListItem","position":2,"name":"La ruta de mis libros"}]},{"@type":"WebSite","@id":"https:\/\/habitacionpropia.mx\/#website","url":"https:\/\/habitacionpropia.mx\/","name":"Habitaci\u00f3n Propia","description":"","publisher":{"@id":"https:\/\/habitacionpropia.mx\/#organization"},"potentialAction":[{"@type":"SearchAction","target":{"@type":"EntryPoint","urlTemplate":"https:\/\/habitacionpropia.mx\/?s={search_term_string}"},"query-input":{"@type":"PropertyValueSpecification","valueRequired":true,"valueName":"search_term_string"}}],"inLanguage":"es"},{"@type":"Organization","@id":"https:\/\/habitacionpropia.mx\/#organization","name":"Habitaci\u00f3n Propia","url":"https:\/\/habitacionpropia.mx\/","logo":{"@type":"ImageObject","inLanguage":"es","@id":"https:\/\/habitacionpropia.mx\/#\/schema\/logo\/image\/","url":"https:\/\/habitacionpropia.mx\/wp-content\/uploads\/2024\/01\/cropped-Logo-Final-1.png","contentUrl":"https:\/\/habitacionpropia.mx\/wp-content\/uploads\/2024\/01\/cropped-Logo-Final-1.png","width":846,"height":191,"caption":"Habitaci\u00f3n Propia"},"image":{"@id":"https:\/\/habitacionpropia.mx\/#\/schema\/logo\/image\/"},"sameAs":["https:\/\/www.facebook.com\/habitacionpropia.mx","https:\/\/www.instagram.com\/habitacionpropia.mx\/"]},{"@type":"Person","@id":"https:\/\/habitacionpropia.mx\/#\/schema\/person\/f6c994e2664711fc5fa58a5a0bd516ff","name":"Lorena Gonz\u00e1lez Bosc\u00f3","image":{"@type":"ImageObject","inLanguage":"es","@id":"https:\/\/habitacionpropia.mx\/#\/schema\/person\/image\/","url":"https:\/\/secure.gravatar.com\/avatar\/3efae72f06b5b592d3607438079c8787ed2bc8f57d54b659b7fb4333e5099d68?s=96&d=mm&r=g","contentUrl":"https:\/\/secure.gravatar.com\/avatar\/3efae72f06b5b592d3607438079c8787ed2bc8f57d54b659b7fb4333e5099d68?s=96&d=mm&r=g","caption":"Lorena Gonz\u00e1lez Bosc\u00f3"},"sameAs":["http:\/\/www.vivemerida.live"],"url":"https:\/\/habitacionpropia.mx\/index.php\/author\/lorenagonzalez\/"}]}},"jetpack_featured_media_url":"https:\/\/habitacionpropia.mx\/wp-content\/uploads\/2025\/05\/image-2.png","jetpack_sharing_enabled":true,"_links":{"self":[{"href":"https:\/\/habitacionpropia.mx\/index.php\/wp-json\/wp\/v2\/posts\/927","targetHints":{"allow":["GET"]}}],"collection":[{"href":"https:\/\/habitacionpropia.mx\/index.php\/wp-json\/wp\/v2\/posts"}],"about":[{"href":"https:\/\/habitacionpropia.mx\/index.php\/wp-json\/wp\/v2\/types\/post"}],"author":[{"embeddable":true,"href":"https:\/\/habitacionpropia.mx\/index.php\/wp-json\/wp\/v2\/users\/3"}],"replies":[{"embeddable":true,"href":"https:\/\/habitacionpropia.mx\/index.php\/wp-json\/wp\/v2\/comments?post=927"}],"version-history":[{"count":1,"href":"https:\/\/habitacionpropia.mx\/index.php\/wp-json\/wp\/v2\/posts\/927\/revisions"}],"predecessor-version":[{"id":928,"href":"https:\/\/habitacionpropia.mx\/index.php\/wp-json\/wp\/v2\/posts\/927\/revisions\/928"}],"wp:featuredmedia":[{"embeddable":true,"href":"https:\/\/habitacionpropia.mx\/index.php\/wp-json\/wp\/v2\/media\/929"}],"wp:attachment":[{"href":"https:\/\/habitacionpropia.mx\/index.php\/wp-json\/wp\/v2\/media?parent=927"}],"wp:term":[{"taxonomy":"category","embeddable":true,"href":"https:\/\/habitacionpropia.mx\/index.php\/wp-json\/wp\/v2\/categories?post=927"},{"taxonomy":"post_tag","embeddable":true,"href":"https:\/\/habitacionpropia.mx\/index.php\/wp-json\/wp\/v2\/tags?post=927"}],"curies":[{"name":"wp","href":"https:\/\/api.w.org\/{rel}","templated":true}]}}